{"id":3400,"date":"2014-09-02T00:03:21","date_gmt":"2014-09-02T03:03:21","guid":{"rendered":"http:\/\/cronicasyversiones.com\/?p=3400"},"modified":"2014-08-31T19:06:07","modified_gmt":"2014-08-31T22:06:07","slug":"arranca-la-tercera-edicion-del-festival-de-teatro-infantil-hugo-midon","status":"publish","type":"post","link":"http:\/\/cronicasyversiones.com\/?p=3400","title":{"rendered":"Arranca la tercera edici\u00f3n del Festival de teatro infantil Hugo Mid\u00f3n"},"content":{"rendered":"<div style=\"padding-bottom:20px; padding-top:10px;\" class=\"hupso-share-buttons\"><!-- Hupso Share Buttons - https:\/\/www.hupso.com\/share\/ --><a class=\"hupso_counters\" href=\"https:\/\/www.hupso.com\/share\/\"><img decoding=\"async\" src=\"http:\/\/static.hupso.com\/share\/buttons\/lang\/es\/share-small.png\" style=\"border:0px; padding-top:2px; float:left;\" alt=\"Share Button\"\/><\/a><script type=\"text\/javascript\">var hupso_services_c=new Array(\"twitter\",\"facebook_like\",\"google\");var hupso_counters_lang = \"es_LA\";var hupso_image_folder_url = \"\";var hupso_twitter_via=\"crsyvrs\";var hupso_url_c=\"\";<\/script><script type=\"text\/javascript\" src=\"http:\/\/static.hupso.com\/share\/js\/counters.js\"><\/script><!-- Hupso Share Buttons --><\/div><h2 style=\"text-align: justify;\">En seis sedes de la Ciudad de Buenos Aires habr\u00e1 espect\u00e1culos de las compa\u00f1\u00edas Los Macocos, Libertablas, La Pipetu\u00e1 y Falsa Escuadra, entre otros.<\/h2>\n<p><a href=\"http:\/\/cronicasyversiones.com\/wp-content\/uploads\/2014\/08\/la-pipetua-424547.-Calderone-Caviglia_chica.jpg\"><img loading=\"lazy\" decoding=\"async\" class=\"wp-image-3401 aligncenter\" src=\"http:\/\/cronicasyversiones.com\/wp-content\/uploads\/2014\/08\/la-pipetua-424547.-Calderone-Caviglia_chica.jpg\" alt=\"la-pipetua-424547. Calderone Caviglia_chica\" width=\"750\" height=\"463\" srcset=\"http:\/\/cronicasyversiones.com\/wp-content\/uploads\/2014\/08\/la-pipetua-424547.-Calderone-Caviglia_chica.jpg 800w, http:\/\/cronicasyversiones.com\/wp-content\/uploads\/2014\/08\/la-pipetua-424547.-Calderone-Caviglia_chica-300x185.jpg 300w, http:\/\/cronicasyversiones.com\/wp-content\/uploads\/2014\/08\/la-pipetua-424547.-Calderone-Caviglia_chica-624x385.jpg 624w\" sizes=\"auto, (max-width: 750px) 100vw, 750px\" \/><\/a><\/p>\n<p style=\"text-align: justify;\">Espect\u00e1culos de las compa\u00f1\u00edas <strong>Los Macocos, Libertablas, La Pipetu\u00e1 y Falsa Escuadra,<\/strong> entre otros, formar\u00e1n parte de la tercera edici\u00f3n del <strong>Festival de teatro infantil Hugo Mid\u00f3n<\/strong>, que se desarrollar\u00e1 desde el 6 hasta el 13 de septiembre, en distintas sedes porte\u00f1as.<\/p>\n<p style=\"text-align: justify;\">En esta oportunidad, habr\u00e1 seis jornadas con espect\u00e1culos de distintas compa\u00f1\u00edas que se ofrecer\u00e1n a escuelas y organizaciones sociales en <strong>Tecn\u00f3polis, en el Hospital Garrahan y en el ECuNHi.<\/strong><\/p>\n<p style=\"text-align: justify;\">Los grupos Falsa Escuadra y La Pipetu\u00e1 y el espect\u00e1culo <em><strong>\u201cMidoneando\u201d,<\/strong><\/em> con textos de Hugo Mid\u00f3n y m\u00fasica de Carlos Gianni, estar\u00e1n a cargo del cierre del festival, que se realizar\u00e1 el s\u00e1bado 13, desde las 14, en el EcuNHi (avenida Del Libertador 8465, Capital), con entrada libre y gratuita.<\/p>\n<p style=\"text-align: justify;\">Tambi\u00e9n, habr\u00e1 presentaciones de libros sobre Mid\u00f3n en el marco del ciclo \u201cEncuentros en la Biblioteca del ECuNHi\u201d, actividades en el espacio del canal Pakapaka, el Movimiento Bochinche y artistas callejeros, entre otras propuestas.<\/p>\n<p style=\"text-align: justify;\">Este festival, declarado de inter\u00e9s cultural por la Secretar\u00eda de Cultura de la Naci\u00f3n, tiene como objetivo construir un \u00e1mbito de contenci\u00f3n para ni\u00f1os y adolescentes, donde el motor del desarrollo individual y grupal sea el arte, adem\u00e1s de rendir homenaje y dar a conocer la obra de Hugo Mid\u00f3n y aportar a la construcci\u00f3n de la memoria colectiva.<\/p>\n<div style=\"padding-bottom:20px; padding-top:10px;\" class=\"hupso-share-buttons\"><!-- Hupso Share Buttons - https:\/\/www.hupso.com\/share\/ --><a class=\"hupso_counters\" href=\"https:\/\/www.hupso.com\/share\/\"><img decoding=\"async\" src=\"http:\/\/static.hupso.com\/share\/buttons\/lang\/es\/share-small.png\" style=\"border:0px; padding-top:2px; float:left;\" alt=\"Share Button\"\/><\/a><script type=\"text\/javascript\">var hupso_services_c=new Array(\"twitter\",\"facebook_like\",\"google\");var hupso_counters_lang = \"es_LA\";var hupso_image_folder_url = \"\";var hupso_twitter_via=\"crsyvrs\";var hupso_url_c=\"\";<\/script><script type=\"text\/javascript\" src=\"http:\/\/static.hupso.com\/share\/js\/counters.js\"><\/script><!-- Hupso Share Buttons --><\/div> ","protected":false},"excerpt":{"rendered":"<div style=\"padding-bottom:20px; padding-top:10px;\" class=\"hupso-share-buttons\"><!-- Hupso Share Buttons - https:\/\/www.hupso.com\/share\/ --><a class=\"hupso_counters\" href=\"https:\/\/www.hupso.com\/share\/\"><img src=\"http:\/\/static.hupso.com\/share\/buttons\/lang\/es\/share-small.png\" style=\"border:0px; padding-top:2px; float:left;\" alt=\"Share Button\"\/><\/a><script type=\"text\/javascript\">var hupso_services_c=new Array(\"twitter\",\"facebook_like\",\"google\");var hupso_counters_lang = \"es_LA\";var hupso_image_folder_url = \"\";var hupso_twitter_via=\"crsyvrs\";var hupso_url_c=\"\";<\/script><script type=\"text\/javascript\" src=\"http:\/\/static.hupso.com\/share\/js\/counters.js\"><\/script><!-- Hupso Share Buttons --><\/div><p>En seis sedes de la Ciudad de Buenos Aires habr\u00e1 espect\u00e1culos de las compa\u00f1\u00edas Los Macocos, Libertablas, La Pipetu\u00e1 y Falsa Escuadra, entre otros. Espect\u00e1culos de las compa\u00f1\u00edas Los Macocos, Libertablas, La Pipetu\u00e1 y Falsa Escuadra, entre otros, formar\u00e1n&#46;&#46;&#46;<\/p>\n<div style=\"padding-bottom:20px; padding-top:10px;\" class=\"hupso-share-buttons\"><!-- Hupso Share Buttons - https:\/\/www.hupso.com\/share\/ --><a class=\"hupso_counters\" href=\"https:\/\/www.hupso.com\/share\/\"><img src=\"http:\/\/static.hupso.com\/share\/buttons\/lang\/es\/share-small.png\" style=\"border:0px; padding-top:2px; float:left;\" alt=\"Share Button\"\/><\/a><script type=\"text\/javascript\">var hupso_services_c=new Array(\"twitter\",\"facebook_like\",\"google\");var hupso_counters_lang = \"es_LA\";var hupso_image_folder_url = \"\";var hupso_twitter_via=\"crsyvrs\";var hupso_url_c=\"\";<\/script><script type=\"text\/javascript\" src=\"http:\/\/static.hupso.com\/share\/js\/counters.js\"><\/script><!-- Hupso Share Buttons --><\/div>","protected":false},"author":5,"featured_media":0,"comment_status":"open","ping_status":"open","sticky":false,"template":"","format":"standard","meta":{"footnotes":""},"categories":[5],"tags":[2712,2708,2711,2710,2709],"class_list":["post-3400","post","type-post","status-publish","format-standard","hentry","category-teatro","tag-falsa-escuadra","tag-hugo-midon","tag-la-pipetua","tag-libertablas","tag-los-macocos"],"_links":{"self":[{"href":"http:\/\/cronicasyversiones.com\/index.php?rest_route=\/wp\/v2\/posts\/3400","targetHints":{"allow":["GET"]}}],"collection":[{"href":"http:\/\/cronicasyversiones.com\/index.php?rest_route=\/wp\/v2\/posts"}],"about":[{"href":"http:\/\/cronicasyversiones.com\/index.php?rest_route=\/wp\/v2\/types\/post"}],"author":[{"embeddable":true,"href":"http:\/\/cronicasyversiones.com\/index.php?rest_route=\/wp\/v2\/users\/5"}],"replies":[{"embeddable":true,"href":"http:\/\/cronicasyversiones.com\/index.php?rest_route=%2Fwp%2Fv2%2Fcomments&post=3400"}],"version-history":[{"count":0,"href":"http:\/\/cronicasyversiones.com\/index.php?rest_route=\/wp\/v2\/posts\/3400\/revisions"}],"wp:attachment":[{"href":"http:\/\/cronicasyversiones.com\/index.php?rest_route=%2Fwp%2Fv2%2Fmedia&parent=3400"}],"wp:term":[{"taxonomy":"category","embeddable":true,"href":"http:\/\/cronicasyversiones.com\/index.php?rest_route=%2Fwp%2Fv2%2Fcategories&post=3400"},{"taxonomy":"post_tag","embeddable":true,"href":"http:\/\/cronicasyversiones.com\/index.php?rest_route=%2Fwp%2Fv2%2Ftags&post=3400"}],"curies":[{"name":"wp","href":"https:\/\/api.w.org\/{rel}","templated":true}]}}