{"id":3407,"date":"2014-09-04T00:00:42","date_gmt":"2014-09-04T03:00:42","guid":{"rendered":"http:\/\/cronicasyversiones.com\/?p=3407"},"modified":"2014-08-31T19:45:05","modified_gmt":"2014-08-31T22:45:05","slug":"la-narracion-oral-toma-a-rosario-durante-septiembre","status":"publish","type":"post","link":"http:\/\/cronicasyversiones.com\/?p=3407","title":{"rendered":"La narraci\u00f3n oral toma a Rosario durante septiembre"},"content":{"rendered":"<div style=\"padding-bottom:20px; padding-top:10px;\" class=\"hupso-share-buttons\"><!-- Hupso Share Buttons - https:\/\/www.hupso.com\/share\/ --><a class=\"hupso_counters\" href=\"https:\/\/www.hupso.com\/share\/\"><img decoding=\"async\" src=\"http:\/\/static.hupso.com\/share\/buttons\/lang\/es\/share-small.png\" style=\"border:0px; padding-top:2px; float:left;\" alt=\"Share Button\"\/><\/a><script type=\"text\/javascript\">var hupso_services_c=new Array(\"twitter\",\"facebook_like\",\"google\");var hupso_counters_lang = \"es_LA\";var hupso_image_folder_url = \"\";var hupso_twitter_via=\"crsyvrs\";var hupso_url_c=\"\";<\/script><script type=\"text\/javascript\" src=\"http:\/\/static.hupso.com\/share\/js\/counters.js\"><\/script><!-- Hupso Share Buttons --><\/div><h2 style=\"text-align: justify;\">El primer Festival de este g\u00e9nero, \u00abQue Rosario Suene a Cuento\u00bb, se desarrollar\u00e1 desde el 4 de septiembre al 30 de octubre en diez sedes diferentes de esa ciudad y contar\u00e1 con la participaci\u00f3n de narradores de toda Latinoam\u00e9rica.<\/h2>\n<p><a href=\"http:\/\/cronicasyversiones.com\/wp-content\/uploads\/2014\/08\/Rosario.jpg\"><img loading=\"lazy\" decoding=\"async\" class=\"wp-image-3408 aligncenter\" src=\"http:\/\/cronicasyversiones.com\/wp-content\/uploads\/2014\/08\/Rosario.jpg\" alt=\"Rosario\" width=\"689\" height=\"461\" srcset=\"http:\/\/cronicasyversiones.com\/wp-content\/uploads\/2014\/08\/Rosario.jpg 960w, http:\/\/cronicasyversiones.com\/wp-content\/uploads\/2014\/08\/Rosario-300x200.jpg 300w, http:\/\/cronicasyversiones.com\/wp-content\/uploads\/2014\/08\/Rosario-624x417.jpg 624w\" sizes=\"auto, (max-width: 689px) 100vw, 689px\" \/><\/a><br \/>\n<em><strong>\u00abQue Rosario Suene a Cuento\u00bb,<\/strong> <\/em>el prime<strong>r Festival de Narraci\u00f3n Oral<\/strong> en esa ciudad, se desarrollar\u00e1 desde el 4 de septiembre al 30 de octubre en diez sedes diferentes, entre bibliotecas, parques, bares y centros culturales, y contar\u00e1 con la participaci\u00f3n de destacados narradores de toda <strong>Latinoam\u00e9rica.<\/strong><\/p>\n<p>Organizado por el<strong> Movimiento Rosarino de Moronao Narraci\u00f3n Oral<\/strong> que lo integran ocho grupos de narradores, este festival tendr\u00e1 talleres, intervenciones y espect\u00e1culos para escuelas y p\u00fablico general, con el objetivo de reunir a grandes y chicos en torno al maravilloso arte de la narraci\u00f3n oral.<\/p>\n<p>Entre los invitados estar\u00e1 la peruana <strong>Flor Canales Bastidas<\/strong>, <strong>Daniel Hern\u00e1ndez,<\/strong> de Colombia; el mendocina <strong>Sergio Mart\u00ednez;<\/strong> la santafesina <strong>Joselina Mart\u00ednez;<\/strong> <strong>Flora Ovalles Villegas<\/strong> de Venezuela y el grupo Son de<strong> Cuento<\/strong>, de Paran\u00e1.<\/p>\n<p>La programaci\u00f3n completa se puede ver en la p\u00e1gina de Facebook, moronaofestival, y en el blog moronao.blogspot.com.<\/p>\n<div style=\"padding-bottom:20px; padding-top:10px;\" class=\"hupso-share-buttons\"><!-- Hupso Share Buttons - https:\/\/www.hupso.com\/share\/ --><a class=\"hupso_counters\" href=\"https:\/\/www.hupso.com\/share\/\"><img decoding=\"async\" src=\"http:\/\/static.hupso.com\/share\/buttons\/lang\/es\/share-small.png\" style=\"border:0px; padding-top:2px; float:left;\" alt=\"Share Button\"\/><\/a><script type=\"text\/javascript\">var hupso_services_c=new Array(\"twitter\",\"facebook_like\",\"google\");var hupso_counters_lang = \"es_LA\";var hupso_image_folder_url = \"\";var hupso_twitter_via=\"crsyvrs\";var hupso_url_c=\"\";<\/script><script type=\"text\/javascript\" src=\"http:\/\/static.hupso.com\/share\/js\/counters.js\"><\/script><!-- Hupso Share Buttons --><\/div> ","protected":false},"excerpt":{"rendered":"<div style=\"padding-bottom:20px; padding-top:10px;\" class=\"hupso-share-buttons\"><!-- Hupso Share Buttons - https:\/\/www.hupso.com\/share\/ --><a class=\"hupso_counters\" href=\"https:\/\/www.hupso.com\/share\/\"><img src=\"http:\/\/static.hupso.com\/share\/buttons\/lang\/es\/share-small.png\" style=\"border:0px; padding-top:2px; float:left;\" alt=\"Share Button\"\/><\/a><script type=\"text\/javascript\">var hupso_services_c=new Array(\"twitter\",\"facebook_like\",\"google\");var hupso_counters_lang = \"es_LA\";var hupso_image_folder_url = \"\";var hupso_twitter_via=\"crsyvrs\";var hupso_url_c=\"\";<\/script><script type=\"text\/javascript\" src=\"http:\/\/static.hupso.com\/share\/js\/counters.js\"><\/script><!-- Hupso Share Buttons --><\/div><p>El primer Festival de este g\u00e9nero, \u00abQue Rosario Suene a Cuento\u00bb, se desarrollar\u00e1 desde el 4 de septiembre al 30 de octubre en diez sedes diferentes de esa ciudad y contar\u00e1 con la participaci\u00f3n de narradores de toda Latinoam\u00e9rica.&#46;&#46;&#46;<\/p>\n<div style=\"padding-bottom:20px; padding-top:10px;\" class=\"hupso-share-buttons\"><!-- Hupso Share Buttons - https:\/\/www.hupso.com\/share\/ --><a class=\"hupso_counters\" href=\"https:\/\/www.hupso.com\/share\/\"><img src=\"http:\/\/static.hupso.com\/share\/buttons\/lang\/es\/share-small.png\" style=\"border:0px; padding-top:2px; float:left;\" alt=\"Share Button\"\/><\/a><script type=\"text\/javascript\">var hupso_services_c=new Array(\"twitter\",\"facebook_like\",\"google\");var hupso_counters_lang = \"es_LA\";var hupso_image_folder_url = \"\";var hupso_twitter_via=\"crsyvrs\";var hupso_url_c=\"\";<\/script><script type=\"text\/javascript\" src=\"http:\/\/static.hupso.com\/share\/js\/counters.js\"><\/script><!-- Hupso Share Buttons --><\/div>","protected":false},"author":5,"featured_media":0,"comment_status":"open","ping_status":"open","sticky":false,"template":"","format":"standard","meta":{"footnotes":""},"categories":[7],"tags":[1280,2718,2719,2717,808],"class_list":["post-3407","post","type-post","status-publish","format-standard","hentry","category-literatura","tag-19o-encuentro-de-narracion-oral-40-veces-cuentos","tag-festival-de-narracion-oral","tag-movimiento-rosarino-de-moronao-narracion-oral","tag-que-rosario-suene-a-cuento","tag-rosario"],"_links":{"self":[{"href":"http:\/\/cronicasyversiones.com\/index.php?rest_route=\/wp\/v2\/posts\/3407","targetHints":{"allow":["GET"]}}],"collection":[{"href":"http:\/\/cronicasyversiones.com\/index.php?rest_route=\/wp\/v2\/posts"}],"about":[{"href":"http:\/\/cronicasyversiones.com\/index.php?rest_route=\/wp\/v2\/types\/post"}],"author":[{"embeddable":true,"href":"http:\/\/cronicasyversiones.com\/index.php?rest_route=\/wp\/v2\/users\/5"}],"replies":[{"embeddable":true,"href":"http:\/\/cronicasyversiones.com\/index.php?rest_route=%2Fwp%2Fv2%2Fcomments&post=3407"}],"version-history":[{"count":0,"href":"http:\/\/cronicasyversiones.com\/index.php?rest_route=\/wp\/v2\/posts\/3407\/revisions"}],"wp:attachment":[{"href":"http:\/\/cronicasyversiones.com\/index.php?rest_route=%2Fwp%2Fv2%2Fmedia&parent=3407"}],"wp:term":[{"taxonomy":"category","embeddable":true,"href":"http:\/\/cronicasyversiones.com\/index.php?rest_route=%2Fwp%2Fv2%2Fcategories&post=3407"},{"taxonomy":"post_tag","embeddable":true,"href":"http:\/\/cronicasyversiones.com\/index.php?rest_route=%2Fwp%2Fv2%2Ftags&post=3407"}],"curies":[{"name":"wp","href":"https:\/\/api.w.org\/{rel}","templated":true}]}}