{"id":34241,"date":"2022-07-15T20:43:12","date_gmt":"2022-07-15T23:43:12","guid":{"rendered":"http:\/\/cronicasyversiones.com\/?p=34241"},"modified":"2022-07-15T20:43:13","modified_gmt":"2022-07-15T23:43:13","slug":"la-oruga-una-serie-sobre-el-trato-abusivo-en-el-teatro","status":"publish","type":"post","link":"http:\/\/cronicasyversiones.com\/?p=34241","title":{"rendered":"\u00abLa oruga\u00bb, una serie sobre el trato abusivo en el teatro"},"content":{"rendered":"<div style=\"padding-bottom:20px; padding-top:10px;\" class=\"hupso-share-buttons\"><!-- Hupso Share Buttons - https:\/\/www.hupso.com\/share\/ --><a class=\"hupso_counters\" href=\"https:\/\/www.hupso.com\/share\/\"><img decoding=\"async\" src=\"http:\/\/static.hupso.com\/share\/buttons\/lang\/es\/share-small.png\" style=\"border:0px; padding-top:2px; float:left;\" alt=\"Share Button\"\/><\/a><script type=\"text\/javascript\">var hupso_services_c=new Array(\"twitter\",\"facebook_like\",\"google\");var hupso_counters_lang = \"es_LA\";var hupso_image_folder_url = \"\";var hupso_twitter_via=\"crsyvrs\";var hupso_url_c=\"\";<\/script><script type=\"text\/javascript\" src=\"http:\/\/static.hupso.com\/share\/js\/counters.js\"><\/script><!-- Hupso Share Buttons --><\/div><h2>Se trata de un thriller psicol\u00f3gico de Luc\u00eda Paz y Emiliano Romero construido a partir de historias reales del mundo teatral.<\/h2>\n<p><img loading=\"lazy\" decoding=\"async\" class=\"size-medium wp-image-34242 aligncenter\" src=\"http:\/\/cronicasyversiones.com\/wp-content\/uploads\/2022\/06\/La-oruga-2-1024x576-1-300x169.png\" alt=\"\" width=\"300\" height=\"169\" srcset=\"http:\/\/cronicasyversiones.com\/wp-content\/uploads\/2022\/06\/La-oruga-2-1024x576-1-300x169.png 300w, http:\/\/cronicasyversiones.com\/wp-content\/uploads\/2022\/06\/La-oruga-2-1024x576-1-768x432.png 768w, http:\/\/cronicasyversiones.com\/wp-content\/uploads\/2022\/06\/La-oruga-2-1024x576-1-520x292.png 520w, http:\/\/cronicasyversiones.com\/wp-content\/uploads\/2022\/06\/La-oruga-2-1024x576-1-720x404.png 720w, http:\/\/cronicasyversiones.com\/wp-content\/uploads\/2022\/06\/La-oruga-2-1024x576-1.png 1024w\" sizes=\"auto, (max-width: 300px) 100vw, 300px\" \/><\/p>\n<p><em><strong>\u201cLa oruga\u201d,<\/strong> <\/em>una serie un clave de thriller psicol\u00f3gico de <strong>Luc\u00eda Paz y Emiliano Romero<\/strong> que aborda el trato abusivo en el teatro, se estrenar\u00e1 el 19 de julio en simult\u00e1neo en <strong>La Biblioteca Nacional y la plataforma Cine.ar.<\/strong><\/p>\n<p>La proyecci\u00f3n ser\u00e1 a las 18.30 en la Biblioteca Nacional (Ag\u00fcero 2502) en el marco del ciclo \u00ab<em><strong>La nave de los sue\u00f1os\u00bb,<\/strong><\/em> mientras que a la misma hora se podr\u00e1 ver por el canal del Instituto de Cine y Artes Audiovisuales.<\/p>\n<p>La serie es dirigida por la guionista y realizadora Luc\u00eda Paz (directora de \u201cUna receta familiar\u201d, \u201cVejeces\u201d &nbsp;y &nbsp;\u201cPalito bomb\u00f3n helado\u201d) y producida por Emiliano Romero (director de &nbsp;\u201cTopos\u201d y \u201cSarah\u201d? y fundador de la Academia Argentina de Actuaci\u00f3n para Cine).<\/p>\n<p><em><strong>\u201cLa oruga\u201d<\/strong> <\/em>es un thriller psicol\u00f3gico construido a partir de historias reales -situaciones tan frecuentes como silenciadas- en las que importantes referentes del campo teatral (en la docencia o la direcci\u00f3n) adoptan un trato abusivo para con sus alumnos o elencos.<\/p>\n<p>El elenco est\u00e1 compuesto por Ascanio Maya, Ayel\u00e9n Porcel, Blanca Gim\u00e9nez, Camila Ni\u00f1e, Emilio De Feo, Fernando Casarin, Horacio Annecca, Jazm\u00edn Jord\u00e1n, Micaela Luna, Peter Carrara y Victoria Rabanal.<\/p>\n<p>Sobre el proyecto, su directora dijo: &nbsp;\u201cSiento que en este caso el objetivo era llevar adelante el taller y aprovechar esa instancia para contar una historia inmersa en el mundo de la actuaci\u00f3n que me interpelaba\u201d.<\/p>\n<div style=\"padding-bottom:20px; padding-top:10px;\" class=\"hupso-share-buttons\"><!-- Hupso Share Buttons - https:\/\/www.hupso.com\/share\/ --><a class=\"hupso_counters\" href=\"https:\/\/www.hupso.com\/share\/\"><img decoding=\"async\" src=\"http:\/\/static.hupso.com\/share\/buttons\/lang\/es\/share-small.png\" style=\"border:0px; padding-top:2px; float:left;\" alt=\"Share Button\"\/><\/a><script type=\"text\/javascript\">var hupso_services_c=new Array(\"twitter\",\"facebook_like\",\"google\");var hupso_counters_lang = \"es_LA\";var hupso_image_folder_url = \"\";var hupso_twitter_via=\"crsyvrs\";var hupso_url_c=\"\";<\/script><script type=\"text\/javascript\" src=\"http:\/\/static.hupso.com\/share\/js\/counters.js\"><\/script><!-- Hupso Share Buttons --><\/div> ","protected":false},"excerpt":{"rendered":"<div style=\"padding-bottom:20px; padding-top:10px;\" class=\"hupso-share-buttons\"><!-- Hupso Share Buttons - https:\/\/www.hupso.com\/share\/ --><a class=\"hupso_counters\" href=\"https:\/\/www.hupso.com\/share\/\"><img src=\"http:\/\/static.hupso.com\/share\/buttons\/lang\/es\/share-small.png\" style=\"border:0px; padding-top:2px; float:left;\" alt=\"Share Button\"\/><\/a><script type=\"text\/javascript\">var hupso_services_c=new Array(\"twitter\",\"facebook_like\",\"google\");var hupso_counters_lang = \"es_LA\";var hupso_image_folder_url = \"\";var hupso_twitter_via=\"crsyvrs\";var hupso_url_c=\"\";<\/script><script type=\"text\/javascript\" src=\"http:\/\/static.hupso.com\/share\/js\/counters.js\"><\/script><!-- Hupso Share Buttons --><\/div><p>Se trata de un thriller psicol\u00f3gico de Luc\u00eda Paz y Emiliano Romero construido a partir de historias reales del mundo teatral. \u201cLa oruga\u201d, una serie un clave de thriller psicol\u00f3gico de Luc\u00eda Paz y Emiliano Romero que aborda el&#46;&#46;&#46;<\/p>\n<div style=\"padding-bottom:20px; padding-top:10px;\" class=\"hupso-share-buttons\"><!-- Hupso Share Buttons - https:\/\/www.hupso.com\/share\/ --><a class=\"hupso_counters\" href=\"https:\/\/www.hupso.com\/share\/\"><img src=\"http:\/\/static.hupso.com\/share\/buttons\/lang\/es\/share-small.png\" style=\"border:0px; padding-top:2px; float:left;\" alt=\"Share Button\"\/><\/a><script type=\"text\/javascript\">var hupso_services_c=new Array(\"twitter\",\"facebook_like\",\"google\");var hupso_counters_lang = \"es_LA\";var hupso_image_folder_url = \"\";var hupso_twitter_via=\"crsyvrs\";var hupso_url_c=\"\";<\/script><script type=\"text\/javascript\" src=\"http:\/\/static.hupso.com\/share\/js\/counters.js\"><\/script><!-- Hupso Share Buttons --><\/div>","protected":false},"author":5,"featured_media":34242,"comment_status":"closed","ping_status":"closed","sticky":false,"template":"","format":"standard","meta":{"footnotes":""},"categories":[6,5],"tags":[],"class_list":["post-34241","post","type-post","status-publish","format-standard","has-post-thumbnail","hentry","category-radio-y-tv","category-teatro"],"_links":{"self":[{"href":"http:\/\/cronicasyversiones.com\/index.php?rest_route=\/wp\/v2\/posts\/34241","targetHints":{"allow":["GET"]}}],"collection":[{"href":"http:\/\/cronicasyversiones.com\/index.php?rest_route=\/wp\/v2\/posts"}],"about":[{"href":"http:\/\/cronicasyversiones.com\/index.php?rest_route=\/wp\/v2\/types\/post"}],"author":[{"embeddable":true,"href":"http:\/\/cronicasyversiones.com\/index.php?rest_route=\/wp\/v2\/users\/5"}],"replies":[{"embeddable":true,"href":"http:\/\/cronicasyversiones.com\/index.php?rest_route=%2Fwp%2Fv2%2Fcomments&post=34241"}],"version-history":[{"count":2,"href":"http:\/\/cronicasyversiones.com\/index.php?rest_route=\/wp\/v2\/posts\/34241\/revisions"}],"predecessor-version":[{"id":34385,"href":"http:\/\/cronicasyversiones.com\/index.php?rest_route=\/wp\/v2\/posts\/34241\/revisions\/34385"}],"wp:featuredmedia":[{"embeddable":true,"href":"http:\/\/cronicasyversiones.com\/index.php?rest_route=\/wp\/v2\/media\/34242"}],"wp:attachment":[{"href":"http:\/\/cronicasyversiones.com\/index.php?rest_route=%2Fwp%2Fv2%2Fmedia&parent=34241"}],"wp:term":[{"taxonomy":"category","embeddable":true,"href":"http:\/\/cronicasyversiones.com\/index.php?rest_route=%2Fwp%2Fv2%2Fcategories&post=34241"},{"taxonomy":"post_tag","embeddable":true,"href":"http:\/\/cronicasyversiones.com\/index.php?rest_route=%2Fwp%2Fv2%2Ftags&post=34241"}],"curies":[{"name":"wp","href":"https:\/\/api.w.org\/{rel}","templated":true}]}}