{"id":34324,"date":"2022-07-10T22:06:40","date_gmt":"2022-07-11T01:06:40","guid":{"rendered":"http:\/\/cronicasyversiones.com\/?p=34324"},"modified":"2022-07-10T22:07:46","modified_gmt":"2022-07-11T01:07:46","slug":"david-lebon-grabo-en-la-vereda-del-sol-con-fabiana-cantilo","status":"publish","type":"post","link":"http:\/\/cronicasyversiones.com\/?p=34324","title":{"rendered":"David Leb\u00f3n grab\u00f3 \u00abEn la vereda del sol\u00bb con Fabiana Cantilo"},"content":{"rendered":"<div style=\"padding-bottom:20px; padding-top:10px;\" class=\"hupso-share-buttons\"><!-- Hupso Share Buttons - https:\/\/www.hupso.com\/share\/ --><a class=\"hupso_counters\" href=\"https:\/\/www.hupso.com\/share\/\"><img decoding=\"async\" src=\"http:\/\/static.hupso.com\/share\/buttons\/lang\/es\/share-small.png\" style=\"border:0px; padding-top:2px; float:left;\" alt=\"Share Button\"\/><\/a><script type=\"text\/javascript\">var hupso_services_c=new Array(\"twitter\",\"facebook_like\",\"google\");var hupso_counters_lang = \"es_LA\";var hupso_image_folder_url = \"\";var hupso_twitter_via=\"crsyvrs\";var hupso_url_c=\"\";<\/script><script type=\"text\/javascript\" src=\"http:\/\/static.hupso.com\/share\/js\/counters.js\"><\/script><!-- Hupso Share Buttons --><\/div><h2>El m\u00fasico revisit\u00f3 uno de los cl\u00e1sicos de Ser\u00fa Gir\u00e1n, que data de 1981, junto con la voz de la notable cantante.<\/h2>\n<p><img loading=\"lazy\" decoding=\"async\" class=\"size-medium wp-image-34325 aligncenter\" src=\"http:\/\/cronicasyversiones.com\/wp-content\/uploads\/2022\/07\/david-300x201.jpg\" alt=\"\" width=\"300\" height=\"201\" srcset=\"http:\/\/cronicasyversiones.com\/wp-content\/uploads\/2022\/07\/david-300x201.jpg 300w, http:\/\/cronicasyversiones.com\/wp-content\/uploads\/2022\/07\/david.jpg 592w\" sizes=\"auto, (max-width: 300px) 100vw, 300px\" \/><\/p>\n<p>Despu\u00e9s de los estrenos de <em><strong>\u201cTiempo sin sue\u00f1os\u201d<\/strong><\/em>, junto a <strong>Conociendo Rusia,<\/strong> y de <em><strong>\u201cEsperando nacer\u201d,<\/strong><\/em> junto a <strong>Vicentico<\/strong>, <strong>David Leb\u00f3n<\/strong> estren\u00f3 una nueva versi\u00f3n del cl\u00e1sico de<strong> Ser\u00fa Gir\u00e1n \u00abEn la vereda del sol\u00bb<\/strong> con la voz invitada de <strong>Fabiana Cantilo.<\/strong><\/p>\n<p>La canci\u00f3n, por la que comparte la co-autor\u00eda con <strong>Charly Garc\u00eda<\/strong> y editada originalmente en el \u00e1lbum<em><strong> \u00abPeperina\u00bb<\/strong> <\/em>de 1981, formar\u00e1 parte de su nuevo \u00e1lbum <em><strong>\u00abLeb\u00f3n &amp; Co. 2\u00bb,<\/strong> <\/em>que ser\u00e1 presentado en varias provincias del pa\u00eds y tendr\u00e1, como broche de oro, un show en el Luna Park el 27 de noviembre.<\/p>\n<p><iframe loading=\"lazy\" title=\"YouTube video player\" src=\"https:\/\/www.youtube.com\/embed\/CO4MYh1nV54\" width=\"560\" height=\"315\" frameborder=\"0\" allowfullscreen=\"allowfullscreen\"><\/iframe><\/p>\n<p>Su estreno lleg\u00f3 a las plataformas junto a un video que registra el encuentro en el estudio de grabaci\u00f3n y que captura nuevamente la esencia de un proyecto guiado por los encuentros musicales entre su anfitri\u00f3n y otros protagonistas de la escena musical.<\/p>\n<p><em><strong>\u201cLeb\u00f3n &amp; Co.\u201d<\/strong><\/em>, publicado en 2019, fue el gran ganador de los Premios Gardel a la M\u00fasica el a\u00f1o siguiente, llev\u00e1ndose el de Oro al \u00c1lbum del A\u00f1o junto a otras tres estatuillas, adem\u00e1s de dos nominaciones a los Latin Grammy.<\/p>\n<p>En aquella obra -que tambi\u00e9n tuvo a Gabriel Pedernera (Eruca Sativa) como productor- estuvieron artistas de la talla de Fito P\u00e1ez, Pedro Aznar, Andr\u00e9s Calamaro y Ricardo Mollo.<\/p>\n<div style=\"padding-bottom:20px; padding-top:10px;\" class=\"hupso-share-buttons\"><!-- Hupso Share Buttons - https:\/\/www.hupso.com\/share\/ --><a class=\"hupso_counters\" href=\"https:\/\/www.hupso.com\/share\/\"><img decoding=\"async\" src=\"http:\/\/static.hupso.com\/share\/buttons\/lang\/es\/share-small.png\" style=\"border:0px; padding-top:2px; float:left;\" alt=\"Share Button\"\/><\/a><script type=\"text\/javascript\">var hupso_services_c=new Array(\"twitter\",\"facebook_like\",\"google\");var hupso_counters_lang = \"es_LA\";var hupso_image_folder_url = \"\";var hupso_twitter_via=\"crsyvrs\";var hupso_url_c=\"\";<\/script><script type=\"text\/javascript\" src=\"http:\/\/static.hupso.com\/share\/js\/counters.js\"><\/script><!-- Hupso Share Buttons --><\/div> ","protected":false},"excerpt":{"rendered":"<div style=\"padding-bottom:20px; padding-top:10px;\" class=\"hupso-share-buttons\"><!-- Hupso Share Buttons - https:\/\/www.hupso.com\/share\/ --><a class=\"hupso_counters\" href=\"https:\/\/www.hupso.com\/share\/\"><img src=\"http:\/\/static.hupso.com\/share\/buttons\/lang\/es\/share-small.png\" style=\"border:0px; padding-top:2px; float:left;\" alt=\"Share Button\"\/><\/a><script type=\"text\/javascript\">var hupso_services_c=new Array(\"twitter\",\"facebook_like\",\"google\");var hupso_counters_lang = \"es_LA\";var hupso_image_folder_url = \"\";var hupso_twitter_via=\"crsyvrs\";var hupso_url_c=\"\";<\/script><script type=\"text\/javascript\" src=\"http:\/\/static.hupso.com\/share\/js\/counters.js\"><\/script><!-- Hupso Share Buttons --><\/div><p>El m\u00fasico revisit\u00f3 uno de los cl\u00e1sicos de Ser\u00fa Gir\u00e1n, que data de 1981, junto con la voz de la notable cantante. Despu\u00e9s de los estrenos de \u201cTiempo sin sue\u00f1os\u201d, junto a Conociendo Rusia, y de \u201cEsperando nacer\u201d, junto&#46;&#46;&#46;<\/p>\n<div style=\"padding-bottom:20px; padding-top:10px;\" class=\"hupso-share-buttons\"><!-- Hupso Share Buttons - https:\/\/www.hupso.com\/share\/ --><a class=\"hupso_counters\" href=\"https:\/\/www.hupso.com\/share\/\"><img src=\"http:\/\/static.hupso.com\/share\/buttons\/lang\/es\/share-small.png\" style=\"border:0px; padding-top:2px; float:left;\" alt=\"Share Button\"\/><\/a><script type=\"text\/javascript\">var hupso_services_c=new Array(\"twitter\",\"facebook_like\",\"google\");var hupso_counters_lang = \"es_LA\";var hupso_image_folder_url = \"\";var hupso_twitter_via=\"crsyvrs\";var hupso_url_c=\"\";<\/script><script type=\"text\/javascript\" src=\"http:\/\/static.hupso.com\/share\/js\/counters.js\"><\/script><!-- Hupso Share Buttons --><\/div>","protected":false},"author":5,"featured_media":34325,"comment_status":"closed","ping_status":"closed","sticky":false,"template":"","format":"standard","meta":{"footnotes":""},"categories":[3],"tags":[1066,6464],"class_list":["post-34324","post","type-post","status-publish","format-standard","has-post-thumbnail","hentry","category-musica","tag-david-lebon","tag-fabiana-cantilo"],"_links":{"self":[{"href":"http:\/\/cronicasyversiones.com\/index.php?rest_route=\/wp\/v2\/posts\/34324","targetHints":{"allow":["GET"]}}],"collection":[{"href":"http:\/\/cronicasyversiones.com\/index.php?rest_route=\/wp\/v2\/posts"}],"about":[{"href":"http:\/\/cronicasyversiones.com\/index.php?rest_route=\/wp\/v2\/types\/post"}],"author":[{"embeddable":true,"href":"http:\/\/cronicasyversiones.com\/index.php?rest_route=\/wp\/v2\/users\/5"}],"replies":[{"embeddable":true,"href":"http:\/\/cronicasyversiones.com\/index.php?rest_route=%2Fwp%2Fv2%2Fcomments&post=34324"}],"version-history":[{"count":2,"href":"http:\/\/cronicasyversiones.com\/index.php?rest_route=\/wp\/v2\/posts\/34324\/revisions"}],"predecessor-version":[{"id":34327,"href":"http:\/\/cronicasyversiones.com\/index.php?rest_route=\/wp\/v2\/posts\/34324\/revisions\/34327"}],"wp:featuredmedia":[{"embeddable":true,"href":"http:\/\/cronicasyversiones.com\/index.php?rest_route=\/wp\/v2\/media\/34325"}],"wp:attachment":[{"href":"http:\/\/cronicasyversiones.com\/index.php?rest_route=%2Fwp%2Fv2%2Fmedia&parent=34324"}],"wp:term":[{"taxonomy":"category","embeddable":true,"href":"http:\/\/cronicasyversiones.com\/index.php?rest_route=%2Fwp%2Fv2%2Fcategories&post=34324"},{"taxonomy":"post_tag","embeddable":true,"href":"http:\/\/cronicasyversiones.com\/index.php?rest_route=%2Fwp%2Fv2%2Ftags&post=34324"}],"curies":[{"name":"wp","href":"https:\/\/api.w.org\/{rel}","templated":true}]}}