{"id":34379,"date":"2022-07-14T19:58:58","date_gmt":"2022-07-14T22:58:58","guid":{"rendered":"http:\/\/cronicasyversiones.com\/?p=34379"},"modified":"2022-07-14T19:58:58","modified_gmt":"2022-07-14T22:58:58","slug":"hallan-un-autorretrato-inedito-de-van-gogh-detras-de-un-cuadro","status":"publish","type":"post","link":"http:\/\/cronicasyversiones.com\/?p=34379","title":{"rendered":"Hallan un autorretrato in\u00e9dito de Van Gogh detr\u00e1s de un cuadro"},"content":{"rendered":"<div style=\"padding-bottom:20px; padding-top:10px;\" class=\"hupso-share-buttons\"><!-- Hupso Share Buttons - https:\/\/www.hupso.com\/share\/ --><a class=\"hupso_counters\" href=\"https:\/\/www.hupso.com\/share\/\"><img decoding=\"async\" src=\"http:\/\/static.hupso.com\/share\/buttons\/lang\/es\/share-small.png\" style=\"border:0px; padding-top:2px; float:left;\" alt=\"Share Button\"\/><\/a><script type=\"text\/javascript\">var hupso_services_c=new Array(\"twitter\",\"facebook_like\",\"google\");var hupso_counters_lang = \"es_LA\";var hupso_image_folder_url = \"\";var hupso_twitter_via=\"crsyvrs\";var hupso_url_c=\"\";<\/script><script type=\"text\/javascript\" src=\"http:\/\/static.hupso.com\/share\/js\/counters.js\"><\/script><!-- Hupso Share Buttons --><\/div><h2>La obra fue encontrada en Escocia detr\u00e1s de otra tela del pintor holand\u00e9s, recubierta por capas de pegamento y cart\u00f3n.<\/h2>\n<p><img loading=\"lazy\" decoding=\"async\" class=\"size-medium wp-image-34380 aligncenter\" src=\"http:\/\/cronicasyversiones.com\/wp-content\/uploads\/2022\/07\/FXqUt97UcAArmGl-300x169.jpg\" alt=\"\" width=\"300\" height=\"169\" srcset=\"http:\/\/cronicasyversiones.com\/wp-content\/uploads\/2022\/07\/FXqUt97UcAArmGl-300x169.jpg 300w, http:\/\/cronicasyversiones.com\/wp-content\/uploads\/2022\/07\/FXqUt97UcAArmGl-520x292.jpg 520w, http:\/\/cronicasyversiones.com\/wp-content\/uploads\/2022\/07\/FXqUt97UcAArmGl-720x404.jpg 720w, http:\/\/cronicasyversiones.com\/wp-content\/uploads\/2022\/07\/FXqUt97UcAArmGl.jpg 680w\" sizes=\"auto, (max-width: 300px) 100vw, 300px\" \/><\/p>\n<p>Un autorretrato in\u00e9dito de<strong> Vincent van Gogh,<\/strong> con su oreja intacta, fue hallado detr\u00e1s de otra tela del pintor holand\u00e9s, inform\u00f3 la <strong>Galer\u00eda Nacional de Escocia en Edimburgo.<\/strong><\/p>\n<p>La obra fue descubierta gracias a un estudio realizado con rayos X de la tela <em><strong>\u00a0\u201cRetrato de una campesina\u201d<\/strong><\/em>, realizado en 1885 por el artista, antes de una exposici\u00f3n sobre el impresionismo en el museo escoc\u00e9s.<\/p>\n<p>El retrato fue hallado en la parte de atr\u00e1s de la tela, recubierto por capas de pegamento y cart\u00f3n, que al parecer hab\u00edan sido colocadas antes de una exposici\u00f3n a principios del siglo XX.<\/p>\n<blockquote><p>\u201cCuando vimos la radiograf\u00eda por primera vez, por supuesto que est\u00e1bamos muy emocionados\u201d, explic\u00f3 Lesley Stevenson, conservadora principal de la Galer\u00eda Nacional de Escocia.<\/p><\/blockquote>\n<p>\u201cMomentos as\u00ed son incre\u00edblemente excepcionales\u201d, dijo por su parte Frances Fowle, conservador de la Galer\u00eda Nacional de Escocia.<\/p>\n<p>\u201cHemos descubierto una obra in\u00e9dita de Vincent van Gogh, uno de los artistas m\u00e1s importantes y m\u00e1s conocidos del mundo\u201d, a\u00f1adi\u00f3.<\/p>\n<p>Van Gogh (1853-1890) es conocido por haber reutilizado las telas para ahorrar dinero y por haber realizado aproximadamente 40 autorretratos en diez a\u00f1os, debido a que muchas veces no contaba con dinero para pagar modelos.<\/p>\n<p>Este autorretrato muestra a un hombre barbudo sentado con un sombrero y un pa\u00f1uelo en el cuello, y su oreja izquierda -que el pintor se cort\u00f3 en 1888- se ve perfectamente.<\/p>\n<p>La obra <em><strong>\u00a0\u201cRetrato de una mujer campesina\u201d<\/strong><\/em> ingres\u00f3 a la colecci\u00f3n de la Galer\u00eda Nacional de Escocia (NGS) en 1960, como parte de un regalo que hizo un destacado abogado de Edimburgo, y esa obra muestra a una mujer del pueblo de Nuenen, en el sur de los Pa\u00edses Bajos, donde el artista vivi\u00f3 desde diciembre de 1883 hasta noviembre de 1885.<\/p>\n<p>Los estudiosos de la obra de Van Gogh creen que el artista pint\u00f3 el autorretrato del otro lado del lienzo m\u00e1s tarde y en un momento clave de su carrera, despu\u00e9s de mudarse a Par\u00eds y exponerse a la obra de los impresionistas franceses.<\/p>\n<p>Este descubrimiento se produjo gracias a los avances en la ciencia y la tecnolog\u00eda y en la mejora de los m\u00e9todos de conservaci\u00f3n que permiten que los expertos eval\u00faen las obras de arte sin da\u00f1arlas.<\/p>\n<p>La obra de Van Gogh no se vendi\u00f3 en vida del artista y su fama lleg\u00f3 despu\u00e9s de su temprana muerte en 1890, cuando solo ten\u00eda 37 a\u00f1os.<\/p>\n<p>La obra descubierta estar\u00e1 expuesta al p\u00fablico en la exposici\u00f3n en Edimburgo, del 30 de julio al 13 de noviembre, donde los visitantes podr\u00e1n ver el cuadro, reproducida por la radiograf\u00eda.<\/p>\n<p>Los conservadores tienen que evaluar ahora c\u00f3mo retirar el pegamento para separar los dos cuadros sin da\u00f1arlos.<\/p>\n<div style=\"padding-bottom:20px; padding-top:10px;\" class=\"hupso-share-buttons\"><!-- Hupso Share Buttons - https:\/\/www.hupso.com\/share\/ --><a class=\"hupso_counters\" href=\"https:\/\/www.hupso.com\/share\/\"><img decoding=\"async\" src=\"http:\/\/static.hupso.com\/share\/buttons\/lang\/es\/share-small.png\" style=\"border:0px; padding-top:2px; float:left;\" alt=\"Share Button\"\/><\/a><script type=\"text\/javascript\">var hupso_services_c=new Array(\"twitter\",\"facebook_like\",\"google\");var hupso_counters_lang = \"es_LA\";var hupso_image_folder_url = \"\";var hupso_twitter_via=\"crsyvrs\";var hupso_url_c=\"\";<\/script><script type=\"text\/javascript\" src=\"http:\/\/static.hupso.com\/share\/js\/counters.js\"><\/script><!-- Hupso Share Buttons --><\/div> ","protected":false},"excerpt":{"rendered":"<div style=\"padding-bottom:20px; padding-top:10px;\" class=\"hupso-share-buttons\"><!-- Hupso Share Buttons - https:\/\/www.hupso.com\/share\/ --><a class=\"hupso_counters\" href=\"https:\/\/www.hupso.com\/share\/\"><img src=\"http:\/\/static.hupso.com\/share\/buttons\/lang\/es\/share-small.png\" style=\"border:0px; padding-top:2px; float:left;\" alt=\"Share Button\"\/><\/a><script type=\"text\/javascript\">var hupso_services_c=new Array(\"twitter\",\"facebook_like\",\"google\");var hupso_counters_lang = \"es_LA\";var hupso_image_folder_url = \"\";var hupso_twitter_via=\"crsyvrs\";var hupso_url_c=\"\";<\/script><script type=\"text\/javascript\" src=\"http:\/\/static.hupso.com\/share\/js\/counters.js\"><\/script><!-- Hupso Share Buttons --><\/div><p>La obra fue encontrada en Escocia detr\u00e1s de otra tela del pintor holand\u00e9s, recubierta por capas de pegamento y cart\u00f3n. Un autorretrato in\u00e9dito de Vincent van Gogh, con su oreja intacta, fue hallado detr\u00e1s de otra tela del pintor&#46;&#46;&#46;<\/p>\n<div style=\"padding-bottom:20px; padding-top:10px;\" class=\"hupso-share-buttons\"><!-- Hupso Share Buttons - https:\/\/www.hupso.com\/share\/ --><a class=\"hupso_counters\" href=\"https:\/\/www.hupso.com\/share\/\"><img src=\"http:\/\/static.hupso.com\/share\/buttons\/lang\/es\/share-small.png\" style=\"border:0px; padding-top:2px; float:left;\" alt=\"Share Button\"\/><\/a><script type=\"text\/javascript\">var hupso_services_c=new Array(\"twitter\",\"facebook_like\",\"google\");var hupso_counters_lang = \"es_LA\";var hupso_image_folder_url = \"\";var hupso_twitter_via=\"crsyvrs\";var hupso_url_c=\"\";<\/script><script type=\"text\/javascript\" src=\"http:\/\/static.hupso.com\/share\/js\/counters.js\"><\/script><!-- Hupso Share Buttons --><\/div>","protected":false},"author":5,"featured_media":34380,"comment_status":"closed","ping_status":"closed","sticky":false,"template":"","format":"standard","meta":{"footnotes":""},"categories":[8],"tags":[976],"class_list":["post-34379","post","type-post","status-publish","format-standard","has-post-thumbnail","hentry","category-artes-plasticas","tag-vincent-van-gogh"],"_links":{"self":[{"href":"http:\/\/cronicasyversiones.com\/index.php?rest_route=\/wp\/v2\/posts\/34379","targetHints":{"allow":["GET"]}}],"collection":[{"href":"http:\/\/cronicasyversiones.com\/index.php?rest_route=\/wp\/v2\/posts"}],"about":[{"href":"http:\/\/cronicasyversiones.com\/index.php?rest_route=\/wp\/v2\/types\/post"}],"author":[{"embeddable":true,"href":"http:\/\/cronicasyversiones.com\/index.php?rest_route=\/wp\/v2\/users\/5"}],"replies":[{"embeddable":true,"href":"http:\/\/cronicasyversiones.com\/index.php?rest_route=%2Fwp%2Fv2%2Fcomments&post=34379"}],"version-history":[{"count":1,"href":"http:\/\/cronicasyversiones.com\/index.php?rest_route=\/wp\/v2\/posts\/34379\/revisions"}],"predecessor-version":[{"id":34381,"href":"http:\/\/cronicasyversiones.com\/index.php?rest_route=\/wp\/v2\/posts\/34379\/revisions\/34381"}],"wp:featuredmedia":[{"embeddable":true,"href":"http:\/\/cronicasyversiones.com\/index.php?rest_route=\/wp\/v2\/media\/34380"}],"wp:attachment":[{"href":"http:\/\/cronicasyversiones.com\/index.php?rest_route=%2Fwp%2Fv2%2Fmedia&parent=34379"}],"wp:term":[{"taxonomy":"category","embeddable":true,"href":"http:\/\/cronicasyversiones.com\/index.php?rest_route=%2Fwp%2Fv2%2Fcategories&post=34379"},{"taxonomy":"post_tag","embeddable":true,"href":"http:\/\/cronicasyversiones.com\/index.php?rest_route=%2Fwp%2Fv2%2Ftags&post=34379"}],"curies":[{"name":"wp","href":"https:\/\/api.w.org\/{rel}","templated":true}]}}