{"id":3447,"date":"2014-09-07T11:35:29","date_gmt":"2014-09-07T14:35:29","guid":{"rendered":"http:\/\/cronicasyversiones.com\/?p=3447"},"modified":"2014-09-07T11:35:51","modified_gmt":"2014-09-07T14:35:51","slug":"supergirl-tendra-su-propia-serie-de-television","status":"publish","type":"post","link":"http:\/\/cronicasyversiones.com\/?p=3447","title":{"rendered":"Supergirl tendr\u00e1 su propia serie de televisi\u00f3n"},"content":{"rendered":"<div style=\"padding-bottom:20px; padding-top:10px;\" class=\"hupso-share-buttons\"><!-- Hupso Share Buttons - https:\/\/www.hupso.com\/share\/ --><a class=\"hupso_counters\" href=\"https:\/\/www.hupso.com\/share\/\"><img decoding=\"async\" src=\"http:\/\/static.hupso.com\/share\/buttons\/lang\/es\/share-small.png\" style=\"border:0px; padding-top:2px; float:left;\" alt=\"Share Button\"\/><\/a><script type=\"text\/javascript\">var hupso_services_c=new Array(\"twitter\",\"facebook_like\",\"google\");var hupso_counters_lang = \"es_LA\";var hupso_image_folder_url = \"\";var hupso_twitter_via=\"crsyvrs\";var hupso_url_c=\"\";<\/script><script type=\"text\/javascript\" src=\"http:\/\/static.hupso.com\/share\/js\/counters.js\"><\/script><!-- Hupso Share Buttons --><\/div><h2 style=\"text-align: justify;\">Esta hero\u00edna nacida en el planeta Krypton y prima de Superman llegar\u00e1 nuevamente a la pantalla chica luego de \u00abSmallville\u00bb, donde Laura Vandervoort fue la encargada de interpretar a este personaje.<\/h2>\n<p style=\"text-align: justify;\"><a href=\"http:\/\/cronicasyversiones.com\/wp-content\/uploads\/2014\/09\/supergir.jpg\"><img loading=\"lazy\" decoding=\"async\" class=\"size-full wp-image-3448 aligncenter\" src=\"http:\/\/cronicasyversiones.com\/wp-content\/uploads\/2014\/09\/supergir.jpg\" alt=\"supergir\" width=\"646\" height=\"373\" srcset=\"http:\/\/cronicasyversiones.com\/wp-content\/uploads\/2014\/09\/supergir.jpg 646w, http:\/\/cronicasyversiones.com\/wp-content\/uploads\/2014\/09\/supergir-300x173.jpg 300w, http:\/\/cronicasyversiones.com\/wp-content\/uploads\/2014\/09\/supergir-624x360.jpg 624w\" sizes=\"auto, (max-width: 646px) 100vw, 646px\" \/><\/a><\/p>\n<p style=\"text-align: justify;\"><strong>DC Comics<\/strong> y <strong>Warner Bros<\/strong> se encuentran desarrollando una serie de televisi\u00f3n basada en <em><strong>\u00abSupergirl\u00bb<\/strong><\/em>, la versi\u00f3n femenina de <strong>Superman<\/strong> y tambi\u00e9n la prima de este personaje y esta ser\u00eda su segunda incursi\u00f3n en la peque\u00f1a chica, luego de la serie <em><strong>\u00abSmallville\u00bb.<\/strong><\/em><\/p>\n<p style=\"text-align: justify;\">Esta nueva aventura de la compa\u00f1\u00eda estar\u00e1 producida por <strong>Greg Berlanti<\/strong>, el creador de <em><strong>\u201cArrow\u201d y \u201cFlash\u201d,<\/strong><\/em> y Ali Adler, de series como \u201cThe New Normal\u201d y \u201cNo Ordinary Family\u201d. Tambi\u00e9n est\u00e1 involucrado Geoff Johns, uno de los escritores creativos de DC.<\/p>\n<p style=\"text-align: justify;\">A\u00fan se desconoce en que cadena saldr\u00e1 al aire esta ficci\u00f3n y <strong>tampoco trascendi\u00f3 el t\u00edtulo del env\u00edo y la identidad de los actores<\/strong> que participar\u00e1n de la serie que explora el mundo de los superh\u00e9roes, seg\u00fan informa Europa Press.<\/p>\n<p style=\"text-align: justify;\">Si el proyecto se concreta, ser\u00eda la segunda incursi\u00f3n de Supergirl en la televis\u00f3n. La primera aparici\u00f3n tuvo lugar en la serie <em><strong>\u00abSmallville\u00bb<\/strong><\/em>, donde <strong>Laura Vandervoort<\/strong> fue la encargada de interpretar a <strong>Kara Zor-El.<\/strong><\/p>\n<p style=\"text-align: justify;\">Supergirl es una superhero\u00edna creada por <strong>Otto Binder<\/strong> y <strong>Al Plastino<\/strong> para DC Comics. Nacida en el planeta <strong>Krypton<\/strong>, donde era conocida como <strong>Kara Zor-El,<\/strong> es uno de los pocos supervivientes de la destrucci\u00f3n del mismo, junto a su primo <strong>Kal-EL<\/strong> (Superman) y, seg\u00fan algunos c\u00f3mics, junto a su hermano Tit\u00e1n (Lerik Zor-El) y sobrina de Jor-L.<\/p>\n<p style=\"text-align: justify;\">Cuando fue encontrada por Kal-L Superman (tierra 2) fue una empresaria llamada <strong>Karen Star,<\/strong> como Power Girl fue miembro de <strong>All Star Squadron y de la Sociedad de la Justicia de Am\u00e9rica<\/strong> antes de ser reclutada para luchar contra Antimonitor en Crisis en Tierras Infinitas sobreviviendo a este enfrentamiento y reintegrada al nuevo reformado universo. Tras este crossover, su origen fue modificado y reconvertida en la nieta del hechicero atlante Arion. Tras los eventos de Crisis Infinita, recupera la memoria de su aut\u00e9ntico origen.<\/p>\n<p>&nbsp;<\/p>\n<div style=\"padding-bottom:20px; padding-top:10px;\" class=\"hupso-share-buttons\"><!-- Hupso Share Buttons - https:\/\/www.hupso.com\/share\/ --><a class=\"hupso_counters\" href=\"https:\/\/www.hupso.com\/share\/\"><img decoding=\"async\" src=\"http:\/\/static.hupso.com\/share\/buttons\/lang\/es\/share-small.png\" style=\"border:0px; padding-top:2px; float:left;\" alt=\"Share Button\"\/><\/a><script type=\"text\/javascript\">var hupso_services_c=new Array(\"twitter\",\"facebook_like\",\"google\");var hupso_counters_lang = \"es_LA\";var hupso_image_folder_url = \"\";var hupso_twitter_via=\"crsyvrs\";var hupso_url_c=\"\";<\/script><script type=\"text\/javascript\" src=\"http:\/\/static.hupso.com\/share\/js\/counters.js\"><\/script><!-- Hupso Share Buttons --><\/div> ","protected":false},"excerpt":{"rendered":"<div style=\"padding-bottom:20px; padding-top:10px;\" class=\"hupso-share-buttons\"><!-- Hupso Share Buttons - https:\/\/www.hupso.com\/share\/ --><a class=\"hupso_counters\" href=\"https:\/\/www.hupso.com\/share\/\"><img src=\"http:\/\/static.hupso.com\/share\/buttons\/lang\/es\/share-small.png\" style=\"border:0px; padding-top:2px; float:left;\" alt=\"Share Button\"\/><\/a><script type=\"text\/javascript\">var hupso_services_c=new Array(\"twitter\",\"facebook_like\",\"google\");var hupso_counters_lang = \"es_LA\";var hupso_image_folder_url = \"\";var hupso_twitter_via=\"crsyvrs\";var hupso_url_c=\"\";<\/script><script type=\"text\/javascript\" src=\"http:\/\/static.hupso.com\/share\/js\/counters.js\"><\/script><!-- Hupso Share Buttons --><\/div><p>Esta hero\u00edna nacida en el planeta Krypton y prima de Superman llegar\u00e1 nuevamente a la pantalla chica luego de \u00abSmallville\u00bb, donde Laura Vandervoort fue la encargada de interpretar a este personaje. DC Comics y Warner Bros se encuentran desarrollando&#46;&#46;&#46;<\/p>\n<div style=\"padding-bottom:20px; padding-top:10px;\" class=\"hupso-share-buttons\"><!-- Hupso Share Buttons - https:\/\/www.hupso.com\/share\/ --><a class=\"hupso_counters\" href=\"https:\/\/www.hupso.com\/share\/\"><img src=\"http:\/\/static.hupso.com\/share\/buttons\/lang\/es\/share-small.png\" style=\"border:0px; padding-top:2px; float:left;\" alt=\"Share Button\"\/><\/a><script type=\"text\/javascript\">var hupso_services_c=new Array(\"twitter\",\"facebook_like\",\"google\");var hupso_counters_lang = \"es_LA\";var hupso_image_folder_url = \"\";var hupso_twitter_via=\"crsyvrs\";var hupso_url_c=\"\";<\/script><script type=\"text\/javascript\" src=\"http:\/\/static.hupso.com\/share\/js\/counters.js\"><\/script><!-- Hupso Share Buttons --><\/div>","protected":false},"author":5,"featured_media":0,"comment_status":"open","ping_status":"open","sticky":false,"template":"","format":"standard","meta":{"footnotes":""},"categories":[6],"tags":[2753,2750,2754,2751,2752,2749,696,2345],"class_list":["post-3447","post","type-post","status-publish","format-standard","hentry","category-radio-y-tv","tag-al-plastino","tag-dc-comics","tag-krypton","tag-laura-vandervoort","tag-otto-binder","tag-supergirl","tag-superman","tag-warner-bros"],"_links":{"self":[{"href":"http:\/\/cronicasyversiones.com\/index.php?rest_route=\/wp\/v2\/posts\/3447","targetHints":{"allow":["GET"]}}],"collection":[{"href":"http:\/\/cronicasyversiones.com\/index.php?rest_route=\/wp\/v2\/posts"}],"about":[{"href":"http:\/\/cronicasyversiones.com\/index.php?rest_route=\/wp\/v2\/types\/post"}],"author":[{"embeddable":true,"href":"http:\/\/cronicasyversiones.com\/index.php?rest_route=\/wp\/v2\/users\/5"}],"replies":[{"embeddable":true,"href":"http:\/\/cronicasyversiones.com\/index.php?rest_route=%2Fwp%2Fv2%2Fcomments&post=3447"}],"version-history":[{"count":0,"href":"http:\/\/cronicasyversiones.com\/index.php?rest_route=\/wp\/v2\/posts\/3447\/revisions"}],"wp:attachment":[{"href":"http:\/\/cronicasyversiones.com\/index.php?rest_route=%2Fwp%2Fv2%2Fmedia&parent=3447"}],"wp:term":[{"taxonomy":"category","embeddable":true,"href":"http:\/\/cronicasyversiones.com\/index.php?rest_route=%2Fwp%2Fv2%2Fcategories&post=3447"},{"taxonomy":"post_tag","embeddable":true,"href":"http:\/\/cronicasyversiones.com\/index.php?rest_route=%2Fwp%2Fv2%2Ftags&post=3447"}],"curies":[{"name":"wp","href":"https:\/\/api.w.org\/{rel}","templated":true}]}}