{"id":34555,"date":"2022-08-11T21:45:35","date_gmt":"2022-08-12T00:45:35","guid":{"rendered":"http:\/\/cronicasyversiones.com\/?p=34555"},"modified":"2022-08-11T21:45:36","modified_gmt":"2022-08-12T00:45:36","slug":"regresa-el-acusticazo-para-celebrar-su-50-aniversario","status":"publish","type":"post","link":"http:\/\/cronicasyversiones.com\/?p=34555","title":{"rendered":"Regresa el \u00abAcusticazo\u00bb para celebrar su 50 aniversario"},"content":{"rendered":"<div style=\"padding-bottom:20px; padding-top:10px;\" class=\"hupso-share-buttons\"><!-- Hupso Share Buttons - https:\/\/www.hupso.com\/share\/ --><a class=\"hupso_counters\" href=\"https:\/\/www.hupso.com\/share\/\"><img decoding=\"async\" src=\"http:\/\/static.hupso.com\/share\/buttons\/lang\/es\/share-small.png\" style=\"border:0px; padding-top:2px; float:left;\" alt=\"Share Button\"\/><\/a><script type=\"text\/javascript\">var hupso_services_c=new Array(\"twitter\",\"facebook_like\",\"google\");var hupso_counters_lang = \"es_LA\";var hupso_image_folder_url = \"\";var hupso_twitter_via=\"crsyvrs\";var hupso_url_c=\"\";<\/script><script type=\"text\/javascript\" src=\"http:\/\/static.hupso.com\/share\/js\/counters.js\"><\/script><!-- Hupso Share Buttons --><\/div><h2>La cita ser\u00e1 en el Auditorio Belgrano y ser\u00e1n de la partida Litto Nebbia, Ricado Soul\u00e9, Ra\u00fal Porchetto y Roque Narvaja.<\/h2>\n<p><img loading=\"lazy\" decoding=\"async\" class=\"size-medium wp-image-34556 aligncenter\" src=\"http:\/\/cronicasyversiones.com\/wp-content\/uploads\/2022\/08\/295864314_605427534283851_6687301248609629743_n-300x193.jpg\" alt=\"\" width=\"300\" height=\"193\" srcset=\"http:\/\/cronicasyversiones.com\/wp-content\/uploads\/2022\/08\/295864314_605427534283851_6687301248609629743_n-300x193.jpg 300w, http:\/\/cronicasyversiones.com\/wp-content\/uploads\/2022\/08\/295864314_605427534283851_6687301248609629743_n-768x495.jpg 768w, http:\/\/cronicasyversiones.com\/wp-content\/uploads\/2022\/08\/295864314_605427534283851_6687301248609629743_n.jpg 960w\" sizes=\"auto, (max-width: 300px) 100vw, 300px\" \/><\/p>\n<p>El <em><strong>\u201cAcusticazo\u201d,<\/strong><\/em> festival fundado en 1972 en el porte\u00f1o cine Atlantic del barrio de Montserrat, con el desaf\u00edo de tocar sin instrumentos el\u00e9ctricos -todo un antecedente de los conciertos \u201cunplugged\u201d-, celebrar\u00e1 sus 50 a\u00f1os de historia el pr\u00f3ximo 20 de agosto a las 21 en el Auditorio Belgrano con <strong>Litto Nebbia, Ricado Soul\u00e9, Ra\u00fal Porchetto y Roque Narvaja<\/strong> como protagonistas.<\/p>\n<p>El encuentro musical reunir\u00e1 a tres generaciones de m\u00fasicos y p\u00fablico en la sala ubicada en Virrey Loreto y avenida Cabildo, del barrio porte\u00f1o de Belgrano, donde actuar\u00e1n otra vez Litto Nebbia y Ra\u00fal Porchetto, a los que se sumar\u00e1n Ricardo Soul\u00e9 y Roque Narvaja junto a otros numerosos m\u00fasicos cl\u00e1sicos y emergentes.<\/p>\n<p>Participar\u00e1n tambi\u00e9n <strong>An\u00edbal Forcada, Claudio Kleiman, Miguel Krochik<\/strong> (otro de los participantes del evento original), Vikingo Martinez, Majo Castro y Santi Vai.<\/p>\n<p>El <em><strong>\u201cAcusticazo\u201d<\/strong><\/em> se realiz\u00f3 el 16 de junio de 1972 en la desaparecida sala de la Avenida Belgrano y Santiago del Estero (donde ahora hay otro edificio) y marc\u00f3 un hecho hist\u00f3rico: se convirti\u00f3 el primer disco grabado en vivo en la historia del rock nacional, una reliquia para coleccionistas y mel\u00f3manos.<\/p>\n<p>En el festival tocaron hace medio siglo Litto Nebbia, Edelmiro Molinari y \u201cdescubri\u00f3\u201d adem\u00e1s a grandes m\u00fasicos entonces emergentes como Le\u00f3n Gieco, Ra\u00fal Porchetto, David Leb\u00f3n. y Gabriela (Gabriela Parodi), entre otras figuras.<\/p>\n<p>El encuentro antol\u00f3gico tuvo su segunda edici\u00f3n el 8 de junio del 2017 en el teatro Gran Rex.<\/p>\n<div style=\"padding-bottom:20px; padding-top:10px;\" class=\"hupso-share-buttons\"><!-- Hupso Share Buttons - https:\/\/www.hupso.com\/share\/ --><a class=\"hupso_counters\" href=\"https:\/\/www.hupso.com\/share\/\"><img decoding=\"async\" src=\"http:\/\/static.hupso.com\/share\/buttons\/lang\/es\/share-small.png\" style=\"border:0px; padding-top:2px; float:left;\" alt=\"Share Button\"\/><\/a><script type=\"text\/javascript\">var hupso_services_c=new Array(\"twitter\",\"facebook_like\",\"google\");var hupso_counters_lang = \"es_LA\";var hupso_image_folder_url = \"\";var hupso_twitter_via=\"crsyvrs\";var hupso_url_c=\"\";<\/script><script type=\"text\/javascript\" src=\"http:\/\/static.hupso.com\/share\/js\/counters.js\"><\/script><!-- Hupso Share Buttons --><\/div> ","protected":false},"excerpt":{"rendered":"<div style=\"padding-bottom:20px; padding-top:10px;\" class=\"hupso-share-buttons\"><!-- Hupso Share Buttons - https:\/\/www.hupso.com\/share\/ --><a class=\"hupso_counters\" href=\"https:\/\/www.hupso.com\/share\/\"><img src=\"http:\/\/static.hupso.com\/share\/buttons\/lang\/es\/share-small.png\" style=\"border:0px; padding-top:2px; float:left;\" alt=\"Share Button\"\/><\/a><script type=\"text\/javascript\">var hupso_services_c=new Array(\"twitter\",\"facebook_like\",\"google\");var hupso_counters_lang = \"es_LA\";var hupso_image_folder_url = \"\";var hupso_twitter_via=\"crsyvrs\";var hupso_url_c=\"\";<\/script><script type=\"text\/javascript\" src=\"http:\/\/static.hupso.com\/share\/js\/counters.js\"><\/script><!-- Hupso Share Buttons --><\/div><p>La cita ser\u00e1 en el Auditorio Belgrano y ser\u00e1n de la partida Litto Nebbia, Ricado Soul\u00e9, Ra\u00fal Porchetto y Roque Narvaja. El \u201cAcusticazo\u201d, festival fundado en 1972 en el porte\u00f1o cine Atlantic del barrio de Montserrat, con el desaf\u00edo&#46;&#46;&#46;<\/p>\n<div style=\"padding-bottom:20px; padding-top:10px;\" class=\"hupso-share-buttons\"><!-- Hupso Share Buttons - https:\/\/www.hupso.com\/share\/ --><a class=\"hupso_counters\" href=\"https:\/\/www.hupso.com\/share\/\"><img src=\"http:\/\/static.hupso.com\/share\/buttons\/lang\/es\/share-small.png\" style=\"border:0px; padding-top:2px; float:left;\" alt=\"Share Button\"\/><\/a><script type=\"text\/javascript\">var hupso_services_c=new Array(\"twitter\",\"facebook_like\",\"google\");var hupso_counters_lang = \"es_LA\";var hupso_image_folder_url = \"\";var hupso_twitter_via=\"crsyvrs\";var hupso_url_c=\"\";<\/script><script type=\"text\/javascript\" src=\"http:\/\/static.hupso.com\/share\/js\/counters.js\"><\/script><!-- Hupso Share Buttons --><\/div>","protected":false},"author":5,"featured_media":34556,"comment_status":"closed","ping_status":"closed","sticky":false,"template":"","format":"standard","meta":{"footnotes":""},"categories":[3],"tags":[1266],"class_list":["post-34555","post","type-post","status-publish","format-standard","has-post-thumbnail","hentry","category-musica","tag-litto-nebbia"],"_links":{"self":[{"href":"http:\/\/cronicasyversiones.com\/index.php?rest_route=\/wp\/v2\/posts\/34555","targetHints":{"allow":["GET"]}}],"collection":[{"href":"http:\/\/cronicasyversiones.com\/index.php?rest_route=\/wp\/v2\/posts"}],"about":[{"href":"http:\/\/cronicasyversiones.com\/index.php?rest_route=\/wp\/v2\/types\/post"}],"author":[{"embeddable":true,"href":"http:\/\/cronicasyversiones.com\/index.php?rest_route=\/wp\/v2\/users\/5"}],"replies":[{"embeddable":true,"href":"http:\/\/cronicasyversiones.com\/index.php?rest_route=%2Fwp%2Fv2%2Fcomments&post=34555"}],"version-history":[{"count":2,"href":"http:\/\/cronicasyversiones.com\/index.php?rest_route=\/wp\/v2\/posts\/34555\/revisions"}],"predecessor-version":[{"id":34606,"href":"http:\/\/cronicasyversiones.com\/index.php?rest_route=\/wp\/v2\/posts\/34555\/revisions\/34606"}],"wp:featuredmedia":[{"embeddable":true,"href":"http:\/\/cronicasyversiones.com\/index.php?rest_route=\/wp\/v2\/media\/34556"}],"wp:attachment":[{"href":"http:\/\/cronicasyversiones.com\/index.php?rest_route=%2Fwp%2Fv2%2Fmedia&parent=34555"}],"wp:term":[{"taxonomy":"category","embeddable":true,"href":"http:\/\/cronicasyversiones.com\/index.php?rest_route=%2Fwp%2Fv2%2Fcategories&post=34555"},{"taxonomy":"post_tag","embeddable":true,"href":"http:\/\/cronicasyversiones.com\/index.php?rest_route=%2Fwp%2Fv2%2Ftags&post=34555"}],"curies":[{"name":"wp","href":"https:\/\/api.w.org\/{rel}","templated":true}]}}