{"id":34652,"date":"2022-08-18T18:33:39","date_gmt":"2022-08-18T21:33:39","guid":{"rendered":"http:\/\/cronicasyversiones.com\/?p=34652"},"modified":"2022-08-19T08:27:41","modified_gmt":"2022-08-19T11:27:41","slug":"rocio-igarzabal-y-mel-muniz-juntas-caja-de-carton","status":"publish","type":"post","link":"http:\/\/cronicasyversiones.com\/?p=34652","title":{"rendered":"Roc\u00edo Igarz\u00e1bal y Mel Mu\u00f1iz, juntas \u00abCaja de Cart\u00f3n\u00bb"},"content":{"rendered":"<div style=\"padding-bottom:20px; padding-top:10px;\" class=\"hupso-share-buttons\"><!-- Hupso Share Buttons - https:\/\/www.hupso.com\/share\/ --><a class=\"hupso_counters\" href=\"https:\/\/www.hupso.com\/share\/\"><img decoding=\"async\" src=\"http:\/\/static.hupso.com\/share\/buttons\/lang\/es\/share-small.png\" style=\"border:0px; padding-top:2px; float:left;\" alt=\"Share Button\"\/><\/a><script type=\"text\/javascript\">var hupso_services_c=new Array(\"twitter\",\"facebook_like\",\"google\");var hupso_counters_lang = \"es_LA\";var hupso_image_folder_url = \"\";var hupso_twitter_via=\"crsyvrs\";var hupso_url_c=\"\";<\/script><script type=\"text\/javascript\" src=\"http:\/\/static.hupso.com\/share\/js\/counters.js\"><\/script><!-- Hupso Share Buttons --><\/div><h2>La cantante encandila la cultura latinoamericana con una intensa colaboraci\u00f3n en su \u00faltimo adelanto.<\/h2>\n<p><img loading=\"lazy\" decoding=\"async\" class=\"size-medium wp-image-34653 aligncenter\" src=\"http:\/\/cronicasyversiones.com\/wp-content\/uploads\/2022\/08\/ro-300x200.jpg\" alt=\"\" width=\"300\" height=\"200\" srcset=\"http:\/\/cronicasyversiones.com\/wp-content\/uploads\/2022\/08\/ro-300x200.jpg 300w, http:\/\/cronicasyversiones.com\/wp-content\/uploads\/2022\/08\/ro-768x512.jpg 768w, http:\/\/cronicasyversiones.com\/wp-content\/uploads\/2022\/08\/ro.jpg 800w\" sizes=\"auto, (max-width: 300px) 100vw, 300px\" \/><\/p>\n<p><em><strong>Roc\u00edo Igarz\u00e1bal<\/strong> <\/em>encandila la cultura latinoamericana con una intensa colaboraci\u00f3n junto a<strong> Mel Mu\u00f1iz<\/strong> a ra\u00edz de su \u00faltimo adelanto: <em><strong>\u00abCaja de Cart\u00f3n\u00bb.<\/strong><\/em><\/p>\n<blockquote><p>\u00abEs una canci\u00f3n vestida de salsa, con un toque de flamenco, que la vuelve profundamente pasional y din\u00e1mica. A trav\u00e9s de su letra, cuenta el momento de una separaci\u00f3n t\u00f3xica representada en una mudanza, de ah\u00ed el t\u00edtulo \u00abCaja de Cart\u00f3n\u00bb y el juego constante entre los objetos de convivencia y la desesperaci\u00f3n de terminar\u00bb, cuenta Roc\u00edo.<\/p><\/blockquote>\n<p><iframe loading=\"lazy\" title=\"YouTube video player\" src=\"https:\/\/www.youtube.com\/embed\/XQ37mEroF5M\" width=\"560\" height=\"315\" frameborder=\"0\" allowfullscreen=\"allowfullscreen\"><\/iframe><\/p>\n<p>Para esta oportunidad los instrumentos fueron grabados en simult\u00e1neo junto a la voz. Estas tomas realizadas por Mateo Rodo (productor musical del disco), ten\u00edan el objetivo de captar a flor de piel la esencia y pasi\u00f3n mel\u00f3dica de los ritmos latinos. Adem\u00e1s el videoclip realizado por Juan Cambariere realza el saz\u00f3n fogoso de la canci\u00f3n.<\/p>\n<p><em><strong>\u00abCaja de Cart\u00f3n\u00bb<\/strong><\/em> es el \u00faltimo adelanto que la m\u00fasica y actriz ofrece previo a la salida de su segundo trabajo discogr\u00e1fico<em><strong> \u00abQue Me Hablen de Amor\u00bb.<\/strong><\/em><\/p>\n<p>El mismo estar\u00e1 disponible en todas las plataformas a partir del 8 de septiembre y se podr\u00e1 deleitar en vivo el s\u00e1bado 8 de octubre en La Tangente.<\/p>\n<p>&nbsp;<\/p>\n<div style=\"padding-bottom:20px; padding-top:10px;\" class=\"hupso-share-buttons\"><!-- Hupso Share Buttons - https:\/\/www.hupso.com\/share\/ --><a class=\"hupso_counters\" href=\"https:\/\/www.hupso.com\/share\/\"><img decoding=\"async\" src=\"http:\/\/static.hupso.com\/share\/buttons\/lang\/es\/share-small.png\" style=\"border:0px; padding-top:2px; float:left;\" alt=\"Share Button\"\/><\/a><script type=\"text\/javascript\">var hupso_services_c=new Array(\"twitter\",\"facebook_like\",\"google\");var hupso_counters_lang = \"es_LA\";var hupso_image_folder_url = \"\";var hupso_twitter_via=\"crsyvrs\";var hupso_url_c=\"\";<\/script><script type=\"text\/javascript\" src=\"http:\/\/static.hupso.com\/share\/js\/counters.js\"><\/script><!-- Hupso Share Buttons --><\/div> ","protected":false},"excerpt":{"rendered":"<div style=\"padding-bottom:20px; padding-top:10px;\" class=\"hupso-share-buttons\"><!-- Hupso Share Buttons - https:\/\/www.hupso.com\/share\/ --><a class=\"hupso_counters\" href=\"https:\/\/www.hupso.com\/share\/\"><img src=\"http:\/\/static.hupso.com\/share\/buttons\/lang\/es\/share-small.png\" style=\"border:0px; padding-top:2px; float:left;\" alt=\"Share Button\"\/><\/a><script type=\"text\/javascript\">var hupso_services_c=new Array(\"twitter\",\"facebook_like\",\"google\");var hupso_counters_lang = \"es_LA\";var hupso_image_folder_url = \"\";var hupso_twitter_via=\"crsyvrs\";var hupso_url_c=\"\";<\/script><script type=\"text\/javascript\" src=\"http:\/\/static.hupso.com\/share\/js\/counters.js\"><\/script><!-- Hupso Share Buttons --><\/div><p>La cantante encandila la cultura latinoamericana con una intensa colaboraci\u00f3n en su \u00faltimo adelanto. Roc\u00edo Igarz\u00e1bal encandila la cultura latinoamericana con una intensa colaboraci\u00f3n junto a Mel Mu\u00f1iz a ra\u00edz de su \u00faltimo adelanto: \u00abCaja de Cart\u00f3n\u00bb. \u00abEs una&#46;&#46;&#46;<\/p>\n<div style=\"padding-bottom:20px; padding-top:10px;\" class=\"hupso-share-buttons\"><!-- Hupso Share Buttons - https:\/\/www.hupso.com\/share\/ --><a class=\"hupso_counters\" href=\"https:\/\/www.hupso.com\/share\/\"><img src=\"http:\/\/static.hupso.com\/share\/buttons\/lang\/es\/share-small.png\" style=\"border:0px; padding-top:2px; float:left;\" alt=\"Share Button\"\/><\/a><script type=\"text\/javascript\">var hupso_services_c=new Array(\"twitter\",\"facebook_like\",\"google\");var hupso_counters_lang = \"es_LA\";var hupso_image_folder_url = \"\";var hupso_twitter_via=\"crsyvrs\";var hupso_url_c=\"\";<\/script><script type=\"text\/javascript\" src=\"http:\/\/static.hupso.com\/share\/js\/counters.js\"><\/script><!-- Hupso Share Buttons --><\/div>","protected":false},"author":5,"featured_media":34653,"comment_status":"closed","ping_status":"closed","sticky":false,"template":"","format":"standard","meta":{"footnotes":""},"categories":[3],"tags":[],"class_list":["post-34652","post","type-post","status-publish","format-standard","has-post-thumbnail","hentry","category-musica"],"_links":{"self":[{"href":"http:\/\/cronicasyversiones.com\/index.php?rest_route=\/wp\/v2\/posts\/34652","targetHints":{"allow":["GET"]}}],"collection":[{"href":"http:\/\/cronicasyversiones.com\/index.php?rest_route=\/wp\/v2\/posts"}],"about":[{"href":"http:\/\/cronicasyversiones.com\/index.php?rest_route=\/wp\/v2\/types\/post"}],"author":[{"embeddable":true,"href":"http:\/\/cronicasyversiones.com\/index.php?rest_route=\/wp\/v2\/users\/5"}],"replies":[{"embeddable":true,"href":"http:\/\/cronicasyversiones.com\/index.php?rest_route=%2Fwp%2Fv2%2Fcomments&post=34652"}],"version-history":[{"count":2,"href":"http:\/\/cronicasyversiones.com\/index.php?rest_route=\/wp\/v2\/posts\/34652\/revisions"}],"predecessor-version":[{"id":34658,"href":"http:\/\/cronicasyversiones.com\/index.php?rest_route=\/wp\/v2\/posts\/34652\/revisions\/34658"}],"wp:featuredmedia":[{"embeddable":true,"href":"http:\/\/cronicasyversiones.com\/index.php?rest_route=\/wp\/v2\/media\/34653"}],"wp:attachment":[{"href":"http:\/\/cronicasyversiones.com\/index.php?rest_route=%2Fwp%2Fv2%2Fmedia&parent=34652"}],"wp:term":[{"taxonomy":"category","embeddable":true,"href":"http:\/\/cronicasyversiones.com\/index.php?rest_route=%2Fwp%2Fv2%2Fcategories&post=34652"},{"taxonomy":"post_tag","embeddable":true,"href":"http:\/\/cronicasyversiones.com\/index.php?rest_route=%2Fwp%2Fv2%2Ftags&post=34652"}],"curies":[{"name":"wp","href":"https:\/\/api.w.org\/{rel}","templated":true}]}}