{"id":35078,"date":"2022-10-16T09:02:56","date_gmt":"2022-10-16T12:02:56","guid":{"rendered":"http:\/\/cronicasyversiones.com\/?p=35078"},"modified":"2022-10-16T09:02:57","modified_gmt":"2022-10-16T12:02:57","slug":"arranca-una-nueva-edicion-del-san-isidro-jazz-y-mas","status":"publish","type":"post","link":"http:\/\/cronicasyversiones.com\/?p=35078","title":{"rendered":"Arranca una nueva edici\u00f3n del \u00abSan Isidro Jazz y M\u00e1s\u00bb"},"content":{"rendered":"<div style=\"padding-bottom:20px; padding-top:10px;\" class=\"hupso-share-buttons\"><!-- Hupso Share Buttons - https:\/\/www.hupso.com\/share\/ --><a class=\"hupso_counters\" href=\"https:\/\/www.hupso.com\/share\/\"><img decoding=\"async\" src=\"http:\/\/static.hupso.com\/share\/buttons\/lang\/es\/share-small.png\" style=\"border:0px; padding-top:2px; float:left;\" alt=\"Share Button\"\/><\/a><script type=\"text\/javascript\">var hupso_services_c=new Array(\"twitter\",\"facebook_like\",\"google\");var hupso_counters_lang = \"es_LA\";var hupso_image_folder_url = \"\";var hupso_twitter_via=\"crsyvrs\";var hupso_url_c=\"\";<\/script><script type=\"text\/javascript\" src=\"http:\/\/static.hupso.com\/share\/js\/counters.js\"><\/script><!-- Hupso Share Buttons --><\/div><h2>El encuentro tendr\u00e1 m\u00e1s de 40 artistas en escena, incluyendo al trompetista de B.B. King &nbsp;y varias figuras de la escena local.<\/h2>\n<p><img loading=\"lazy\" decoding=\"async\" class=\"size-full wp-image-35079 aligncenter\" src=\"http:\/\/cronicasyversiones.com\/wp-content\/uploads\/2022\/10\/descarga-2.jpg\" alt=\"\" width=\"289\" height=\"175\"\/><\/p>\n<p>La 12da. edici\u00f3n del ciclo gratuito<strong> \u00abSan Isidro Jazz y M\u00e1s\u00bb,<\/strong> que contar\u00e1 con la actuaci\u00f3n del estadounidense <strong>James Boogaloo Bolden, el legendario trompetista de B.B. King<\/strong>, adem\u00e1s de la presencia de varias figuras de la escena local, se llevar\u00e1 a cabo desde el mi\u00e9rcoles 19 hasta el s\u00e1bado 22 de octubre en dos museos de esa localidad bonaerense.<\/p>\n<p>Este a\u00f1o el encuentro reunir\u00e1 a cuarenta artistas en dos funciones diarias, a las 20 en el <strong>Museo Pueyrred\u00f3n<\/strong>, ubicado en Rivera Indarte 48; y a las 22 en el <strong>Museo Beccar Varela-Quinta Los Omb\u00faes,<\/strong> en Adri\u00e1n Beccar Varela 774, en San Isidro.<\/p>\n<p>La apertura de esta edici\u00f3n ser\u00e1 en el Museo Pueyrred\u00f3n y estar\u00e1 a cargo de Andr\u00e9s Boiarsky Cuarteto, agrupaci\u00f3n encabezada por el saxofonista que fue director musical de la orquesta de Lionel Hampton e integrante por m\u00e1s de diez a\u00f1os de la big band Dizzy Gillespie All Stars, quien estar\u00e1 acompa\u00f1ado por Hern\u00e1n Jacinto en piano, Flavio Romero en contrabajo, y Fernando Moreno en bater\u00eda.<\/p>\n<p>Luego, en el Museo Beccar Varela se presentar\u00e1<strong> La Sweet Porter (Foto)<\/strong>, con Pen\u00e9lope C\u00faneo y Axel Mark Gotlieb en voces, Santiago Dalman en contrabajo y Tom\u00e1s Seigelshifer en guitarra.<\/p>\n<p>El jueves, en la hist\u00f3rica casa de Juan Mart\u00edn de Pueyrred\u00f3n, actuar\u00e1 Pablo Raposo Cuarteto, y a continuaci\u00f3n en la quinta donde vivi\u00f3 Mariquita S\u00e1nchez de Thompson ser\u00e1 el turno de Vinocio, agrupaci\u00f3n conformada por Lucio Memi (piano Rhodes), Ferm\u00edn Carpena (guitarra), Iv\u00e1n Chapuis (contrabajo-bajo el\u00e9ctrico), Juan Duque (voz\/saxo alto) y Fer Moreno (bater\u00eda).<\/p>\n<p>En tanto, el viernes se presentar\u00e1 el estadounidense James Boogaloo Bolden, quien acompa\u00f1\u00f3 durante m\u00e1s de cuatro d\u00e9cadas a B.B. King y durante su trayectoria comparti\u00f3 escenario con Stevie Wonder, The Temptations, The Supremes, James Brown y Duke Ellington.<\/p>\n<p>El m\u00fasico estar\u00e1 acompa\u00f1ado por Cruxados Blues Band, formada por Nicol\u00e1s Duba (guitarra), Quique Ferrari (bajo), Colo Maddio (bater\u00eda), Federico Torrens (teclados) y Federico \u00c1lvarez (saxo tenor).<\/p>\n<p>M\u00e1s tarde, en el Beccar Varela, actuar\u00e1n Mumi Pearson (voz), Hern\u00e1n&nbsp;Cassibba (contrabajo), Leandro Garc\u00eda de la Maza (piano) y Mart\u00edn Freiberg (bater\u00eda), con un repaso por el repertorio de Sarah Vaughan.<\/p>\n<p>La \u00faltima noche abrir\u00e1 con <strong>URMG<\/strong>, grupo integrado por Juan Cruz de Urquiza (trompeta), Guillermo Romero (piano), Javier Malosetti (bajo) y Oscar Giunta (bater\u00eda).<\/p>\n<p>Mientras que el cierre del encuentro ser\u00e1 en los jardines del Beccar Varela con<strong> Palta and the Mood,<\/strong> banda conformada por Axel Mark, Tom\u00e1s Seigelshifer, Baltazar Clusellas, Rodrigo Balb\u00edn, Juan Ignacio Far\u00edas y Pablo Ramos, que este a\u00f1o abri\u00f3 el show de la m\u00edtica banda Kool &amp; The Gang en el Luna Park.<\/p>\n<p>Por \u00faltimo, esta edici\u00f3n ofrecer\u00e1 dos masterclass gratuitas, una con Boogaloo Bolden y otra con Lucho Pellegrini.<\/p>\n<p>&nbsp;<\/p>\n<div style=\"padding-bottom:20px; padding-top:10px;\" class=\"hupso-share-buttons\"><!-- Hupso Share Buttons - https:\/\/www.hupso.com\/share\/ --><a class=\"hupso_counters\" href=\"https:\/\/www.hupso.com\/share\/\"><img decoding=\"async\" src=\"http:\/\/static.hupso.com\/share\/buttons\/lang\/es\/share-small.png\" style=\"border:0px; padding-top:2px; float:left;\" alt=\"Share Button\"\/><\/a><script type=\"text\/javascript\">var hupso_services_c=new Array(\"twitter\",\"facebook_like\",\"google\");var hupso_counters_lang = \"es_LA\";var hupso_image_folder_url = \"\";var hupso_twitter_via=\"crsyvrs\";var hupso_url_c=\"\";<\/script><script type=\"text\/javascript\" src=\"http:\/\/static.hupso.com\/share\/js\/counters.js\"><\/script><!-- Hupso Share Buttons --><\/div> ","protected":false},"excerpt":{"rendered":"<div style=\"padding-bottom:20px; padding-top:10px;\" class=\"hupso-share-buttons\"><!-- Hupso Share Buttons - https:\/\/www.hupso.com\/share\/ --><a class=\"hupso_counters\" href=\"https:\/\/www.hupso.com\/share\/\"><img src=\"http:\/\/static.hupso.com\/share\/buttons\/lang\/es\/share-small.png\" style=\"border:0px; padding-top:2px; float:left;\" alt=\"Share Button\"\/><\/a><script type=\"text\/javascript\">var hupso_services_c=new Array(\"twitter\",\"facebook_like\",\"google\");var hupso_counters_lang = \"es_LA\";var hupso_image_folder_url = \"\";var hupso_twitter_via=\"crsyvrs\";var hupso_url_c=\"\";<\/script><script type=\"text\/javascript\" src=\"http:\/\/static.hupso.com\/share\/js\/counters.js\"><\/script><!-- Hupso Share Buttons --><\/div><p>El encuentro tendr\u00e1 m\u00e1s de 40 artistas en escena, incluyendo al trompetista de B.B. King &nbsp;y varias figuras de la escena local. La 12da. edici\u00f3n del ciclo gratuito \u00abSan Isidro Jazz y M\u00e1s\u00bb, que contar\u00e1 con la actuaci\u00f3n del&#46;&#46;&#46;<\/p>\n<div style=\"padding-bottom:20px; padding-top:10px;\" class=\"hupso-share-buttons\"><!-- Hupso Share Buttons - https:\/\/www.hupso.com\/share\/ --><a class=\"hupso_counters\" href=\"https:\/\/www.hupso.com\/share\/\"><img src=\"http:\/\/static.hupso.com\/share\/buttons\/lang\/es\/share-small.png\" style=\"border:0px; padding-top:2px; float:left;\" alt=\"Share Button\"\/><\/a><script type=\"text\/javascript\">var hupso_services_c=new Array(\"twitter\",\"facebook_like\",\"google\");var hupso_counters_lang = \"es_LA\";var hupso_image_folder_url = \"\";var hupso_twitter_via=\"crsyvrs\";var hupso_url_c=\"\";<\/script><script type=\"text\/javascript\" src=\"http:\/\/static.hupso.com\/share\/js\/counters.js\"><\/script><!-- Hupso Share Buttons --><\/div>","protected":false},"author":5,"featured_media":35079,"comment_status":"closed","ping_status":"closed","sticky":false,"template":"","format":"standard","meta":{"footnotes":""},"categories":[3],"tags":[262],"class_list":["post-35078","post","type-post","status-publish","format-standard","has-post-thumbnail","hentry","category-musica","tag-jazz"],"_links":{"self":[{"href":"http:\/\/cronicasyversiones.com\/index.php?rest_route=\/wp\/v2\/posts\/35078","targetHints":{"allow":["GET"]}}],"collection":[{"href":"http:\/\/cronicasyversiones.com\/index.php?rest_route=\/wp\/v2\/posts"}],"about":[{"href":"http:\/\/cronicasyversiones.com\/index.php?rest_route=\/wp\/v2\/types\/post"}],"author":[{"embeddable":true,"href":"http:\/\/cronicasyversiones.com\/index.php?rest_route=\/wp\/v2\/users\/5"}],"replies":[{"embeddable":true,"href":"http:\/\/cronicasyversiones.com\/index.php?rest_route=%2Fwp%2Fv2%2Fcomments&post=35078"}],"version-history":[{"count":2,"href":"http:\/\/cronicasyversiones.com\/index.php?rest_route=\/wp\/v2\/posts\/35078\/revisions"}],"predecessor-version":[{"id":35085,"href":"http:\/\/cronicasyversiones.com\/index.php?rest_route=\/wp\/v2\/posts\/35078\/revisions\/35085"}],"wp:featuredmedia":[{"embeddable":true,"href":"http:\/\/cronicasyversiones.com\/index.php?rest_route=\/wp\/v2\/media\/35079"}],"wp:attachment":[{"href":"http:\/\/cronicasyversiones.com\/index.php?rest_route=%2Fwp%2Fv2%2Fmedia&parent=35078"}],"wp:term":[{"taxonomy":"category","embeddable":true,"href":"http:\/\/cronicasyversiones.com\/index.php?rest_route=%2Fwp%2Fv2%2Fcategories&post=35078"},{"taxonomy":"post_tag","embeddable":true,"href":"http:\/\/cronicasyversiones.com\/index.php?rest_route=%2Fwp%2Fv2%2Ftags&post=35078"}],"curies":[{"name":"wp","href":"https:\/\/api.w.org\/{rel}","templated":true}]}}