{"id":35115,"date":"2022-10-23T08:51:03","date_gmt":"2022-10-23T11:51:03","guid":{"rendered":"http:\/\/cronicasyversiones.com\/?p=35115"},"modified":"2022-10-23T08:51:04","modified_gmt":"2022-10-23T11:51:04","slug":"lara-fichera-presenta-en-el-filo-su-nuevo-album","status":"publish","type":"post","link":"http:\/\/cronicasyversiones.com\/?p=35115","title":{"rendered":"Lara Fichera presenta \u201cEn el filo\u201d, su nuevo \u00e1lbum"},"content":{"rendered":"<div style=\"padding-bottom:20px; padding-top:10px;\" class=\"hupso-share-buttons\"><!-- Hupso Share Buttons - https:\/\/www.hupso.com\/share\/ --><a class=\"hupso_counters\" href=\"https:\/\/www.hupso.com\/share\/\"><img decoding=\"async\" src=\"http:\/\/static.hupso.com\/share\/buttons\/lang\/es\/share-small.png\" style=\"border:0px; padding-top:2px; float:left;\" alt=\"Share Button\"\/><\/a><script type=\"text\/javascript\">var hupso_services_c=new Array(\"twitter\",\"facebook_like\",\"google\");var hupso_counters_lang = \"es_LA\";var hupso_image_folder_url = \"\";var hupso_twitter_via=\"crsyvrs\";var hupso_url_c=\"\";<\/script><script type=\"text\/javascript\" src=\"http:\/\/static.hupso.com\/share\/js\/counters.js\"><\/script><!-- Hupso Share Buttons --><\/div><h2>La cantante y contrabajista presenta en Buenos Aires y en La Plata una propuesta de jazz contempor\u00e1neo en formato tr\u00edo.<\/h2>\n<p><img loading=\"lazy\" decoding=\"async\" class=\"size-medium wp-image-35116 aligncenter\" src=\"http:\/\/cronicasyversiones.com\/wp-content\/uploads\/2022\/10\/Lara-300x225.jpg\" alt=\"\" width=\"300\" height=\"225\" srcset=\"http:\/\/cronicasyversiones.com\/wp-content\/uploads\/2022\/10\/Lara-300x225.jpg 300w, http:\/\/cronicasyversiones.com\/wp-content\/uploads\/2022\/10\/Lara-1024x768.jpg 1024w, http:\/\/cronicasyversiones.com\/wp-content\/uploads\/2022\/10\/Lara-768x576.jpg 768w, http:\/\/cronicasyversiones.com\/wp-content\/uploads\/2022\/10\/Lara.jpg 1140w\" sizes=\"auto, (max-width: 300px) 100vw, 300px\" \/><\/p>\n<p><em><strong>\u201cEn el filo\u201d<\/strong><\/em> es el primer \u00e1lbum de la cantante y contrabajista<strong> Lara Fichera,<\/strong> es una propuesta de jazz contempor\u00e1neo en formato tr\u00edo, con <strong>Pablo Bianchetto<\/strong> en bater\u00eda y <strong>Andr\u00e9s Mart\u00ednez<\/strong> en piano y teclado.<\/p>\n<p>Lara presenta este trabajo el s\u00e1bado 26 de noviembre 21 en la Sala Casals &#8211; Sadaic M\u00fasica , en Avenida&nbsp; Corrientes 1660, Paseo La Plaza.<\/p>\n<p><iframe loading=\"lazy\" title=\"YouTube video player\" src=\"https:\/\/www.youtube.com\/embed\/vMuRDP2QEvc\" width=\"560\" height=\"315\" frameborder=\"0\" allowfullscreen=\"allowfullscreen\"><\/iframe><\/p>\n<p>La obra cuenta con arreglos originales y tiene una duraci\u00f3n breve y exacta, acorde a su propuesta conceptual y est\u00e9tica.<\/p>\n<p>Mientras que la ciudad de La Plata tendr\u00e1 otra presentaci\u00f3n el s\u00e1bado 3 de diciembre 21 en Sala 420, Calle 42 entre 6 y 7&nbsp; N\u00famero 571.<\/p>\n<p>Re\u00fane cuatro obras musicales elegidas por la artista: \u201c<strong>In\u00fatil Paisaje\u201d de Tom Jobim, \u201cRound Midnight\u201d de Thelonious Monk, \u201cThe Peacocks\u201d de Jimmy Rowles y \u201cWiegenlied\u201d de Johannes Brahms.<\/strong><\/p>\n<p>La voz protag\u00f3nica de Lara y la est\u00e9tica de la improvisaci\u00f3n propuesta despliegan una atm\u00f3sfera l\u00fadica y emotiva&nbsp; El canto libre&nbsp; y creativo de la artista abre el juego a un di\u00e1logo y exploraci\u00f3n sonora con el contrabajo, el piano, el teclado y la bater\u00eda . Obras que parecieran tener rumbos art\u00edsticos ajenos entre s\u00ed, se ven hilvanadas y hermanadas aqu\u00ed por el c\u00f3digo del Jazz contempor\u00e1neo.<\/p>\n<p>&nbsp;<\/p>\n<blockquote class=\"instagram-media\" style=\"background: #FFF; border: 0; border-radius: 3px; box-shadow: 0 0 1px 0 rgba(0,0,0,0.5),0 1px 10px 0 rgba(0,0,0,0.15); margin: 1px; max-width: 540px; min-width: 326px; padding: 0; width: calc(100% - 2px);\" data-instgrm-captioned=\"\" data-instgrm-permalink=\"https:\/\/www.instagram.com\/reel\/Cj3qee_rlBC\/?utm_source=ig_embed&amp;utm_campaign=loading\" data-instgrm-version=\"14\">\n<div style=\"padding: 16px;\">\n<p>&nbsp;<\/p>\n<div style=\"display: flex; flex-direction: row; align-items: center;\">\n<div style=\"background-color: #f4f4f4; border-radius: 50%; flex-grow: 0; height: 40px; margin-right: 14px; width: 40px;\"><\/div>\n<div style=\"display: flex; flex-direction: column; flex-grow: 1; justify-content: center;\">\n<div style=\"background-color: #f4f4f4; border-radius: 4px; flex-grow: 0; height: 14px; margin-bottom: 6px; width: 100px;\"><\/div>\n<div style=\"background-color: #f4f4f4; border-radius: 4px; flex-grow: 0; height: 14px; width: 60px;\"><\/div>\n<\/div>\n<\/div>\n<div style=\"padding: 19% 0;\"><\/div>\n<div style=\"display: block; height: 50px; margin: 0 auto 12px; width: 50px;\"><\/div>\n<div style=\"padding-top: 8px;\">\n<div style=\"color: #3897f0; font-family: Arial,sans-serif; font-size: 14px; font-style: normal; font-weight: 550; line-height: 18px;\">Ver esta publicaci\u00f3n en Instagram<\/div>\n<\/div>\n<div style=\"padding: 12.5% 0;\"><\/div>\n<div style=\"display: flex; flex-direction: row; margin-bottom: 14px; align-items: center;\">\n<div>\n<div style=\"background-color: #f4f4f4; border-radius: 50%; height: 12.5px; width: 12.5px; transform: translateX(0px) translateY(7px);\"><\/div>\n<div style=\"background-color: #f4f4f4; height: 12.5px; transform: rotate(-45deg) translateX(3px) translateY(1px); width: 12.5px; flex-grow: 0; margin-right: 14px; margin-left: 2px;\"><\/div>\n<div style=\"background-color: #f4f4f4; border-radius: 50%; height: 12.5px; width: 12.5px; transform: translateX(9px) translateY(-18px);\"><\/div>\n<\/div>\n<div style=\"margin-left: 8px;\">\n<div style=\"background-color: #f4f4f4; border-radius: 50%; flex-grow: 0; height: 20px; width: 20px;\"><\/div>\n<div style=\"width: 0; height: 0; border-top: 2px solid transparent; border-left: 6px solid #f4f4f4; border-bottom: 2px solid transparent; transform: translateX(16px) translateY(-4px) rotate(30deg);\"><\/div>\n<\/div>\n<div style=\"margin-left: auto;\">\n<div style=\"width: 0px; border-top: 8px solid #F4F4F4; border-right: 8px solid transparent; transform: translateY(16px);\"><\/div>\n<div style=\"background-color: #f4f4f4; flex-grow: 0; height: 12px; width: 16px; transform: translateY(-4px);\"><\/div>\n<div style=\"width: 0; height: 0; border-top: 8px solid #F4F4F4; border-left: 8px solid transparent; transform: translateY(-4px) translateX(8px);\"><\/div>\n<\/div>\n<\/div>\n<div style=\"display: flex; flex-direction: column; flex-grow: 1; justify-content: center; margin-bottom: 24px;\">\n<div style=\"background-color: #f4f4f4; border-radius: 4px; flex-grow: 0; height: 14px; margin-bottom: 6px; width: 224px;\"><\/div>\n<div style=\"background-color: #f4f4f4; border-radius: 4px; flex-grow: 0; height: 14px; width: 144px;\"><\/div>\n<\/div>\n<p>&nbsp;<\/p>\n<p style=\"color: #c9c8cd; font-family: Arial,sans-serif; font-size: 14px; line-height: 17px; margin-bottom: 0; margin-top: 8px; overflow: hidden; padding: 8px 0 7px; text-align: center; text-overflow: ellipsis; white-space: nowrap;\"><a style=\"color: #c9c8cd; font-family: Arial,sans-serif; font-size: 14px; font-style: normal; font-weight: normal; line-height: 17px; text-decoration: none;\" href=\"https:\/\/www.instagram.com\/reel\/Cj3qee_rlBC\/?utm_source=ig_embed&amp;utm_campaign=loading\" target=\"_blank\" rel=\"noopener\">Una publicaci\u00f3n compartida de Lara Fichera (@larafichera)<\/a><\/p>\n<\/div>\n<\/blockquote>\n<p><script async=\"\" src=\"\/\/www.instagram.com\/embed.js\"><\/script><\/p>\n<p>La claridad expresiva de Lara como vocalista, su inmenso caudal vocal y l\u00fadico despliegan emoci\u00f3n, honestidad, frescura, y sensibilidad.<\/p>\n<blockquote><p>\u201cGrabamos el \u00e1lbum en formato Live Sessions (tocando todos juntos la misma canci\u00f3n en el mismo momento) para captar la esencia de nuestro formato en tr\u00edo, priorizando la honestidad y frescura del momento por sobre las posibilidades de correcci\u00f3n luego de la grabaci\u00f3n. Esa interacci\u00f3n de miradas, escuchas, sorpresas mientras se imprim\u00eda &#8216;En el filo&#8217;&nbsp; gener\u00f3 una atm\u00f3sfera y un estado emocional en nosotros a fin con la propuesta est\u00e9tica y conceptual del \u00e1lbum\u201d.<\/p><\/blockquote>\n<p>La extensa y amplia formaci\u00f3n acad\u00e9mica sumada a sus experiencias de juego musical desde peque\u00f1a hasta hoy en d\u00eda, con sus participaciones en Jams de Jazz, dan a Lara una impronta personal muy admirable y original que explica la raz\u00f3n de ser de su \u00e1lbum.<\/p>\n<div style=\"padding-bottom:20px; padding-top:10px;\" class=\"hupso-share-buttons\"><!-- Hupso Share Buttons - https:\/\/www.hupso.com\/share\/ --><a class=\"hupso_counters\" href=\"https:\/\/www.hupso.com\/share\/\"><img decoding=\"async\" src=\"http:\/\/static.hupso.com\/share\/buttons\/lang\/es\/share-small.png\" style=\"border:0px; padding-top:2px; float:left;\" alt=\"Share Button\"\/><\/a><script type=\"text\/javascript\">var hupso_services_c=new Array(\"twitter\",\"facebook_like\",\"google\");var hupso_counters_lang = \"es_LA\";var hupso_image_folder_url = \"\";var hupso_twitter_via=\"crsyvrs\";var hupso_url_c=\"\";<\/script><script type=\"text\/javascript\" src=\"http:\/\/static.hupso.com\/share\/js\/counters.js\"><\/script><!-- Hupso Share Buttons --><\/div> ","protected":false},"excerpt":{"rendered":"<div style=\"padding-bottom:20px; padding-top:10px;\" class=\"hupso-share-buttons\"><!-- Hupso Share Buttons - https:\/\/www.hupso.com\/share\/ --><a class=\"hupso_counters\" href=\"https:\/\/www.hupso.com\/share\/\"><img src=\"http:\/\/static.hupso.com\/share\/buttons\/lang\/es\/share-small.png\" style=\"border:0px; padding-top:2px; float:left;\" alt=\"Share Button\"\/><\/a><script type=\"text\/javascript\">var hupso_services_c=new Array(\"twitter\",\"facebook_like\",\"google\");var hupso_counters_lang = \"es_LA\";var hupso_image_folder_url = \"\";var hupso_twitter_via=\"crsyvrs\";var hupso_url_c=\"\";<\/script><script type=\"text\/javascript\" src=\"http:\/\/static.hupso.com\/share\/js\/counters.js\"><\/script><!-- Hupso Share Buttons --><\/div><p>La cantante y contrabajista presenta en Buenos Aires y en La Plata una propuesta de jazz contempor\u00e1neo en formato tr\u00edo. \u201cEn el filo\u201d es el primer \u00e1lbum de la cantante y contrabajista Lara Fichera, es una propuesta de jazz&#46;&#46;&#46;<\/p>\n<div style=\"padding-bottom:20px; padding-top:10px;\" class=\"hupso-share-buttons\"><!-- Hupso Share Buttons - https:\/\/www.hupso.com\/share\/ --><a class=\"hupso_counters\" href=\"https:\/\/www.hupso.com\/share\/\"><img src=\"http:\/\/static.hupso.com\/share\/buttons\/lang\/es\/share-small.png\" style=\"border:0px; padding-top:2px; float:left;\" alt=\"Share Button\"\/><\/a><script type=\"text\/javascript\">var hupso_services_c=new Array(\"twitter\",\"facebook_like\",\"google\");var hupso_counters_lang = \"es_LA\";var hupso_image_folder_url = \"\";var hupso_twitter_via=\"crsyvrs\";var hupso_url_c=\"\";<\/script><script type=\"text\/javascript\" src=\"http:\/\/static.hupso.com\/share\/js\/counters.js\"><\/script><!-- Hupso Share Buttons --><\/div>","protected":false},"author":5,"featured_media":35116,"comment_status":"closed","ping_status":"closed","sticky":false,"template":"","format":"standard","meta":{"footnotes":""},"categories":[3],"tags":[262],"class_list":["post-35115","post","type-post","status-publish","format-standard","has-post-thumbnail","hentry","category-musica","tag-jazz"],"_links":{"self":[{"href":"http:\/\/cronicasyversiones.com\/index.php?rest_route=\/wp\/v2\/posts\/35115","targetHints":{"allow":["GET"]}}],"collection":[{"href":"http:\/\/cronicasyversiones.com\/index.php?rest_route=\/wp\/v2\/posts"}],"about":[{"href":"http:\/\/cronicasyversiones.com\/index.php?rest_route=\/wp\/v2\/types\/post"}],"author":[{"embeddable":true,"href":"http:\/\/cronicasyversiones.com\/index.php?rest_route=\/wp\/v2\/users\/5"}],"replies":[{"embeddable":true,"href":"http:\/\/cronicasyversiones.com\/index.php?rest_route=%2Fwp%2Fv2%2Fcomments&post=35115"}],"version-history":[{"count":2,"href":"http:\/\/cronicasyversiones.com\/index.php?rest_route=\/wp\/v2\/posts\/35115\/revisions"}],"predecessor-version":[{"id":35135,"href":"http:\/\/cronicasyversiones.com\/index.php?rest_route=\/wp\/v2\/posts\/35115\/revisions\/35135"}],"wp:featuredmedia":[{"embeddable":true,"href":"http:\/\/cronicasyversiones.com\/index.php?rest_route=\/wp\/v2\/media\/35116"}],"wp:attachment":[{"href":"http:\/\/cronicasyversiones.com\/index.php?rest_route=%2Fwp%2Fv2%2Fmedia&parent=35115"}],"wp:term":[{"taxonomy":"category","embeddable":true,"href":"http:\/\/cronicasyversiones.com\/index.php?rest_route=%2Fwp%2Fv2%2Fcategories&post=35115"},{"taxonomy":"post_tag","embeddable":true,"href":"http:\/\/cronicasyversiones.com\/index.php?rest_route=%2Fwp%2Fv2%2Ftags&post=35115"}],"curies":[{"name":"wp","href":"https:\/\/api.w.org\/{rel}","templated":true}]}}