{"id":3513,"date":"2014-09-11T16:28:06","date_gmt":"2014-09-11T19:28:06","guid":{"rendered":"http:\/\/cronicasyversiones.com\/?p=3513"},"modified":"2014-09-11T16:28:06","modified_gmt":"2014-09-11T19:28:06","slug":"quino-asistira-a-recibir-el-premio-principe-de-asturias","status":"publish","type":"post","link":"http:\/\/cronicasyversiones.com\/?p=3513","title":{"rendered":"Quino asistir\u00e1 a recibir el premio Pr\u00edncipe de Asturias"},"content":{"rendered":"<div style=\"padding-bottom:20px; padding-top:10px;\" class=\"hupso-share-buttons\"><!-- Hupso Share Buttons - https:\/\/www.hupso.com\/share\/ --><a class=\"hupso_counters\" href=\"https:\/\/www.hupso.com\/share\/\"><img decoding=\"async\" src=\"http:\/\/static.hupso.com\/share\/buttons\/lang\/es\/share-small.png\" style=\"border:0px; padding-top:2px; float:left;\" alt=\"Share Button\"\/><\/a><script type=\"text\/javascript\">var hupso_services_c=new Array(\"twitter\",\"facebook_like\",\"google\");var hupso_counters_lang = \"es_LA\";var hupso_image_folder_url = \"\";var hupso_twitter_via=\"crsyvrs\";var hupso_url_c=\"\";<\/script><script type=\"text\/javascript\" src=\"http:\/\/static.hupso.com\/share\/js\/counters.js\"><\/script><!-- Hupso Share Buttons --><\/div><h2 style=\"text-align: justify;\">El pap\u00e1 de Mafalda confirm\u00f3 que viajar\u00e1 el 7 de octubre a la ciudad espa\u00f1ola de Oviedo para recoger el galard\u00f3n y dijo que espera comer tortilla hecha por el Rey Felipe VI.<\/h2>\n<p><a href=\"http:\/\/cronicasyversiones.com\/wp-content\/uploads\/2014\/09\/quino1.jpeg\"><img loading=\"lazy\" decoding=\"async\" class=\"size-full wp-image-3515 aligncenter\" src=\"http:\/\/cronicasyversiones.com\/wp-content\/uploads\/2014\/09\/quino1.jpeg\" alt=\"quino\" width=\"640\" height=\"435\" srcset=\"http:\/\/cronicasyversiones.com\/wp-content\/uploads\/2014\/09\/quino1.jpeg 640w, http:\/\/cronicasyversiones.com\/wp-content\/uploads\/2014\/09\/quino1-300x203.jpeg 300w, http:\/\/cronicasyversiones.com\/wp-content\/uploads\/2014\/09\/quino1-624x424.jpeg 624w\" sizes=\"auto, (max-width: 640px) 100vw, 640px\" \/><\/a><\/p>\n<p><strong>Quino<\/strong> confirm\u00f3 que viajar\u00e1 el 7 de octubre a la ciudad espa\u00f1ola de Oviedo para recibir el <strong>Premio de Comunicaci\u00f3n y Humanidades<\/strong> de manos del <strong>Rey Felipe VI<\/strong> que le fuera concedido en mayo pasado.<\/p>\n<p><strong>\u00abVoy a ir a recoger el premio a Oviedo<\/strong>. Voy el 7 de octubre para all\u00e1\u00bb, asegur\u00f3 el artista gr\u00e1fico durante la muestra de fotograf\u00eda <strong>\u00abAgencia Efe. 75 a\u00f1os en fotos<\/strong>. Homenaje a Latinoam\u00e9rica\u00bb, en el Museo del Banco de la Provincia de Buenos Aires, en la ciudad de Buenos Aires.<\/p>\n<p>El <strong>pap\u00e1 de Mafalda<\/strong> se\u00f1al\u00f3, con humor, que \u00abpor supuesto\u00bb <strong>espera comer una tortilla de papas hecha por el Rey Felipe VI<\/strong> , en tanto, reconoci\u00f3 que \u00e9ste es un a\u00f1o muy especial para \u00e9l ya que, con motivo de cumplirse el 50\u00b0 aniversario de la primera aparici\u00f3n de Mafalda y sus 60 a\u00f1os de trayectoria, recibi\u00f3 todo tipo de homenajes y reconocimientos.<\/p>\n<p>\u00abFui muy agasajado. Francia tambi\u00e9n me dio la Legi\u00f3n de Honor. He sido realmente muy premiado. Estoy un poco sorprendido de tanto\u00bb, confes\u00f3 y destac\u00f3 que \u00ab<strong>El Pr\u00edncipe de Asturias<\/strong> es el que m\u00e1s me gusta de todos porque siempre se lo dan a gente que uno admira much\u00edsimo, como <strong>Daniel Barenboim, Vittorio Gassman, Riccardo Muti<\/strong>. Es un premio fundamentalmente cultural\u00bb.<\/p>\n<p>Apenas se enter\u00f3 de la obtenci\u00f3n del Pr\u00edncipe de Asturias, <strong>Quino<\/strong> cont\u00f3 a los medios argentinos que \u00abreconocimientos como \u00e9ste a uno le hacen pensar que ha hecho cosas que a la gente le gusta y eso da satisfacci\u00f3n\u00bb.<\/p>\n<p>Este galard\u00f3n, que consta de una <strong>escultura dise\u00f1ada por Joan Mir\u00f3, 50.000 euros, un diploma y una insignia<\/strong>, le fue concedido tras imponerse a un total de 22 candidatos, entre los que sonaban el fil\u00f3sofo sevillano Emilio Lled\u00f3; el bi\u00f3logo espa\u00f1ol Francisco Jos\u00e9 Ayala; el sistema de comunicaci\u00f3n por internet Skype; la agencia Magnum de fotograf\u00eda, y el periodista y escritor estadounidense Gay Talese.<\/p>\n<div style=\"padding-bottom:20px; padding-top:10px;\" class=\"hupso-share-buttons\"><!-- Hupso Share Buttons - https:\/\/www.hupso.com\/share\/ --><a class=\"hupso_counters\" href=\"https:\/\/www.hupso.com\/share\/\"><img decoding=\"async\" src=\"http:\/\/static.hupso.com\/share\/buttons\/lang\/es\/share-small.png\" style=\"border:0px; padding-top:2px; float:left;\" alt=\"Share Button\"\/><\/a><script type=\"text\/javascript\">var hupso_services_c=new Array(\"twitter\",\"facebook_like\",\"google\");var hupso_counters_lang = \"es_LA\";var hupso_image_folder_url = \"\";var hupso_twitter_via=\"crsyvrs\";var hupso_url_c=\"\";<\/script><script type=\"text\/javascript\" src=\"http:\/\/static.hupso.com\/share\/js\/counters.js\"><\/script><!-- Hupso Share Buttons --><\/div> ","protected":false},"excerpt":{"rendered":"<div style=\"padding-bottom:20px; padding-top:10px;\" class=\"hupso-share-buttons\"><!-- Hupso Share Buttons - https:\/\/www.hupso.com\/share\/ --><a class=\"hupso_counters\" href=\"https:\/\/www.hupso.com\/share\/\"><img src=\"http:\/\/static.hupso.com\/share\/buttons\/lang\/es\/share-small.png\" style=\"border:0px; padding-top:2px; float:left;\" alt=\"Share Button\"\/><\/a><script type=\"text\/javascript\">var hupso_services_c=new Array(\"twitter\",\"facebook_like\",\"google\");var hupso_counters_lang = \"es_LA\";var hupso_image_folder_url = \"\";var hupso_twitter_via=\"crsyvrs\";var hupso_url_c=\"\";<\/script><script type=\"text\/javascript\" src=\"http:\/\/static.hupso.com\/share\/js\/counters.js\"><\/script><!-- Hupso Share Buttons --><\/div><p>El pap\u00e1 de Mafalda confirm\u00f3 que viajar\u00e1 el 7 de octubre a la ciudad espa\u00f1ola de Oviedo para recoger el galard\u00f3n y dijo que espera comer tortilla hecha por el Rey Felipe VI. Quino confirm\u00f3 que viajar\u00e1 el 7&#46;&#46;&#46;<\/p>\n<div style=\"padding-bottom:20px; padding-top:10px;\" class=\"hupso-share-buttons\"><!-- Hupso Share Buttons - https:\/\/www.hupso.com\/share\/ --><a class=\"hupso_counters\" href=\"https:\/\/www.hupso.com\/share\/\"><img src=\"http:\/\/static.hupso.com\/share\/buttons\/lang\/es\/share-small.png\" style=\"border:0px; padding-top:2px; float:left;\" alt=\"Share Button\"\/><\/a><script type=\"text\/javascript\">var hupso_services_c=new Array(\"twitter\",\"facebook_like\",\"google\");var hupso_counters_lang = \"es_LA\";var hupso_image_folder_url = \"\";var hupso_twitter_via=\"crsyvrs\";var hupso_url_c=\"\";<\/script><script type=\"text\/javascript\" src=\"http:\/\/static.hupso.com\/share\/js\/counters.js\"><\/script><!-- Hupso Share Buttons --><\/div>","protected":false},"author":5,"featured_media":0,"comment_status":"open","ping_status":"open","sticky":false,"template":"","format":"standard","meta":{"footnotes":""},"categories":[2570,9],"tags":[62,2786,850],"class_list":["post-3513","post","type-post","status-publish","format-standard","hentry","category-los-50-anos-de-mafalda","category-sociedad","tag-mafalda","tag-principe-de-arturias","tag-quino"],"_links":{"self":[{"href":"http:\/\/cronicasyversiones.com\/index.php?rest_route=\/wp\/v2\/posts\/3513","targetHints":{"allow":["GET"]}}],"collection":[{"href":"http:\/\/cronicasyversiones.com\/index.php?rest_route=\/wp\/v2\/posts"}],"about":[{"href":"http:\/\/cronicasyversiones.com\/index.php?rest_route=\/wp\/v2\/types\/post"}],"author":[{"embeddable":true,"href":"http:\/\/cronicasyversiones.com\/index.php?rest_route=\/wp\/v2\/users\/5"}],"replies":[{"embeddable":true,"href":"http:\/\/cronicasyversiones.com\/index.php?rest_route=%2Fwp%2Fv2%2Fcomments&post=3513"}],"version-history":[{"count":0,"href":"http:\/\/cronicasyversiones.com\/index.php?rest_route=\/wp\/v2\/posts\/3513\/revisions"}],"wp:attachment":[{"href":"http:\/\/cronicasyversiones.com\/index.php?rest_route=%2Fwp%2Fv2%2Fmedia&parent=3513"}],"wp:term":[{"taxonomy":"category","embeddable":true,"href":"http:\/\/cronicasyversiones.com\/index.php?rest_route=%2Fwp%2Fv2%2Fcategories&post=3513"},{"taxonomy":"post_tag","embeddable":true,"href":"http:\/\/cronicasyversiones.com\/index.php?rest_route=%2Fwp%2Fv2%2Ftags&post=3513"}],"curies":[{"name":"wp","href":"https:\/\/api.w.org\/{rel}","templated":true}]}}