{"id":35635,"date":"2022-12-22T18:23:16","date_gmt":"2022-12-22T21:23:16","guid":{"rendered":"http:\/\/cronicasyversiones.com\/?p=35635"},"modified":"2022-12-22T18:23:16","modified_gmt":"2022-12-22T21:23:16","slug":"el-63-festival-de-folclore-de-cosquin-con-grilla-confirmada","status":"publish","type":"post","link":"http:\/\/cronicasyversiones.com\/?p=35635","title":{"rendered":"El 63\u00b0 Festival de Folclore de Cosqu\u00edn, con grilla confirmada"},"content":{"rendered":"<div style=\"padding-bottom:20px; padding-top:10px;\" class=\"hupso-share-buttons\"><!-- Hupso Share Buttons - https:\/\/www.hupso.com\/share\/ --><a class=\"hupso_counters\" href=\"https:\/\/www.hupso.com\/share\/\"><img decoding=\"async\" src=\"http:\/\/static.hupso.com\/share\/buttons\/lang\/es\/share-small.png\" style=\"border:0px; padding-top:2px; float:left;\" alt=\"Share Button\"\/><\/a><script type=\"text\/javascript\">var hupso_services_c=new Array(\"twitter\",\"facebook_like\",\"google\");var hupso_counters_lang = \"es_LA\";var hupso_image_folder_url = \"\";var hupso_twitter_via=\"crsyvrs\";var hupso_url_c=\"\";<\/script><script type=\"text\/javascript\" src=\"http:\/\/static.hupso.com\/share\/js\/counters.js\"><\/script><!-- Hupso Share Buttons --><\/div><h2>La tradicional cita tendr\u00e1 sus cl\u00e1sicos habitu\u00e9s, una serie de homenajes y una fuerte presencia femenina.<\/h2>\n<p><img loading=\"lazy\" decoding=\"async\" class=\"size-medium wp-image-35636 aligncenter\" src=\"http:\/\/cronicasyversiones.com\/wp-content\/uploads\/2022\/12\/bruja-300x200.jpg\" alt=\"\" width=\"300\" height=\"200\" srcset=\"http:\/\/cronicasyversiones.com\/wp-content\/uploads\/2022\/12\/bruja-300x200.jpg 300w, http:\/\/cronicasyversiones.com\/wp-content\/uploads\/2022\/12\/bruja-1024x683.jpg 1024w, http:\/\/cronicasyversiones.com\/wp-content\/uploads\/2022\/12\/bruja-768x512.jpg 768w, http:\/\/cronicasyversiones.com\/wp-content\/uploads\/2022\/12\/bruja.jpg 1122w\" sizes=\"auto, (max-width: 300px) 100vw, 300px\" \/><\/p>\n<p>Con <strong>Abel Pintos, Soledad, Raly Barrionuevo, Chaque\u00f1o Palavecino, D\u00fao Coplanacu y Jorge Rojas,<\/strong> y &nbsp;el debut del pianista cl\u00e1sico<strong> Horacio Lavandera<\/strong>, el <strong>Festival Nacional de Folclore de Cosqu\u00edn<\/strong> tiene confirmada su grilla con vistas a la 63\u00b0 edici\u00f3n a desarrollarse entre el 21 y el 29 de enero pr\u00f3ximos.<\/p>\n<p>La cita tendr\u00e1 una gran presencia femenina donde se destaca la vuelta de <strong>Nacha Rold\u00e1n, los debuts de Carolina del Carmen Peleritti, Micaela Chauque, Flor Paz y Maggie Cullen<\/strong>, la presencia de La Charo como solista, la Revelaci\u00f3n 2022 Sof\u00eda Assis y el recurrente protagonismo de <strong>Roxana Carabajal, Yamila Cafrune, Bruja Salguero y Luc\u00eda Ceresani.<\/strong><\/p>\n<p>Con el escenario Atahualpa Yupanqui como espacio, Cosqu\u00edn tambi\u00e9n acoger\u00e1 homenajes a los 50 a\u00f1os del fallecimiento de Hern\u00e1n Figueroa Reyes (por medio de su hermano Robustiano, el 21), a los 20 a\u00f1os de la partida de Oscar \u00abCacho\u00bb Valles (a trav\u00e9s de Adri\u00e1n Maggi, el 26) y a los centenarios del poeta Hamlet Lima Quintana (el 22) y a Antonio Tarrag\u00f3 Ros (a cargo de su hijo hom\u00f3nimo, el 25).<\/p>\n<p>&nbsp;<\/p>\n<blockquote class=\"instagram-media\" style=\"background: #FFF; border: 0; border-radius: 3px; box-shadow: 0 0 1px 0 rgba(0,0,0,0.5),0 1px 10px 0 rgba(0,0,0,0.15); margin: 1px; max-width: 540px; min-width: 326px; padding: 0; width: calc(100% - 2px);\" data-instgrm-captioned=\"\" data-instgrm-permalink=\"https:\/\/www.instagram.com\/p\/Cmb4MWtrpFK\/?utm_source=ig_embed&amp;utm_campaign=loading\" data-instgrm-version=\"14\">\n<div style=\"padding: 16px;\">\n<p>&nbsp;<\/p>\n<div style=\"display: flex; flex-direction: row; align-items: center;\">\n<div style=\"background-color: #f4f4f4; border-radius: 50%; flex-grow: 0; height: 40px; margin-right: 14px; width: 40px;\"><\/div>\n<div style=\"display: flex; flex-direction: column; flex-grow: 1; justify-content: center;\">\n<div style=\"background-color: #f4f4f4; border-radius: 4px; flex-grow: 0; height: 14px; margin-bottom: 6px; width: 100px;\"><\/div>\n<div style=\"background-color: #f4f4f4; border-radius: 4px; flex-grow: 0; height: 14px; width: 60px;\"><\/div>\n<\/div>\n<\/div>\n<div style=\"padding: 19% 0;\"><\/div>\n<div style=\"display: block; height: 50px; margin: 0 auto 12px; width: 50px;\"><\/div>\n<div style=\"padding-top: 8px;\">\n<div style=\"color: #3897f0; font-family: Arial,sans-serif; font-size: 14px; font-style: normal; font-weight: 550; line-height: 18px;\">Ver esta publicaci\u00f3n en Instagram<\/div>\n<\/div>\n<div style=\"padding: 12.5% 0;\"><\/div>\n<div style=\"display: flex; flex-direction: row; margin-bottom: 14px; align-items: center;\">\n<div>\n<div style=\"background-color: #f4f4f4; border-radius: 50%; height: 12.5px; width: 12.5px; transform: translateX(0px) translateY(7px);\"><\/div>\n<div style=\"background-color: #f4f4f4; height: 12.5px; transform: rotate(-45deg) translateX(3px) translateY(1px); width: 12.5px; flex-grow: 0; margin-right: 14px; margin-left: 2px;\"><\/div>\n<div style=\"background-color: #f4f4f4; border-radius: 50%; height: 12.5px; width: 12.5px; transform: translateX(9px) translateY(-18px);\"><\/div>\n<\/div>\n<div style=\"margin-left: 8px;\">\n<div style=\"background-color: #f4f4f4; border-radius: 50%; flex-grow: 0; height: 20px; width: 20px;\"><\/div>\n<div style=\"width: 0; height: 0; border-top: 2px solid transparent; border-left: 6px solid #f4f4f4; border-bottom: 2px solid transparent; transform: translateX(16px) translateY(-4px) rotate(30deg);\"><\/div>\n<\/div>\n<div style=\"margin-left: auto;\">\n<div style=\"width: 0px; border-top: 8px solid #F4F4F4; border-right: 8px solid transparent; transform: translateY(16px);\"><\/div>\n<div style=\"background-color: #f4f4f4; flex-grow: 0; height: 12px; width: 16px; transform: translateY(-4px);\"><\/div>\n<div style=\"width: 0; height: 0; border-top: 8px solid #F4F4F4; border-left: 8px solid transparent; transform: translateY(-4px) translateX(8px);\"><\/div>\n<\/div>\n<\/div>\n<div style=\"display: flex; flex-direction: column; flex-grow: 1; justify-content: center; margin-bottom: 24px;\">\n<div style=\"background-color: #f4f4f4; border-radius: 4px; flex-grow: 0; height: 14px; margin-bottom: 6px; width: 224px;\"><\/div>\n<div style=\"background-color: #f4f4f4; border-radius: 4px; flex-grow: 0; height: 14px; width: 144px;\"><\/div>\n<\/div>\n<p>&nbsp;<\/p>\n<p style=\"color: #c9c8cd; font-family: Arial,sans-serif; font-size: 14px; line-height: 17px; margin-bottom: 0; margin-top: 8px; overflow: hidden; padding: 8px 0 7px; text-align: center; text-overflow: ellipsis; white-space: nowrap;\"><a style=\"color: #c9c8cd; font-family: Arial,sans-serif; font-size: 14px; font-style: normal; font-weight: normal; line-height: 17px; text-decoration: none;\" href=\"https:\/\/www.instagram.com\/p\/Cmb4MWtrpFK\/?utm_source=ig_embed&amp;utm_campaign=loading\" target=\"_blank\" rel=\"noopener\">Una publicaci\u00f3n compartida de Cosqu\u00edn Oficial (@cosquinoficial)<\/a><\/p>\n<\/div>\n<\/blockquote>\n<p><script async=\"\" src=\"\/\/www.instagram.com\/embed.js\"><\/script><\/p>\n<p><strong>LA PROGRAMACI\u00d3N<\/strong><\/p>\n<p><strong>S\u00e1bado 21:<\/strong> Himno Nacional Argentino (por el Coro Municipal y la Banda Municipal); \u00abHimno a Cosqu\u00edn\u00bb (por Ballet Camin); Jairo, Juan Fal\u00fa, Horacio Lavandera; Juan Fuentes; Yamila Cafrune; Postales de Provincia (Chaco); Ganador Pre Cosquin 2023; Por Siempre Tucu; Mart\u00edn Paz; Robustiano Figueroa Reyes homenajea a su hermano Hern\u00e1n Figueroa Royas a 50 a\u00f1os de su muerte; El Indio Lucio Rojas.<\/p>\n<p><strong>Domingo 22<\/strong>: \u00abHimno a Cosqu\u00edn\u00bb (por Ballet Camin); La Callejera; Sof\u00eda Assis; Homenaje al centenario de Hamlet Lima Quintana; Postales de Provincia (Tucum\u00e1n y Catamarca); Ganador Pre Cosqu\u00edn 2023; D\u00fao Herederos; Bel\u00e9n Herrera; Orellana-Lucca; Los Carabajal.<\/p>\n<p><strong>Lunes 23:<\/strong> \u00abHimno a Cosqu\u00edn (por Ballet Camin); Facundo Toro; La Charo; Postales de Provincia (Jujuy y C\u00f3rdoba); Micaela Chauque; Ceibo; Guitarreros; Los Tekis; Los Pacheco; Los Caligaris.<\/p>\n<p><strong>Martes 24:<\/strong> \u00abHimno a Cosqu\u00edn\u00bb (por Ballet Camin); \u00abDesde el alma\u00bb (Luis Salinas\u00bbLito Vitale); Mar\u00eda Fernanda Ju\u00e1rez; Carolina Del Carmen Peleritti; Horacio Banegas; Ganador Pre Cosqu\u00edn 2023; Los Alonsitos; Bruno Arias; D\u00fao Coplanacu.<\/p>\n<p><strong>Mi\u00e9rcoles 25:<\/strong> \u00abHimno a Cosqu\u00edn (por Ballet Camin); Destino San Javier; Bruja Salguero; Antonio Tarrago Ros homenajea el centenario de su padre; Gabriel Mac\u00edas; Postales de Provincia (Salta); Ganador Pre Cosqu\u00edn 2023; Los Nocheros; Ahyre.<\/p>\n<p><strong>Jueves 26<\/strong>: \u00abHimno a Cosqu\u00edn\u00bb (por Ballet Camin); Raly Barrionuevo; Roxana Carabajal; Maguie Cullen; Ganador Pre Cosqu\u00edn 2023; Pocho Sosa; Adri\u00e1n Maggi homenaje a Oscar \u00abCacho\u00bb Valles; Coplas del camino real; Cuarteto Kar\u00e9; Jorge Rojas.<\/p>\n<p><strong>Viernes 27:<\/strong> \u00abHimno a Cosqu\u00edn\u00bb (por Ballet Camin); Mario \u00c1lvarez Quiroga; Alma Carpera; Postales de Provincia (La Rioja y Santa Cruz); Ganador Pre Cosqu\u00edn 2023; Eduardo Guajardo; Mar\u00eda Gonz\u00e1lez; Los 4 de C\u00f3rdoba; Sergio Galleguillo; El Chaque\u00f1o Palavecino.<\/p>\n<p><strong>S\u00e1bado 28:<\/strong> \u00abHimno a Cosqu\u00edn\u00bb por conjunto de baile folcl\u00f3rico Pre Cosqu\u00edn 2023; Leandro Lovato; Nacha Rold\u00e1n; Delegaci\u00f3n Jap\u00f3n; Laura Molina\u00bbMagal\u00ed Juarez; Ganador Pre Cosqu\u00edn 2023; Nahuel Pennisi; Ciudadanas; Emiliano Zerbini; Soledad.<\/p>\n<p><strong>Domingo 29:<\/strong> \u00abHimno a Cosqu\u00edn\u00bb (por Ballet Camin); N\u00e9stor Garnica; Postales de Provincia (Santiago del Estero y Santa Fe); Tribhu; Luc\u00eda Ceresani; Flor Paz; Franco Luciani; Abel Pintos.<\/p>\n<div style=\"padding-bottom:20px; padding-top:10px;\" class=\"hupso-share-buttons\"><!-- Hupso Share Buttons - https:\/\/www.hupso.com\/share\/ --><a class=\"hupso_counters\" href=\"https:\/\/www.hupso.com\/share\/\"><img decoding=\"async\" src=\"http:\/\/static.hupso.com\/share\/buttons\/lang\/es\/share-small.png\" style=\"border:0px; padding-top:2px; float:left;\" alt=\"Share Button\"\/><\/a><script type=\"text\/javascript\">var hupso_services_c=new Array(\"twitter\",\"facebook_like\",\"google\");var hupso_counters_lang = \"es_LA\";var hupso_image_folder_url = \"\";var hupso_twitter_via=\"crsyvrs\";var hupso_url_c=\"\";<\/script><script type=\"text\/javascript\" src=\"http:\/\/static.hupso.com\/share\/js\/counters.js\"><\/script><!-- Hupso Share Buttons --><\/div> ","protected":false},"excerpt":{"rendered":"<div style=\"padding-bottom:20px; padding-top:10px;\" class=\"hupso-share-buttons\"><!-- Hupso Share Buttons - https:\/\/www.hupso.com\/share\/ --><a class=\"hupso_counters\" href=\"https:\/\/www.hupso.com\/share\/\"><img src=\"http:\/\/static.hupso.com\/share\/buttons\/lang\/es\/share-small.png\" style=\"border:0px; padding-top:2px; float:left;\" alt=\"Share Button\"\/><\/a><script type=\"text\/javascript\">var hupso_services_c=new Array(\"twitter\",\"facebook_like\",\"google\");var hupso_counters_lang = \"es_LA\";var hupso_image_folder_url = \"\";var hupso_twitter_via=\"crsyvrs\";var hupso_url_c=\"\";<\/script><script type=\"text\/javascript\" src=\"http:\/\/static.hupso.com\/share\/js\/counters.js\"><\/script><!-- Hupso Share Buttons --><\/div><p>La tradicional cita tendr\u00e1 sus cl\u00e1sicos habitu\u00e9s, una serie de homenajes y una fuerte presencia femenina. Con Abel Pintos, Soledad, Raly Barrionuevo, Chaque\u00f1o Palavecino, D\u00fao Coplanacu y Jorge Rojas, y &nbsp;el debut del pianista cl\u00e1sico Horacio Lavandera, el Festival&#46;&#46;&#46;<\/p>\n<div style=\"padding-bottom:20px; padding-top:10px;\" class=\"hupso-share-buttons\"><!-- Hupso Share Buttons - https:\/\/www.hupso.com\/share\/ --><a class=\"hupso_counters\" href=\"https:\/\/www.hupso.com\/share\/\"><img src=\"http:\/\/static.hupso.com\/share\/buttons\/lang\/es\/share-small.png\" style=\"border:0px; padding-top:2px; float:left;\" alt=\"Share Button\"\/><\/a><script type=\"text\/javascript\">var hupso_services_c=new Array(\"twitter\",\"facebook_like\",\"google\");var hupso_counters_lang = \"es_LA\";var hupso_image_folder_url = \"\";var hupso_twitter_via=\"crsyvrs\";var hupso_url_c=\"\";<\/script><script type=\"text\/javascript\" src=\"http:\/\/static.hupso.com\/share\/js\/counters.js\"><\/script><!-- Hupso Share Buttons --><\/div>","protected":false},"author":5,"featured_media":35636,"comment_status":"closed","ping_status":"closed","sticky":false,"template":"","format":"standard","meta":{"footnotes":""},"categories":[3],"tags":[1136],"class_list":["post-35635","post","type-post","status-publish","format-standard","has-post-thumbnail","hentry","category-musica","tag-folklore"],"_links":{"self":[{"href":"http:\/\/cronicasyversiones.com\/index.php?rest_route=\/wp\/v2\/posts\/35635","targetHints":{"allow":["GET"]}}],"collection":[{"href":"http:\/\/cronicasyversiones.com\/index.php?rest_route=\/wp\/v2\/posts"}],"about":[{"href":"http:\/\/cronicasyversiones.com\/index.php?rest_route=\/wp\/v2\/types\/post"}],"author":[{"embeddable":true,"href":"http:\/\/cronicasyversiones.com\/index.php?rest_route=\/wp\/v2\/users\/5"}],"replies":[{"embeddable":true,"href":"http:\/\/cronicasyversiones.com\/index.php?rest_route=%2Fwp%2Fv2%2Fcomments&post=35635"}],"version-history":[{"count":2,"href":"http:\/\/cronicasyversiones.com\/index.php?rest_route=\/wp\/v2\/posts\/35635\/revisions"}],"predecessor-version":[{"id":35648,"href":"http:\/\/cronicasyversiones.com\/index.php?rest_route=\/wp\/v2\/posts\/35635\/revisions\/35648"}],"wp:featuredmedia":[{"embeddable":true,"href":"http:\/\/cronicasyversiones.com\/index.php?rest_route=\/wp\/v2\/media\/35636"}],"wp:attachment":[{"href":"http:\/\/cronicasyversiones.com\/index.php?rest_route=%2Fwp%2Fv2%2Fmedia&parent=35635"}],"wp:term":[{"taxonomy":"category","embeddable":true,"href":"http:\/\/cronicasyversiones.com\/index.php?rest_route=%2Fwp%2Fv2%2Fcategories&post=35635"},{"taxonomy":"post_tag","embeddable":true,"href":"http:\/\/cronicasyversiones.com\/index.php?rest_route=%2Fwp%2Fv2%2Ftags&post=35635"}],"curies":[{"name":"wp","href":"https:\/\/api.w.org\/{rel}","templated":true}]}}