{"id":3564,"date":"2014-09-15T15:45:45","date_gmt":"2014-09-15T18:45:45","guid":{"rendered":"http:\/\/cronicasyversiones.com\/?p=3564"},"modified":"2014-09-17T12:41:26","modified_gmt":"2014-09-17T15:41:26","slug":"el-mundo-segun-mafalda-en-la-usina-del-arte","status":"publish","type":"post","link":"http:\/\/cronicasyversiones.com\/?p=3564","title":{"rendered":"\u201cEl mundo seg\u00fan Mafalda\u201d, en la Usina del Arte"},"content":{"rendered":"<div style=\"padding-bottom:20px; padding-top:10px;\" class=\"hupso-share-buttons\"><!-- Hupso Share Buttons - https:\/\/www.hupso.com\/share\/ --><a class=\"hupso_counters\" href=\"https:\/\/www.hupso.com\/share\/\"><img decoding=\"async\" src=\"http:\/\/static.hupso.com\/share\/buttons\/lang\/es\/share-small.png\" style=\"border:0px; padding-top:2px; float:left;\" alt=\"Share Button\"\/><\/a><script type=\"text\/javascript\">var hupso_services_c=new Array(\"twitter\",\"facebook_like\",\"google\");var hupso_counters_lang = \"es_LA\";var hupso_image_folder_url = \"\";var hupso_twitter_via=\"crsyvrs\";var hupso_url_c=\"\";<\/script><script type=\"text\/javascript\" src=\"http:\/\/static.hupso.com\/share\/js\/counters.js\"><\/script><!-- Hupso Share Buttons --><\/div><h2 style=\"text-align: justify;\">Esta muestra gratuita y de car\u00e1cter interactivo y did\u00e1ctico forma parte de las celebraciones por los 50 a\u00f1os del nacimiento de la genial creaci\u00f3n de Quino.<\/h2>\n<p><a href=\"http:\/\/cronicasyversiones.com\/wp-content\/uploads\/2014\/09\/Mafalda.jpg\"><img loading=\"lazy\" decoding=\"async\" class=\"wp-image-3584 aligncenter\" src=\"http:\/\/cronicasyversiones.com\/wp-content\/uploads\/2014\/09\/Mafalda-1024x683.jpg\" alt=\"Mafalda\" width=\"750\" height=\"500\" srcset=\"http:\/\/cronicasyversiones.com\/wp-content\/uploads\/2014\/09\/Mafalda-1024x683.jpg 1024w, http:\/\/cronicasyversiones.com\/wp-content\/uploads\/2014\/09\/Mafalda-300x200.jpg 300w, http:\/\/cronicasyversiones.com\/wp-content\/uploads\/2014\/09\/Mafalda-624x416.jpg 624w, http:\/\/cronicasyversiones.com\/wp-content\/uploads\/2014\/09\/Mafalda.jpg 2048w\" sizes=\"auto, (max-width: 750px) 100vw, 750px\" \/><\/a><\/p>\n<p style=\"text-align: justify;\">Dentro las celebraciones por los 50 a\u00f1os de la irrupci\u00f3n de <a href=\"http:\/\/cronicasyversiones.com\/?p=2706\" target=\"_blank\"><strong>Mafalda<\/strong><\/a>, la genial creaci\u00f3n de <a href=\"http:\/\/cronicasyversiones.com\/?p=3513\" target=\"_blank\"><strong>Quino<\/strong><\/a>, se inaugura el 18 de septiembre \u201c<strong>El mundo seg\u00fan Mafalda\u201d<\/strong>, en la <strong>Usina del Arte<\/strong>, ubicado en Caffarena y Pedro de Mendoza, en el barrio de La Boca.<\/p>\n<p>Con <strong>entrada gratuita<\/strong> y<strong> hasta el 30 de noviembre<\/strong>, los jueves y viernes de 10 a 18 horas, y los s\u00e1bados y domingos, de 12 a 20 horas, se podr\u00e1 visitar esta muestra que intenta mostrar los diferentes aspectos de la vida cotidiana seg\u00fan la aguda mirada de esta ni\u00f1a que amaba Los Beatles y que odiaba a la sopa.<\/p>\n<p style=\"text-align: center;\"><em><strong>Pensada como una visita de valor did\u00e1ctico y educativo, estar\u00e1 abierta especialmente grupos familiares, contingentes escolares y a todo el p\u00fablico en general.<\/strong><\/em><\/p>\n<p style=\"text-align: justify;\">La muestra interactiva ya pas\u00f3 por distintas ciudades de todo el pa\u00eds y se trata de un itinerario, dise\u00f1ado por el <strong>Museo de los Ni\u00f1os Barrilete<\/strong>, de la ciudad de <strong>C\u00f3rdoba.<\/strong><\/p>\n<p style=\"text-align: justify;\">La propuesta est\u00e1 compuesta por varias secciones, como la presentaci\u00f3n de los personajes, mediante ingeniosas biograf\u00edas y descripciones realizadas por Quino y por los <strong>propios personajes de la tira<\/strong>; tambi\u00e9n se incluye una semblanza del autor de la historieta.<\/p>\n<p style=\"text-align: justify;\">Otros m\u00f3dulos abordan los gustos y los disgustos de Mafalda , como <strong>Los Beatles; el P\u00e1jaro Loco;<\/strong> la guerra; la sopa; etc\u00e9tera; referencias a los derechos de los ni\u00f1os en la tira; la recreaci\u00f3n del departamento donde vive Mafalda junto a su familia; una r\u00e9plica del el <strong>Citro\u00ebn 2CV del pap\u00e1 de Mafalda<\/strong>; y tambi\u00e9n una galer\u00eda con una selecci\u00f3n de vi\u00f1etas de la historieta.<\/p>\n<p style=\"text-align: justify;\">Por su parte, la muestra cuanta otras propuestas como el taller de los recursos; el taller de los inventos; <strong>Mafalda TVO<\/strong> y un auditorio con una programaci\u00f3n exclusiva inspirada en la\u00a0 historieta.<\/p>\n<div style=\"padding-bottom:20px; padding-top:10px;\" class=\"hupso-share-buttons\"><!-- Hupso Share Buttons - https:\/\/www.hupso.com\/share\/ --><a class=\"hupso_counters\" href=\"https:\/\/www.hupso.com\/share\/\"><img decoding=\"async\" src=\"http:\/\/static.hupso.com\/share\/buttons\/lang\/es\/share-small.png\" style=\"border:0px; padding-top:2px; float:left;\" alt=\"Share Button\"\/><\/a><script type=\"text\/javascript\">var hupso_services_c=new Array(\"twitter\",\"facebook_like\",\"google\");var hupso_counters_lang = \"es_LA\";var hupso_image_folder_url = \"\";var hupso_twitter_via=\"crsyvrs\";var hupso_url_c=\"\";<\/script><script type=\"text\/javascript\" src=\"http:\/\/static.hupso.com\/share\/js\/counters.js\"><\/script><!-- Hupso Share Buttons --><\/div> ","protected":false},"excerpt":{"rendered":"<div style=\"padding-bottom:20px; padding-top:10px;\" class=\"hupso-share-buttons\"><!-- Hupso Share Buttons - https:\/\/www.hupso.com\/share\/ --><a class=\"hupso_counters\" href=\"https:\/\/www.hupso.com\/share\/\"><img src=\"http:\/\/static.hupso.com\/share\/buttons\/lang\/es\/share-small.png\" style=\"border:0px; padding-top:2px; float:left;\" alt=\"Share Button\"\/><\/a><script type=\"text\/javascript\">var hupso_services_c=new Array(\"twitter\",\"facebook_like\",\"google\");var hupso_counters_lang = \"es_LA\";var hupso_image_folder_url = \"\";var hupso_twitter_via=\"crsyvrs\";var hupso_url_c=\"\";<\/script><script type=\"text\/javascript\" src=\"http:\/\/static.hupso.com\/share\/js\/counters.js\"><\/script><!-- Hupso Share Buttons --><\/div><p>Esta muestra gratuita y de car\u00e1cter interactivo y did\u00e1ctico forma parte de las celebraciones por los 50 a\u00f1os del nacimiento de la genial creaci\u00f3n de Quino. Dentro las celebraciones por los 50 a\u00f1os de la irrupci\u00f3n de Mafalda, la&#46;&#46;&#46;<\/p>\n<div style=\"padding-bottom:20px; padding-top:10px;\" class=\"hupso-share-buttons\"><!-- Hupso Share Buttons - https:\/\/www.hupso.com\/share\/ --><a class=\"hupso_counters\" href=\"https:\/\/www.hupso.com\/share\/\"><img src=\"http:\/\/static.hupso.com\/share\/buttons\/lang\/es\/share-small.png\" style=\"border:0px; padding-top:2px; float:left;\" alt=\"Share Button\"\/><\/a><script type=\"text\/javascript\">var hupso_services_c=new Array(\"twitter\",\"facebook_like\",\"google\");var hupso_counters_lang = \"es_LA\";var hupso_image_folder_url = \"\";var hupso_twitter_via=\"crsyvrs\";var hupso_url_c=\"\";<\/script><script type=\"text\/javascript\" src=\"http:\/\/static.hupso.com\/share\/js\/counters.js\"><\/script><!-- Hupso Share Buttons --><\/div>","protected":false},"author":5,"featured_media":3584,"comment_status":"open","ping_status":"open","sticky":false,"template":"","format":"standard","meta":{"footnotes":""},"categories":[2570,9],"tags":[2812,2811,850,2813],"class_list":["post-3564","post","type-post","status-publish","format-standard","has-post-thumbnail","hentry","category-los-50-anos-de-mafalda","category-sociedad","tag-el-mundo-segun-mafalda","tag-malfalda","tag-quino","tag-usina-del-arte"],"_links":{"self":[{"href":"http:\/\/cronicasyversiones.com\/index.php?rest_route=\/wp\/v2\/posts\/3564","targetHints":{"allow":["GET"]}}],"collection":[{"href":"http:\/\/cronicasyversiones.com\/index.php?rest_route=\/wp\/v2\/posts"}],"about":[{"href":"http:\/\/cronicasyversiones.com\/index.php?rest_route=\/wp\/v2\/types\/post"}],"author":[{"embeddable":true,"href":"http:\/\/cronicasyversiones.com\/index.php?rest_route=\/wp\/v2\/users\/5"}],"replies":[{"embeddable":true,"href":"http:\/\/cronicasyversiones.com\/index.php?rest_route=%2Fwp%2Fv2%2Fcomments&post=3564"}],"version-history":[{"count":0,"href":"http:\/\/cronicasyversiones.com\/index.php?rest_route=\/wp\/v2\/posts\/3564\/revisions"}],"wp:featuredmedia":[{"embeddable":true,"href":"http:\/\/cronicasyversiones.com\/index.php?rest_route=\/wp\/v2\/media\/3584"}],"wp:attachment":[{"href":"http:\/\/cronicasyversiones.com\/index.php?rest_route=%2Fwp%2Fv2%2Fmedia&parent=3564"}],"wp:term":[{"taxonomy":"category","embeddable":true,"href":"http:\/\/cronicasyversiones.com\/index.php?rest_route=%2Fwp%2Fv2%2Fcategories&post=3564"},{"taxonomy":"post_tag","embeddable":true,"href":"http:\/\/cronicasyversiones.com\/index.php?rest_route=%2Fwp%2Fv2%2Ftags&post=3564"}],"curies":[{"name":"wp","href":"https:\/\/api.w.org\/{rel}","templated":true}]}}