{"id":36103,"date":"2023-03-06T07:23:33","date_gmt":"2023-03-06T10:23:33","guid":{"rendered":"http:\/\/cronicasyversiones.com\/?p=36103"},"modified":"2023-03-06T07:23:34","modified_gmt":"2023-03-06T10:23:34","slug":"georgina-hassan-lanza-las-formas-de-la-noche-su-quinto-disco","status":"publish","type":"post","link":"http:\/\/cronicasyversiones.com\/?p=36103","title":{"rendered":"Georgina Hassan lanza \u00abLas formas de la noche\u00bb, su quinto disco"},"content":{"rendered":"<div style=\"padding-bottom:20px; padding-top:10px;\" class=\"hupso-share-buttons\"><!-- Hupso Share Buttons - https:\/\/www.hupso.com\/share\/ --><a class=\"hupso_counters\" href=\"https:\/\/www.hupso.com\/share\/\"><img decoding=\"async\" src=\"http:\/\/static.hupso.com\/share\/buttons\/lang\/es\/share-small.png\" style=\"border:0px; padding-top:2px; float:left;\" alt=\"Share Button\"\/><\/a><script type=\"text\/javascript\">var hupso_services_c=new Array(\"twitter\",\"facebook_like\",\"google\");var hupso_counters_lang = \"es_LA\";var hupso_image_folder_url = \"\";var hupso_twitter_via=\"crsyvrs\";var hupso_url_c=\"\";<\/script><script type=\"text\/javascript\" src=\"http:\/\/static.hupso.com\/share\/js\/counters.js\"><\/script><!-- Hupso Share Buttons --><\/div><h2>La artista edit\u00f3 un trabajo, tambi\u00e9n en formato f\u00edsico, que serpa presentado junto con su banda en el Teatro Xirgu Untref.<\/h2>\n<p><img loading=\"lazy\" decoding=\"async\" class=\"size-medium wp-image-36104 aligncenter\" src=\"http:\/\/cronicasyversiones.com\/wp-content\/uploads\/2023\/03\/hassan-300x200.jpg\" alt=\"\" width=\"300\" height=\"200\" srcset=\"http:\/\/cronicasyversiones.com\/wp-content\/uploads\/2023\/03\/hassan-300x200.jpg 300w, http:\/\/cronicasyversiones.com\/wp-content\/uploads\/2023\/03\/hassan-1024x683.jpg 1024w, http:\/\/cronicasyversiones.com\/wp-content\/uploads\/2023\/03\/hassan-768x512.jpg 768w, http:\/\/cronicasyversiones.com\/wp-content\/uploads\/2023\/03\/hassan.jpg 1200w\" sizes=\"auto, (max-width: 300px) 100vw, 300px\" \/><\/p>\n<p><em><strong>\u201cLas formas de la noche\u201d,<\/strong><\/em> el nuevo disco de <strong>Georgina Hassan,<\/strong> ya est\u00e1 disponible est\u00e1 acompa\u00f1ado por una edici\u00f3n f\u00edsica (libro + c\u00f3digo QR para acceder a la m\u00fasica en alta calidad).<\/p>\n<p>En el marco de este nuevo lanzamiento, el 8 de marzo, el D\u00eda Internacional de la Mujer &nbsp;Trabajadora, se estrena en el canal de YouTube el video de&nbsp;<em><strong> \u201cJazm\u00edn de deseo\u201d<\/strong> <\/em>protagonizado por Georgina y su hija Violeta, quien tambi\u00e9n hace coros en la canci\u00f3n.<\/p>\n<p>Adem\u00e1s, el disco ser\u00e1 presentado oficialmente en vivo el viernes 14 de abril a las 20.30 en el <strong>Teatro Xirgu Untref,<\/strong> Chacabuco 875, San Telmo. Las entradas est\u00e1n a la venta a trav\u00e9s de Passline.<\/p>\n<p>&nbsp;<\/p>\n<blockquote class=\"instagram-media\" style=\"background: #FFF; border: 0; border-radius: 3px; box-shadow: 0 0 1px 0 rgba(0,0,0,0.5),0 1px 10px 0 rgba(0,0,0,0.15); margin: 1px; max-width: 540px; min-width: 326px; padding: 0; width: calc(100% - 2px);\" data-instgrm-captioned=\"\" data-instgrm-permalink=\"https:\/\/www.instagram.com\/p\/CpSrzSXuNjW\/?utm_source=ig_embed&amp;utm_campaign=loading\" data-instgrm-version=\"14\">\n<div style=\"padding: 16px;\">\n<p>&nbsp;<\/p>\n<div style=\"display: flex; flex-direction: row; align-items: center;\">\n<div style=\"background-color: #f4f4f4; border-radius: 50%; flex-grow: 0; height: 40px; margin-right: 14px; width: 40px;\"><\/div>\n<div style=\"display: flex; flex-direction: column; flex-grow: 1; justify-content: center;\">\n<div style=\"background-color: #f4f4f4; border-radius: 4px; flex-grow: 0; height: 14px; margin-bottom: 6px; width: 100px;\"><\/div>\n<div style=\"background-color: #f4f4f4; border-radius: 4px; flex-grow: 0; height: 14px; width: 60px;\"><\/div>\n<\/div>\n<\/div>\n<div style=\"padding: 19% 0;\"><\/div>\n<div style=\"display: block; height: 50px; margin: 0 auto 12px; width: 50px;\"><\/div>\n<div style=\"padding-top: 8px;\">\n<div style=\"color: #3897f0; font-family: Arial,sans-serif; font-size: 14px; font-style: normal; font-weight: 550; line-height: 18px;\">Ver esta publicaci\u00f3n en Instagram<\/div>\n<\/div>\n<div style=\"padding: 12.5% 0;\"><\/div>\n<div style=\"display: flex; flex-direction: row; margin-bottom: 14px; align-items: center;\">\n<div>\n<div style=\"background-color: #f4f4f4; border-radius: 50%; height: 12.5px; width: 12.5px; transform: translateX(0px) translateY(7px);\"><\/div>\n<div style=\"background-color: #f4f4f4; height: 12.5px; transform: rotate(-45deg) translateX(3px) translateY(1px); width: 12.5px; flex-grow: 0; margin-right: 14px; margin-left: 2px;\"><\/div>\n<div style=\"background-color: #f4f4f4; border-radius: 50%; height: 12.5px; width: 12.5px; transform: translateX(9px) translateY(-18px);\"><\/div>\n<\/div>\n<div style=\"margin-left: 8px;\">\n<div style=\"background-color: #f4f4f4; border-radius: 50%; flex-grow: 0; height: 20px; width: 20px;\"><\/div>\n<div style=\"width: 0; height: 0; border-top: 2px solid transparent; border-left: 6px solid #f4f4f4; border-bottom: 2px solid transparent; transform: translateX(16px) translateY(-4px) rotate(30deg);\"><\/div>\n<\/div>\n<div style=\"margin-left: auto;\">\n<div style=\"width: 0px; border-top: 8px solid #F4F4F4; border-right: 8px solid transparent; transform: translateY(16px);\"><\/div>\n<div style=\"background-color: #f4f4f4; flex-grow: 0; height: 12px; width: 16px; transform: translateY(-4px);\"><\/div>\n<div style=\"width: 0; height: 0; border-top: 8px solid #F4F4F4; border-left: 8px solid transparent; transform: translateY(-4px) translateX(8px);\"><\/div>\n<\/div>\n<\/div>\n<div style=\"display: flex; flex-direction: column; flex-grow: 1; justify-content: center; margin-bottom: 24px;\">\n<div style=\"background-color: #f4f4f4; border-radius: 4px; flex-grow: 0; height: 14px; margin-bottom: 6px; width: 224px;\"><\/div>\n<div style=\"background-color: #f4f4f4; border-radius: 4px; flex-grow: 0; height: 14px; width: 144px;\"><\/div>\n<\/div>\n<p>&nbsp;<\/p>\n<p style=\"color: #c9c8cd; font-family: Arial,sans-serif; font-size: 14px; line-height: 17px; margin-bottom: 0; margin-top: 8px; overflow: hidden; padding: 8px 0 7px; text-align: center; text-overflow: ellipsis; white-space: nowrap;\"><a style=\"color: #c9c8cd; font-family: Arial,sans-serif; font-size: 14px; font-style: normal; font-weight: normal; line-height: 17px; text-decoration: none;\" href=\"https:\/\/www.instagram.com\/p\/CpSrzSXuNjW\/?utm_source=ig_embed&amp;utm_campaign=loading\" target=\"_blank\" rel=\"noopener\">Una publicaci\u00f3n compartida de Georgina Hassan (@georginahassan_)<\/a><\/p>\n<\/div>\n<\/blockquote>\n<p><script async=\"\" src=\"\/\/www.instagram.com\/embed.js\"><\/script><\/p>\n<p><strong>&nbsp;Sobre Las formas de la noche<\/strong><\/p>\n<p>En este nuevo trabajo discogr\u00e1fico, Georgina Hassan, en voz, cuatro venezolano, guitarra y composici\u00f3n, est\u00e1 acompa\u00f1ada por Pablo Fraguela en piano, acorde\u00f3n y arreglos, Rafael Delgado en violonchelo, Lautaro Matute en guitarras, Guido Mart\u00ednez en contrabajo y Facundo Guevara en percusi\u00f3n.<\/p>\n<p>Tambi\u00e9n participa el cuarteto de cuerdas integrado por Diego Tejedor: viol\u00edn I, Tatiana Glava: viol\u00edn II, Adri\u00e1n Felizia: viola y Rafael Delgado: violonchelo.<\/p>\n<p>Composiciones propias como \u201cEspejo Azul\u201d, \u201cDesvelo\u201d, \u201cLa costurera\u201d y \u201cEn viaje\u201d &#8211; canci\u00f3n ganadora del IX Concurso Iberoamericano de Creaci\u00f3n de Canci\u00f3n del Programa Iberm\u00fasicas &#8211; se entrelazan con dos versiones de otros autores. Por primera vez, Georgina toca el piano en \u201cRomancero\u201d, musicaliza \u201cVentanal\u201d, poema de V\u00edctor Hugo Morales y nos trae \u201cLugar de m\u00ed\u201d del uruguayo Mauricio Ubal, cerrando el disco con una versi\u00f3n orquestada y en vivo del cl\u00e1sico de Violeta Parra \u201cVolver a los diecisiete\u201d.<\/p>\n<p><iframe loading=\"lazy\" title=\"YouTube video player\" src=\"https:\/\/www.youtube.com\/embed\/SBL5NTA9_IE\" width=\"560\" height=\"315\" frameborder=\"0\" allowfullscreen=\"allowfullscreen\"><\/iframe><\/p>\n<p>Como invitados especiales, participan Liliana Vitale, los chilenos Manuel Garc\u00eda y Magdalena Matthey, desde Paran\u00e1, Entre R\u00edos, Silvia Rusa Salomone y Marcelo Moguilevsky en vientos. En \u201cJazm\u00edn de deseo\u201d el coro de amigas cantoras lo forman Marta G\u00f3mez, Luvi Torres, Florencia D\u00e1valos y Mishka Adams. El disco fue realizado con el apoyo del Fondo Nacional de las Artes.<\/p>\n<p>La artista nos propone con esta obra musical y po\u00e9tica sumergirnos en la nocturnidad, entre diferentes tonos de azules y canciones, utilizando su sensibilidad y voz como veh\u00edculos.<\/p>\n<div style=\"padding-bottom:20px; padding-top:10px;\" class=\"hupso-share-buttons\"><!-- Hupso Share Buttons - https:\/\/www.hupso.com\/share\/ --><a class=\"hupso_counters\" href=\"https:\/\/www.hupso.com\/share\/\"><img decoding=\"async\" src=\"http:\/\/static.hupso.com\/share\/buttons\/lang\/es\/share-small.png\" style=\"border:0px; padding-top:2px; float:left;\" alt=\"Share Button\"\/><\/a><script type=\"text\/javascript\">var hupso_services_c=new Array(\"twitter\",\"facebook_like\",\"google\");var hupso_counters_lang = \"es_LA\";var hupso_image_folder_url = \"\";var hupso_twitter_via=\"crsyvrs\";var hupso_url_c=\"\";<\/script><script type=\"text\/javascript\" src=\"http:\/\/static.hupso.com\/share\/js\/counters.js\"><\/script><!-- Hupso Share Buttons --><\/div> ","protected":false},"excerpt":{"rendered":"<div style=\"padding-bottom:20px; padding-top:10px;\" class=\"hupso-share-buttons\"><!-- Hupso Share Buttons - https:\/\/www.hupso.com\/share\/ --><a class=\"hupso_counters\" href=\"https:\/\/www.hupso.com\/share\/\"><img src=\"http:\/\/static.hupso.com\/share\/buttons\/lang\/es\/share-small.png\" style=\"border:0px; padding-top:2px; float:left;\" alt=\"Share Button\"\/><\/a><script type=\"text\/javascript\">var hupso_services_c=new Array(\"twitter\",\"facebook_like\",\"google\");var hupso_counters_lang = \"es_LA\";var hupso_image_folder_url = \"\";var hupso_twitter_via=\"crsyvrs\";var hupso_url_c=\"\";<\/script><script type=\"text\/javascript\" src=\"http:\/\/static.hupso.com\/share\/js\/counters.js\"><\/script><!-- Hupso Share Buttons --><\/div><p>La artista edit\u00f3 un trabajo, tambi\u00e9n en formato f\u00edsico, que serpa presentado junto con su banda en el Teatro Xirgu Untref. \u201cLas formas de la noche\u201d, el nuevo disco de Georgina Hassan, ya est\u00e1 disponible est\u00e1 acompa\u00f1ado por una&#46;&#46;&#46;<\/p>\n<div style=\"padding-bottom:20px; padding-top:10px;\" class=\"hupso-share-buttons\"><!-- Hupso Share Buttons - https:\/\/www.hupso.com\/share\/ --><a class=\"hupso_counters\" href=\"https:\/\/www.hupso.com\/share\/\"><img src=\"http:\/\/static.hupso.com\/share\/buttons\/lang\/es\/share-small.png\" style=\"border:0px; padding-top:2px; float:left;\" alt=\"Share Button\"\/><\/a><script type=\"text\/javascript\">var hupso_services_c=new Array(\"twitter\",\"facebook_like\",\"google\");var hupso_counters_lang = \"es_LA\";var hupso_image_folder_url = \"\";var hupso_twitter_via=\"crsyvrs\";var hupso_url_c=\"\";<\/script><script type=\"text\/javascript\" src=\"http:\/\/static.hupso.com\/share\/js\/counters.js\"><\/script><!-- Hupso Share Buttons --><\/div>","protected":false},"author":5,"featured_media":36104,"comment_status":"closed","ping_status":"closed","sticky":false,"template":"","format":"standard","meta":{"footnotes":""},"categories":[3],"tags":[1136,7238],"class_list":["post-36103","post","type-post","status-publish","format-standard","has-post-thumbnail","hentry","category-musica","tag-folklore","tag-georgina-hassan"],"_links":{"self":[{"href":"http:\/\/cronicasyversiones.com\/index.php?rest_route=\/wp\/v2\/posts\/36103","targetHints":{"allow":["GET"]}}],"collection":[{"href":"http:\/\/cronicasyversiones.com\/index.php?rest_route=\/wp\/v2\/posts"}],"about":[{"href":"http:\/\/cronicasyversiones.com\/index.php?rest_route=\/wp\/v2\/types\/post"}],"author":[{"embeddable":true,"href":"http:\/\/cronicasyversiones.com\/index.php?rest_route=\/wp\/v2\/users\/5"}],"replies":[{"embeddable":true,"href":"http:\/\/cronicasyversiones.com\/index.php?rest_route=%2Fwp%2Fv2%2Fcomments&post=36103"}],"version-history":[{"count":2,"href":"http:\/\/cronicasyversiones.com\/index.php?rest_route=\/wp\/v2\/posts\/36103\/revisions"}],"predecessor-version":[{"id":36112,"href":"http:\/\/cronicasyversiones.com\/index.php?rest_route=\/wp\/v2\/posts\/36103\/revisions\/36112"}],"wp:featuredmedia":[{"embeddable":true,"href":"http:\/\/cronicasyversiones.com\/index.php?rest_route=\/wp\/v2\/media\/36104"}],"wp:attachment":[{"href":"http:\/\/cronicasyversiones.com\/index.php?rest_route=%2Fwp%2Fv2%2Fmedia&parent=36103"}],"wp:term":[{"taxonomy":"category","embeddable":true,"href":"http:\/\/cronicasyversiones.com\/index.php?rest_route=%2Fwp%2Fv2%2Fcategories&post=36103"},{"taxonomy":"post_tag","embeddable":true,"href":"http:\/\/cronicasyversiones.com\/index.php?rest_route=%2Fwp%2Fv2%2Ftags&post=36103"}],"curies":[{"name":"wp","href":"https:\/\/api.w.org\/{rel}","templated":true}]}}