{"id":36203,"date":"2023-03-19T21:58:14","date_gmt":"2023-03-20T00:58:14","guid":{"rendered":"http:\/\/cronicasyversiones.com\/?p=36203"},"modified":"2023-03-19T21:58:15","modified_gmt":"2023-03-20T00:58:15","slug":"el-san-martin-anuncio-su-programacion-artistica-2023","status":"publish","type":"post","link":"http:\/\/cronicasyversiones.com\/?p=36203","title":{"rendered":"El San Mart\u00edn anunci\u00f3 su programaci\u00f3n art\u00edstica 2023"},"content":{"rendered":"<div style=\"padding-bottom:20px; padding-top:10px;\" class=\"hupso-share-buttons\"><!-- Hupso Share Buttons - https:\/\/www.hupso.com\/share\/ --><a class=\"hupso_counters\" href=\"https:\/\/www.hupso.com\/share\/\"><img decoding=\"async\" src=\"http:\/\/static.hupso.com\/share\/buttons\/lang\/es\/share-small.png\" style=\"border:0px; padding-top:2px; float:left;\" alt=\"Share Button\"\/><\/a><script type=\"text\/javascript\">var hupso_services_c=new Array(\"twitter\",\"facebook_like\",\"google\");var hupso_counters_lang = \"es_LA\";var hupso_image_folder_url = \"\";var hupso_twitter_via=\"crsyvrs\";var hupso_url_c=\"\";<\/script><script type=\"text\/javascript\" src=\"http:\/\/static.hupso.com\/share\/js\/counters.js\"><\/script><!-- Hupso Share Buttons --><\/div><h2>Las propuestas incluyen obras de teatro coproducidas por la instituci\u00f3n, muestras de arte visual y tambi\u00e9n ciclos de poes\u00eda y cine.<\/h2>\n<p><img loading=\"lazy\" decoding=\"async\" class=\"size-medium wp-image-36204 aligncenter\" src=\"http:\/\/cronicasyversiones.com\/wp-content\/uploads\/2023\/03\/retro-300x220.jpg\" alt=\"\" width=\"300\" height=\"220\" srcset=\"http:\/\/cronicasyversiones.com\/wp-content\/uploads\/2023\/03\/retro-300x220.jpg 300w, http:\/\/cronicasyversiones.com\/wp-content\/uploads\/2023\/03\/retro.jpg 746w\" sizes=\"auto, (max-width: 300px) 100vw, 300px\" \/><\/p>\n<p><strong>El Cultural San Mart\u00edn<\/strong> lanza su temporada art\u00edstica 2023 con obras de teatro coproducidas por la instituci\u00f3n, muestras de arte visual que retoman diversas t\u00e9cnicas de la cultura pop o el arte textil y tambi\u00e9n ciclos de poes\u00eda y cine.<\/p>\n<p>El Cultural San Mart\u00edn, emplazado en Sarmiento 1551, brindar\u00e1 una programaci\u00f3n de artes visuales que explora diversos lenguajes, t\u00e9cnicas y universos est\u00e9ticos. Entre las obras que se inaugurar\u00e1n este mes se encuentra <em><strong>?La era del peluche?,<\/strong><\/em> de Ger\u00f3nimo Dami\u00e1n Araquistain, que en el espacio del hall del centro cultural ofrecer\u00e1 un an\u00e1lisis acerca de la significaci\u00f3n de la baraja espa\u00f1ola en nuestra sociedad porque para el creador los naipes no son un juego sino ?el motivo de una relaci\u00f3n entre nuestro cotidiano?.<\/p>\n<p>Tambi\u00e9n estar\u00e1 la muestra<em><strong> ?El horizonte es un bosque?<\/strong> <\/em>de Mariela Fern\u00e1ndez que presenta una geometr\u00eda compositiva que simula el trazado de un tablero de rayuela bot\u00e1nico y <em><strong>?Neurouniversos por Merysun?<\/strong> <\/em>de Marisol San Rom\u00e1n, que en el hall de la Sala Mui\u00f1o, ofrece obras que resultan de ?crisis sensoriales? de la artista.<\/p>\n<p><em><strong>\u00abLos frutos de la tierra?<\/strong><\/em> de Guillermo Anselmo Vezzosi tendr\u00e1 lugar en marzo con una exposici\u00f3n que invita a reflexionar sobre c\u00f3mo actualmente la sociedad se relaciona con el consumo. Esta obra estar\u00e1 acompa\u00f1ada de la pieza musical <em><strong>?Ethereal?<\/strong><\/em>, compuesta por la artista sonora Mar\u00eda Emilia Peralta, a la cual se puede acceder a trav\u00e9s del c\u00f3digo QR ubicado en sala.<\/p>\n<p>En el espacio Plaza de las Am\u00e9ricas, el espacio p\u00fablico de El Cultural San Mart\u00edn, se encontrar\u00e1 <em><strong>?Retro Love? y ?Pop Love?<\/strong> <\/em>de Ninja Arte (Diego Rivero) con obras que dan cuenta de c\u00f3mo las piezas y los ambientes pueden ser resignificados con murales e \u00edconos pop de los &#8217;80 y &#8217;90.<em><strong> ?Retro Love?<\/strong><\/em>&nbsp; (foto) fue realizado con posters, mientras que ?Love Pop? fue empleado bajo la t\u00e9cnica del Doodle Art junto a marcadores de tinta acr\u00edlica.<\/p>\n<p>Durante el mes de abril, Fundaci\u00f3n Labradoras inaugurar\u00e1 en la Sala D del centro cultural <em><strong>?Liderazgo femenino y sustentabilidad?,<\/strong><\/em> de ConRetazos, una propuesta que da a conocer su proyecto textil y sustentable.<\/p>\n<p><em><strong>\u00abTheatrum Mundi?<\/strong><\/em>, impulsado por el Festival Internacional de Teatro Cl\u00e1sico de M\u00e9rida, tambi\u00e9n tendr\u00e1 lugar en abril en la Sala E. Se trata de un recorrido por la arquitectura del Teatro Romano de M\u00e9rida a trav\u00e9s de planos y fotograf\u00edas con el objetivo de difundir y dar a conocer su valor patrimonial y universal.<\/p>\n<p>El artista Pablo Stein presentar\u00e1 un ?site specific? dise\u00f1ado exclusivamente para el San Mart\u00edn donde se explora la imagen y el espacio en la fachada y en la pir\u00e1mide de cristal del centro cultural.<\/p>\n<p>En junio, el mes internacional del orgullo, se lucir\u00e1 ?Trans4motion de Julio Albisu en la Sala E, una muestra rupturista que combina moda y dise\u00f1o digital para pensar nuevas naciones y transformar banderas. El mes siguiente, en la Sala E, estar\u00e1 la exposici\u00f3n ?El Guardi\u00e1n?, el premiado proyecto multidisciplinario de de Mart\u00edn Tejeda que re\u00fane a exponentes de la ilustraci\u00f3n y dise\u00f1o fant\u00e1stico del pa\u00eds. En el marco de esa muestra, se lanzar\u00e1 el libro y el adelanto del cortometraje hom\u00f3nimo.<\/p>\n<p>La programaci\u00f3n de artes visuales concluir\u00e1 en noviembre con la obra<em><strong> ?Psicotr\u00f3nica?<\/strong><\/em> de Manu Fern\u00e1ndez L\u00f3pez en la sala E de El Cultural.<\/p>\n<p>El universo de las letras tambi\u00e9n estar\u00e1 presente en el centro cultural con la propuesta <em><strong>?Caf\u00e9 sola?<\/strong><\/em>, a cargo Azul Araya y Tatu Glikman, un ciclo que fusionar\u00e1 caf\u00e9 y poes\u00eda un domingo al mes con artistas de las letras que leen textos de su autor\u00eda y, por otra parte, el <em><strong>?BorgesPalooza?<\/strong><\/em> moderado por Daniel Mecca que celebrar\u00e1 al legendario escritor en agosto (mes de su nacimiento).<\/p>\n<p>Durante este a\u00f1o, el Cultural San Mart\u00edn adem\u00e1s ofrecer\u00e1 una amplia cartelera de cine con avant premiers, ciclos y festivales, obras de teatro en las que se recorrer\u00e1 las biograf\u00edas de El Che y la cantante de \u00f3pera Mar\u00eda Callas y tambi\u00e9n talleres que se dictar\u00e1n tanto presencial como virtual como parte de su tradici\u00f3n educativa.<\/p>\n<div style=\"padding-bottom:20px; padding-top:10px;\" class=\"hupso-share-buttons\"><!-- Hupso Share Buttons - https:\/\/www.hupso.com\/share\/ --><a class=\"hupso_counters\" href=\"https:\/\/www.hupso.com\/share\/\"><img decoding=\"async\" src=\"http:\/\/static.hupso.com\/share\/buttons\/lang\/es\/share-small.png\" style=\"border:0px; padding-top:2px; float:left;\" alt=\"Share Button\"\/><\/a><script type=\"text\/javascript\">var hupso_services_c=new Array(\"twitter\",\"facebook_like\",\"google\");var hupso_counters_lang = \"es_LA\";var hupso_image_folder_url = \"\";var hupso_twitter_via=\"crsyvrs\";var hupso_url_c=\"\";<\/script><script type=\"text\/javascript\" src=\"http:\/\/static.hupso.com\/share\/js\/counters.js\"><\/script><!-- Hupso Share Buttons --><\/div> ","protected":false},"excerpt":{"rendered":"<div style=\"padding-bottom:20px; padding-top:10px;\" class=\"hupso-share-buttons\"><!-- Hupso Share Buttons - https:\/\/www.hupso.com\/share\/ --><a class=\"hupso_counters\" href=\"https:\/\/www.hupso.com\/share\/\"><img src=\"http:\/\/static.hupso.com\/share\/buttons\/lang\/es\/share-small.png\" style=\"border:0px; padding-top:2px; float:left;\" alt=\"Share Button\"\/><\/a><script type=\"text\/javascript\">var hupso_services_c=new Array(\"twitter\",\"facebook_like\",\"google\");var hupso_counters_lang = \"es_LA\";var hupso_image_folder_url = \"\";var hupso_twitter_via=\"crsyvrs\";var hupso_url_c=\"\";<\/script><script type=\"text\/javascript\" src=\"http:\/\/static.hupso.com\/share\/js\/counters.js\"><\/script><!-- Hupso Share Buttons --><\/div><p>Las propuestas incluyen obras de teatro coproducidas por la instituci\u00f3n, muestras de arte visual y tambi\u00e9n ciclos de poes\u00eda y cine. El Cultural San Mart\u00edn lanza su temporada art\u00edstica 2023 con obras de teatro coproducidas por la instituci\u00f3n, muestras&#46;&#46;&#46;<\/p>\n<div style=\"padding-bottom:20px; padding-top:10px;\" class=\"hupso-share-buttons\"><!-- Hupso Share Buttons - https:\/\/www.hupso.com\/share\/ --><a class=\"hupso_counters\" href=\"https:\/\/www.hupso.com\/share\/\"><img src=\"http:\/\/static.hupso.com\/share\/buttons\/lang\/es\/share-small.png\" style=\"border:0px; padding-top:2px; float:left;\" alt=\"Share Button\"\/><\/a><script type=\"text\/javascript\">var hupso_services_c=new Array(\"twitter\",\"facebook_like\",\"google\");var hupso_counters_lang = \"es_LA\";var hupso_image_folder_url = \"\";var hupso_twitter_via=\"crsyvrs\";var hupso_url_c=\"\";<\/script><script type=\"text\/javascript\" src=\"http:\/\/static.hupso.com\/share\/js\/counters.js\"><\/script><!-- Hupso Share Buttons --><\/div>","protected":false},"author":5,"featured_media":36204,"comment_status":"closed","ping_status":"closed","sticky":false,"template":"","format":"standard","meta":{"footnotes":""},"categories":[5],"tags":[],"class_list":["post-36203","post","type-post","status-publish","format-standard","has-post-thumbnail","hentry","category-teatro"],"_links":{"self":[{"href":"http:\/\/cronicasyversiones.com\/index.php?rest_route=\/wp\/v2\/posts\/36203","targetHints":{"allow":["GET"]}}],"collection":[{"href":"http:\/\/cronicasyversiones.com\/index.php?rest_route=\/wp\/v2\/posts"}],"about":[{"href":"http:\/\/cronicasyversiones.com\/index.php?rest_route=\/wp\/v2\/types\/post"}],"author":[{"embeddable":true,"href":"http:\/\/cronicasyversiones.com\/index.php?rest_route=\/wp\/v2\/users\/5"}],"replies":[{"embeddable":true,"href":"http:\/\/cronicasyversiones.com\/index.php?rest_route=%2Fwp%2Fv2%2Fcomments&post=36203"}],"version-history":[{"count":2,"href":"http:\/\/cronicasyversiones.com\/index.php?rest_route=\/wp\/v2\/posts\/36203\/revisions"}],"predecessor-version":[{"id":36233,"href":"http:\/\/cronicasyversiones.com\/index.php?rest_route=\/wp\/v2\/posts\/36203\/revisions\/36233"}],"wp:featuredmedia":[{"embeddable":true,"href":"http:\/\/cronicasyversiones.com\/index.php?rest_route=\/wp\/v2\/media\/36204"}],"wp:attachment":[{"href":"http:\/\/cronicasyversiones.com\/index.php?rest_route=%2Fwp%2Fv2%2Fmedia&parent=36203"}],"wp:term":[{"taxonomy":"category","embeddable":true,"href":"http:\/\/cronicasyversiones.com\/index.php?rest_route=%2Fwp%2Fv2%2Fcategories&post=36203"},{"taxonomy":"post_tag","embeddable":true,"href":"http:\/\/cronicasyversiones.com\/index.php?rest_route=%2Fwp%2Fv2%2Ftags&post=36203"}],"curies":[{"name":"wp","href":"https:\/\/api.w.org\/{rel}","templated":true}]}}