{"id":36262,"date":"2023-03-23T21:33:25","date_gmt":"2023-03-24T00:33:25","guid":{"rendered":"http:\/\/cronicasyversiones.com\/?p=36262"},"modified":"2023-03-23T21:33:26","modified_gmt":"2023-03-24T00:33:26","slug":"homenajean-a-jaime-torres-en-jujuy","status":"publish","type":"post","link":"http:\/\/cronicasyversiones.com\/?p=36262","title":{"rendered":"Homenajean a Jaime Torres en Jujuy"},"content":{"rendered":"<div style=\"padding-bottom:20px; padding-top:10px;\" class=\"hupso-share-buttons\"><!-- Hupso Share Buttons - https:\/\/www.hupso.com\/share\/ --><a class=\"hupso_counters\" href=\"https:\/\/www.hupso.com\/share\/\"><img decoding=\"async\" src=\"http:\/\/static.hupso.com\/share\/buttons\/lang\/es\/share-small.png\" style=\"border:0px; padding-top:2px; float:left;\" alt=\"Share Button\"\/><\/a><script type=\"text\/javascript\">var hupso_services_c=new Array(\"twitter\",\"facebook_like\",\"google\");var hupso_counters_lang = \"es_LA\";var hupso_image_folder_url = \"\";var hupso_twitter_via=\"crsyvrs\";var hupso_url_c=\"\";<\/script><script type=\"text\/javascript\" src=\"http:\/\/static.hupso.com\/share\/js\/counters.js\"><\/script><!-- Hupso Share Buttons --><\/div><h2>M\u00fasicos como Tukuta Gordillo, Micaela Chauque, Jos\u00e9 Sim\u00f3n, Melania P\u00e9rez y otros ser\u00e1n parte de la celebraci\u00f3n.<\/h2>\n<p><img loading=\"lazy\" decoding=\"async\" class=\"size-medium wp-image-36263 aligncenter\" src=\"http:\/\/cronicasyversiones.com\/wp-content\/uploads\/2023\/03\/jaime-toca-en-hornocal-apaisada-300x186.jpg\" alt=\"\" width=\"300\" height=\"186\" srcset=\"http:\/\/cronicasyversiones.com\/wp-content\/uploads\/2023\/03\/jaime-toca-en-hornocal-apaisada-300x186.jpg 300w, http:\/\/cronicasyversiones.com\/wp-content\/uploads\/2023\/03\/jaime-toca-en-hornocal-apaisada-768x477.jpg 768w, http:\/\/cronicasyversiones.com\/wp-content\/uploads\/2023\/03\/jaime-toca-en-hornocal-apaisada.jpg 1000w\" sizes=\"auto, (max-width: 300px) 100vw, 300px\" \/><\/p>\n<p><strong>Jaime Torres<\/strong> ser\u00e1 homenajeado el pr\u00f3ximo s\u00e1bado en la capital juje\u00f1a con un recital de artistas como <strong>Tukuta Gordillo, Micaela Chauque, Jos\u00e9 Sim\u00f3n, Melania P\u00e9rez,<\/strong> y m\u00fasicos populares de la regi\u00f3n que acompa\u00f1aron su carrera musical.<\/p>\n<p>El evento tendr\u00e1 lugar este s\u00e1bado 25 de marzo a partir de las 20 en el <strong>Anfiteatro Las Lavanderas,<\/strong> en pleno centro de San Salvador de Jujuy, con entrada libre y gratuita.<\/p>\n<p>La iniciativa impulsada por el municipio de San Salvador de Jujuy fue presentada este lunes con una conferencia de prensa de la que participaron el jefe comunal Ra\u00fal Jorge junto a Juan Cruz Torres (hijo del charanquista fallecido en diciembre de 2018) y la hacedora cultural <strong>Beatriz \u00abla negrita\u00bb Cabana.<\/strong><\/p>\n<p>Como parte de los homenajes, tambi\u00e9n anticiparon que se bautizar\u00e1 con su nombre a una calle de Villa Jard\u00edn de Reyes, \u00abd\u00e1ndole presencia en un lugar con una gran identidad y respeto hacia el folclore local\u00bb.<\/p>\n<p>\u00abVamos a estar con una gran grilla de artistas que han acompa\u00f1ado, que han sido parte de este camino de la m\u00fasica de Jaime Torres; estamos hablando de la voz de Melania P\u00e9rez, de esta compa\u00f1era, la enorme vientista que es Micaela Chauque, Tukuta Gordillo, Jos\u00e9 Sim\u00f3n, y bandas de Sikuris\u00bb, adelant\u00f3 Juan Cruz Torres.<\/p>\n<p>La grilla de artistas se compone de Manuela Torres, Hern\u00e1n Pagola, Tukuta Gordillo, Micaela Chauque, Jos\u00e9 Sim\u00f3n, Melania P\u00e9rez, Juan Cruz Torres, Luis Salamanca y Kullakas Warmis Sikuris; con visuales de Aldana Loiseau.<\/p>\n<div style=\"padding-bottom:20px; padding-top:10px;\" class=\"hupso-share-buttons\"><!-- Hupso Share Buttons - https:\/\/www.hupso.com\/share\/ --><a class=\"hupso_counters\" href=\"https:\/\/www.hupso.com\/share\/\"><img decoding=\"async\" src=\"http:\/\/static.hupso.com\/share\/buttons\/lang\/es\/share-small.png\" style=\"border:0px; padding-top:2px; float:left;\" alt=\"Share Button\"\/><\/a><script type=\"text\/javascript\">var hupso_services_c=new Array(\"twitter\",\"facebook_like\",\"google\");var hupso_counters_lang = \"es_LA\";var hupso_image_folder_url = \"\";var hupso_twitter_via=\"crsyvrs\";var hupso_url_c=\"\";<\/script><script type=\"text\/javascript\" src=\"http:\/\/static.hupso.com\/share\/js\/counters.js\"><\/script><!-- Hupso Share Buttons --><\/div> ","protected":false},"excerpt":{"rendered":"<div style=\"padding-bottom:20px; padding-top:10px;\" class=\"hupso-share-buttons\"><!-- Hupso Share Buttons - https:\/\/www.hupso.com\/share\/ --><a class=\"hupso_counters\" href=\"https:\/\/www.hupso.com\/share\/\"><img src=\"http:\/\/static.hupso.com\/share\/buttons\/lang\/es\/share-small.png\" style=\"border:0px; padding-top:2px; float:left;\" alt=\"Share Button\"\/><\/a><script type=\"text\/javascript\">var hupso_services_c=new Array(\"twitter\",\"facebook_like\",\"google\");var hupso_counters_lang = \"es_LA\";var hupso_image_folder_url = \"\";var hupso_twitter_via=\"crsyvrs\";var hupso_url_c=\"\";<\/script><script type=\"text\/javascript\" src=\"http:\/\/static.hupso.com\/share\/js\/counters.js\"><\/script><!-- Hupso Share Buttons --><\/div><p>M\u00fasicos como Tukuta Gordillo, Micaela Chauque, Jos\u00e9 Sim\u00f3n, Melania P\u00e9rez y otros ser\u00e1n parte de la celebraci\u00f3n. Jaime Torres ser\u00e1 homenajeado el pr\u00f3ximo s\u00e1bado en la capital juje\u00f1a con un recital de artistas como Tukuta Gordillo, Micaela Chauque, Jos\u00e9&#46;&#46;&#46;<\/p>\n<div style=\"padding-bottom:20px; padding-top:10px;\" class=\"hupso-share-buttons\"><!-- Hupso Share Buttons - https:\/\/www.hupso.com\/share\/ --><a class=\"hupso_counters\" href=\"https:\/\/www.hupso.com\/share\/\"><img src=\"http:\/\/static.hupso.com\/share\/buttons\/lang\/es\/share-small.png\" style=\"border:0px; padding-top:2px; float:left;\" alt=\"Share Button\"\/><\/a><script type=\"text\/javascript\">var hupso_services_c=new Array(\"twitter\",\"facebook_like\",\"google\");var hupso_counters_lang = \"es_LA\";var hupso_image_folder_url = \"\";var hupso_twitter_via=\"crsyvrs\";var hupso_url_c=\"\";<\/script><script type=\"text\/javascript\" src=\"http:\/\/static.hupso.com\/share\/js\/counters.js\"><\/script><!-- Hupso Share Buttons --><\/div>","protected":false},"author":5,"featured_media":36263,"comment_status":"closed","ping_status":"closed","sticky":false,"template":"","format":"standard","meta":{"footnotes":""},"categories":[3],"tags":[1136,9233],"class_list":["post-36262","post","type-post","status-publish","format-standard","has-post-thumbnail","hentry","category-musica","tag-folklore","tag-jaime-torres"],"_links":{"self":[{"href":"http:\/\/cronicasyversiones.com\/index.php?rest_route=\/wp\/v2\/posts\/36262","targetHints":{"allow":["GET"]}}],"collection":[{"href":"http:\/\/cronicasyversiones.com\/index.php?rest_route=\/wp\/v2\/posts"}],"about":[{"href":"http:\/\/cronicasyversiones.com\/index.php?rest_route=\/wp\/v2\/types\/post"}],"author":[{"embeddable":true,"href":"http:\/\/cronicasyversiones.com\/index.php?rest_route=\/wp\/v2\/users\/5"}],"replies":[{"embeddable":true,"href":"http:\/\/cronicasyversiones.com\/index.php?rest_route=%2Fwp%2Fv2%2Fcomments&post=36262"}],"version-history":[{"count":2,"href":"http:\/\/cronicasyversiones.com\/index.php?rest_route=\/wp\/v2\/posts\/36262\/revisions"}],"predecessor-version":[{"id":36290,"href":"http:\/\/cronicasyversiones.com\/index.php?rest_route=\/wp\/v2\/posts\/36262\/revisions\/36290"}],"wp:featuredmedia":[{"embeddable":true,"href":"http:\/\/cronicasyversiones.com\/index.php?rest_route=\/wp\/v2\/media\/36263"}],"wp:attachment":[{"href":"http:\/\/cronicasyversiones.com\/index.php?rest_route=%2Fwp%2Fv2%2Fmedia&parent=36262"}],"wp:term":[{"taxonomy":"category","embeddable":true,"href":"http:\/\/cronicasyversiones.com\/index.php?rest_route=%2Fwp%2Fv2%2Fcategories&post=36262"},{"taxonomy":"post_tag","embeddable":true,"href":"http:\/\/cronicasyversiones.com\/index.php?rest_route=%2Fwp%2Fv2%2Ftags&post=36262"}],"curies":[{"name":"wp","href":"https:\/\/api.w.org\/{rel}","templated":true}]}}