{"id":36272,"date":"2023-05-03T20:22:39","date_gmt":"2023-05-03T23:22:39","guid":{"rendered":"http:\/\/cronicasyversiones.com\/?p=36272"},"modified":"2023-05-03T20:24:00","modified_gmt":"2023-05-03T23:24:00","slug":"luis-caro-presenta-pais-semejante-2","status":"publish","type":"post","link":"http:\/\/cronicasyversiones.com\/?p=36272","title":{"rendered":"Luis Caro presenta \u00abPa\u00eds Semejante 2\u00bb"},"content":{"rendered":"<div style=\"padding-bottom:20px; padding-top:10px;\" class=\"hupso-share-buttons\"><!-- Hupso Share Buttons - https:\/\/www.hupso.com\/share\/ --><a class=\"hupso_counters\" href=\"https:\/\/www.hupso.com\/share\/\"><img decoding=\"async\" src=\"http:\/\/static.hupso.com\/share\/buttons\/lang\/es\/share-small.png\" style=\"border:0px; padding-top:2px; float:left;\" alt=\"Share Button\"\/><\/a><script type=\"text\/javascript\">var hupso_services_c=new Array(\"twitter\",\"facebook_like\",\"google\");var hupso_counters_lang = \"es_LA\";var hupso_image_folder_url = \"\";var hupso_twitter_via=\"crsyvrs\";var hupso_url_c=\"\";<\/script><script type=\"text\/javascript\" src=\"http:\/\/static.hupso.com\/share\/js\/counters.js\"><\/script><!-- Hupso Share Buttons --><\/div><h2>Se trata de una recreaci\u00f3n &nbsp;del artista marplatense sobre canciones&nbsp; de compositores de la m\u00fasica popular argentina.<\/h2>\n<p><img loading=\"lazy\" decoding=\"async\" class=\"size-medium wp-image-36273 aligncenter\" src=\"http:\/\/cronicasyversiones.com\/wp-content\/uploads\/2023\/03\/descarga-1-300x210.png\" alt=\"\" width=\"300\" height=\"210\" srcset=\"http:\/\/cronicasyversiones.com\/wp-content\/uploads\/2023\/03\/descarga-1-300x210.png 300w, http:\/\/cronicasyversiones.com\/wp-content\/uploads\/2023\/03\/descarga-1-768x538.png 768w, http:\/\/cronicasyversiones.com\/wp-content\/uploads\/2023\/03\/descarga-1.png 807w\" sizes=\"auto, (max-width: 300px) 100vw, 300px\" \/><\/p>\n<p>El m\u00fasico marplatense <strong>Luis Caro<\/strong> presenta <em><strong>\u00abPa\u00eds Semejante 2\u00bb<\/strong><\/em>, una personal recreaci\u00f3n sobre canciones &nbsp;de compositores de la m\u00fasica popular argentina entre las d\u00e9cadas de 1980 y 2000, abordadas desde un sonido ac\u00fastico y contempor\u00e1neo.<\/p>\n<p>En esta obra con formato disco\/ libro, aportaron sus textos Carlos Polimeni, Nancy \u00c1balos, Reynaldo Sietecase, Rafael Bielsa, Mariano del Mazo, Gabriela Bruzos, Julio C\u00e9sar Petrarca, Bel\u00e9n L\u00f3pez del R\u00edo, Ricardo Arriagada y Sylvia Zabzuk.<\/p>\n<p>La presentaci\u00f3n oficial ser\u00e1 el s\u00e1bado 13 de mayo a las 21, en Caf\u00e9 Vinilo, el reducto ubicado en Estados Unidos 2483.<\/p>\n<p><iframe loading=\"lazy\" title=\"YouTube video player\" src=\"https:\/\/www.youtube.com\/embed\/w3DFOGUDnLg\" width=\"560\" height=\"315\" frameborder=\"0\" allowfullscreen=\"allowfullscreen\"><\/iframe><\/p>\n<p>Ser\u00e1n de la partida <strong>Luis Caro<\/strong> en voz y realizaci\u00f3n art\u00edstica, <strong>Juan Ferm\u00edn Ferraris<\/strong> en piano, arreglos y coros, <strong>Nico Pasetti<\/strong> en &nbsp;contrabajo y <strong>Juan Miguel Carotenuto<\/strong> en bater\u00eda.<\/p>\n<p>Este proyecto de car\u00e1cter multidisciplinario &#8211; del que participaron escritores, fot\u00f3grafos y artistas pl\u00e1sticos &#8211; conformado con la edici\u00f3n de dos discos,<em><strong> \u201cPa\u00eds Semejante\u201d (60\/80)&nbsp; y \u201cPa\u00eds Semejante 2\u201d (80\/ 2001)<\/strong><\/em>, fue seleccionado por Cultura de la Naci\u00f3n para la convocatoria MAPEM (M\u00fasica Argentina para el Mundo) en el a\u00f1o 2021.<\/p>\n<p>\u201cPa\u00eds Semejante 2\u201d &nbsp;est\u00e1 definido como \u201cun intento por llegar al hueso de estas canciones, de resignificarlas, de tener la posibilidad de contribuir m\u00ednimamente a la belleza, a la memoria y a la identidad cultural\u201d.<\/p>\n<p>&nbsp;<\/p>\n<div style=\"padding-bottom:20px; padding-top:10px;\" class=\"hupso-share-buttons\"><!-- Hupso Share Buttons - https:\/\/www.hupso.com\/share\/ --><a class=\"hupso_counters\" href=\"https:\/\/www.hupso.com\/share\/\"><img decoding=\"async\" src=\"http:\/\/static.hupso.com\/share\/buttons\/lang\/es\/share-small.png\" style=\"border:0px; padding-top:2px; float:left;\" alt=\"Share Button\"\/><\/a><script type=\"text\/javascript\">var hupso_services_c=new Array(\"twitter\",\"facebook_like\",\"google\");var hupso_counters_lang = \"es_LA\";var hupso_image_folder_url = \"\";var hupso_twitter_via=\"crsyvrs\";var hupso_url_c=\"\";<\/script><script type=\"text\/javascript\" src=\"http:\/\/static.hupso.com\/share\/js\/counters.js\"><\/script><!-- Hupso Share Buttons --><\/div> ","protected":false},"excerpt":{"rendered":"<div style=\"padding-bottom:20px; padding-top:10px;\" class=\"hupso-share-buttons\"><!-- Hupso Share Buttons - https:\/\/www.hupso.com\/share\/ --><a class=\"hupso_counters\" href=\"https:\/\/www.hupso.com\/share\/\"><img src=\"http:\/\/static.hupso.com\/share\/buttons\/lang\/es\/share-small.png\" style=\"border:0px; padding-top:2px; float:left;\" alt=\"Share Button\"\/><\/a><script type=\"text\/javascript\">var hupso_services_c=new Array(\"twitter\",\"facebook_like\",\"google\");var hupso_counters_lang = \"es_LA\";var hupso_image_folder_url = \"\";var hupso_twitter_via=\"crsyvrs\";var hupso_url_c=\"\";<\/script><script type=\"text\/javascript\" src=\"http:\/\/static.hupso.com\/share\/js\/counters.js\"><\/script><!-- Hupso Share Buttons --><\/div><p>Se trata de una recreaci\u00f3n &nbsp;del artista marplatense sobre canciones&nbsp; de compositores de la m\u00fasica popular argentina. El m\u00fasico marplatense Luis Caro presenta \u00abPa\u00eds Semejante 2\u00bb, una personal recreaci\u00f3n sobre canciones &nbsp;de compositores de la m\u00fasica popular argentina entre&#46;&#46;&#46;<\/p>\n<div style=\"padding-bottom:20px; padding-top:10px;\" class=\"hupso-share-buttons\"><!-- Hupso Share Buttons - https:\/\/www.hupso.com\/share\/ --><a class=\"hupso_counters\" href=\"https:\/\/www.hupso.com\/share\/\"><img src=\"http:\/\/static.hupso.com\/share\/buttons\/lang\/es\/share-small.png\" style=\"border:0px; padding-top:2px; float:left;\" alt=\"Share Button\"\/><\/a><script type=\"text\/javascript\">var hupso_services_c=new Array(\"twitter\",\"facebook_like\",\"google\");var hupso_counters_lang = \"es_LA\";var hupso_image_folder_url = \"\";var hupso_twitter_via=\"crsyvrs\";var hupso_url_c=\"\";<\/script><script type=\"text\/javascript\" src=\"http:\/\/static.hupso.com\/share\/js\/counters.js\"><\/script><!-- Hupso Share Buttons --><\/div>","protected":false},"author":5,"featured_media":36273,"comment_status":"closed","ping_status":"closed","sticky":false,"template":"","format":"standard","meta":{"footnotes":""},"categories":[3],"tags":[],"class_list":["post-36272","post","type-post","status-publish","format-standard","has-post-thumbnail","hentry","category-musica"],"_links":{"self":[{"href":"http:\/\/cronicasyversiones.com\/index.php?rest_route=\/wp\/v2\/posts\/36272","targetHints":{"allow":["GET"]}}],"collection":[{"href":"http:\/\/cronicasyversiones.com\/index.php?rest_route=\/wp\/v2\/posts"}],"about":[{"href":"http:\/\/cronicasyversiones.com\/index.php?rest_route=\/wp\/v2\/types\/post"}],"author":[{"embeddable":true,"href":"http:\/\/cronicasyversiones.com\/index.php?rest_route=\/wp\/v2\/users\/5"}],"replies":[{"embeddable":true,"href":"http:\/\/cronicasyversiones.com\/index.php?rest_route=%2Fwp%2Fv2%2Fcomments&post=36272"}],"version-history":[{"count":2,"href":"http:\/\/cronicasyversiones.com\/index.php?rest_route=\/wp\/v2\/posts\/36272\/revisions"}],"predecessor-version":[{"id":36564,"href":"http:\/\/cronicasyversiones.com\/index.php?rest_route=\/wp\/v2\/posts\/36272\/revisions\/36564"}],"wp:featuredmedia":[{"embeddable":true,"href":"http:\/\/cronicasyversiones.com\/index.php?rest_route=\/wp\/v2\/media\/36273"}],"wp:attachment":[{"href":"http:\/\/cronicasyversiones.com\/index.php?rest_route=%2Fwp%2Fv2%2Fmedia&parent=36272"}],"wp:term":[{"taxonomy":"category","embeddable":true,"href":"http:\/\/cronicasyversiones.com\/index.php?rest_route=%2Fwp%2Fv2%2Fcategories&post=36272"},{"taxonomy":"post_tag","embeddable":true,"href":"http:\/\/cronicasyversiones.com\/index.php?rest_route=%2Fwp%2Fv2%2Ftags&post=36272"}],"curies":[{"name":"wp","href":"https:\/\/api.w.org\/{rel}","templated":true}]}}