{"id":36331,"date":"2023-04-03T07:43:34","date_gmt":"2023-04-03T10:43:34","guid":{"rendered":"http:\/\/cronicasyversiones.com\/?p=36331"},"modified":"2023-04-03T07:43:35","modified_gmt":"2023-04-03T10:43:35","slug":"mariana-quinteros-presenta-tango-nuevos-ayres","status":"publish","type":"post","link":"http:\/\/cronicasyversiones.com\/?p=36331","title":{"rendered":"Mariana Quinteros presenta \u201cTango Nuevos Ayres\u201d"},"content":{"rendered":"<div style=\"padding-bottom:20px; padding-top:10px;\" class=\"hupso-share-buttons\"><!-- Hupso Share Buttons - https:\/\/www.hupso.com\/share\/ --><a class=\"hupso_counters\" href=\"https:\/\/www.hupso.com\/share\/\"><img decoding=\"async\" src=\"http:\/\/static.hupso.com\/share\/buttons\/lang\/es\/share-small.png\" style=\"border:0px; padding-top:2px; float:left;\" alt=\"Share Button\"\/><\/a><script type=\"text\/javascript\">var hupso_services_c=new Array(\"twitter\",\"facebook_like\",\"google\");var hupso_counters_lang = \"es_LA\";var hupso_image_folder_url = \"\";var hupso_twitter_via=\"crsyvrs\";var hupso_url_c=\"\";<\/script><script type=\"text\/javascript\" src=\"http:\/\/static.hupso.com\/share\/js\/counters.js\"><\/script><!-- Hupso Share Buttons --><\/div><h2>La artista argentina radicada en Estados Unidos est\u00e1 regreso para mostrar as canciones de su nuevo disco en Buenos Aires y Santa Fe.<\/h2>\n<p><img loading=\"lazy\" decoding=\"async\" class=\"size-medium wp-image-36332 aligncenter\" src=\"http:\/\/cronicasyversiones.com\/wp-content\/uploads\/2023\/03\/mariana-300x229.jpg\" alt=\"\" width=\"300\" height=\"229\" srcset=\"http:\/\/cronicasyversiones.com\/wp-content\/uploads\/2023\/03\/mariana-300x229.jpg 300w, http:\/\/cronicasyversiones.com\/wp-content\/uploads\/2023\/03\/mariana-1024x783.jpg 1024w, http:\/\/cronicasyversiones.com\/wp-content\/uploads\/2023\/03\/mariana-768x587.jpg 768w, http:\/\/cronicasyversiones.com\/wp-content\/uploads\/2023\/03\/mariana.jpg 1140w\" sizes=\"auto, (max-width: 300px) 100vw, 300px\" \/><\/p>\n<p><strong>Mariana Quinteros<\/strong>, la cantante argentina radicada en los Estados Unidos, presentar\u00e1 en vivo en Buenos Aires y en Santa Fe <em><strong>\u201cTango Nuevos Ayres\u201d,<\/strong><\/em> su \u00faltimo disco nominado a los Grammy 2022.<\/p>\n<p>La primera presentaci\u00f3n ser\u00e1 l mi\u00e9rcoles 19 de abril 20 en <strong>Bebop Club,<\/strong> Uriarte 1658, en el barrio de Palermo.<\/p>\n<p>Luego, el viernes 21 de abril a las 21 saldr\u00e1 a escena en<strong> Teatro Verdi,&nbsp;<\/strong> Moreno 277 en Ca\u00f1ada de G\u00f3mez, provincia de Santa Fe.<\/p>\n<p>&nbsp;<\/p>\n<blockquote class=\"instagram-media\" style=\"background: #FFF; border: 0; border-radius: 3px; box-shadow: 0 0 1px 0 rgba(0,0,0,0.5),0 1px 10px 0 rgba(0,0,0,0.15); margin: 1px; max-width: 540px; min-width: 326px; padding: 0; width: calc(100% - 2px);\" data-instgrm-captioned=\"\" data-instgrm-permalink=\"https:\/\/www.instagram.com\/p\/CpyTbV5Pz-e\/?utm_source=ig_embed&amp;utm_campaign=loading\" data-instgrm-version=\"14\">\n<div style=\"padding: 16px;\">\n<p>&nbsp;<\/p>\n<div style=\"display: flex; flex-direction: row; align-items: center;\">\n<div style=\"background-color: #f4f4f4; border-radius: 50%; flex-grow: 0; height: 40px; margin-right: 14px; width: 40px;\"><\/div>\n<div style=\"display: flex; flex-direction: column; flex-grow: 1; justify-content: center;\">\n<div style=\"background-color: #f4f4f4; border-radius: 4px; flex-grow: 0; height: 14px; margin-bottom: 6px; width: 100px;\"><\/div>\n<div style=\"background-color: #f4f4f4; border-radius: 4px; flex-grow: 0; height: 14px; width: 60px;\"><\/div>\n<\/div>\n<\/div>\n<div style=\"padding: 19% 0;\"><\/div>\n<div style=\"display: block; height: 50px; margin: 0 auto 12px; width: 50px;\"><\/div>\n<div style=\"padding-top: 8px;\">\n<div style=\"color: #3897f0; font-family: Arial,sans-serif; font-size: 14px; font-style: normal; font-weight: 550; line-height: 18px;\">Ver esta publicaci\u00f3n en Instagram<\/div>\n<\/div>\n<div style=\"padding: 12.5% 0;\"><\/div>\n<div style=\"display: flex; flex-direction: row; margin-bottom: 14px; align-items: center;\">\n<div>\n<div style=\"background-color: #f4f4f4; border-radius: 50%; height: 12.5px; width: 12.5px; transform: translateX(0px) translateY(7px);\"><\/div>\n<div style=\"background-color: #f4f4f4; height: 12.5px; transform: rotate(-45deg) translateX(3px) translateY(1px); width: 12.5px; flex-grow: 0; margin-right: 14px; margin-left: 2px;\"><\/div>\n<div style=\"background-color: #f4f4f4; border-radius: 50%; height: 12.5px; width: 12.5px; transform: translateX(9px) translateY(-18px);\"><\/div>\n<\/div>\n<div style=\"margin-left: 8px;\">\n<div style=\"background-color: #f4f4f4; border-radius: 50%; flex-grow: 0; height: 20px; width: 20px;\"><\/div>\n<div style=\"width: 0; height: 0; border-top: 2px solid transparent; border-left: 6px solid #f4f4f4; border-bottom: 2px solid transparent; transform: translateX(16px) translateY(-4px) rotate(30deg);\"><\/div>\n<\/div>\n<div style=\"margin-left: auto;\">\n<div style=\"width: 0px; border-top: 8px solid #F4F4F4; border-right: 8px solid transparent; transform: translateY(16px);\"><\/div>\n<div style=\"background-color: #f4f4f4; flex-grow: 0; height: 12px; width: 16px; transform: translateY(-4px);\"><\/div>\n<div style=\"width: 0; height: 0; border-top: 8px solid #F4F4F4; border-left: 8px solid transparent; transform: translateY(-4px) translateX(8px);\"><\/div>\n<\/div>\n<\/div>\n<div style=\"display: flex; flex-direction: column; flex-grow: 1; justify-content: center; margin-bottom: 24px;\">\n<div style=\"background-color: #f4f4f4; border-radius: 4px; flex-grow: 0; height: 14px; margin-bottom: 6px; width: 224px;\"><\/div>\n<div style=\"background-color: #f4f4f4; border-radius: 4px; flex-grow: 0; height: 14px; width: 144px;\"><\/div>\n<\/div>\n<p>&nbsp;<\/p>\n<p style=\"color: #c9c8cd; font-family: Arial,sans-serif; font-size: 14px; line-height: 17px; margin-bottom: 0; margin-top: 8px; overflow: hidden; padding: 8px 0 7px; text-align: center; text-overflow: ellipsis; white-space: nowrap;\"><a style=\"color: #c9c8cd; font-family: Arial,sans-serif; font-size: 14px; font-style: normal; font-weight: normal; line-height: 17px; text-decoration: none;\" href=\"https:\/\/www.instagram.com\/p\/CpyTbV5Pz-e\/?utm_source=ig_embed&amp;utm_campaign=loading\" target=\"_blank\" rel=\"noopener\">Una publicaci\u00f3n compartida de Mariana Quinteros | Tango (@marianaquinterosmusic)<\/a><\/p>\n<\/div>\n<\/blockquote>\n<p><script async=\"\" src=\"\/\/www.instagram.com\/embed.js\"><\/script><\/p>\n<p>El repertorio de concierto incluir\u00e1 varias obras de su \u00faltimo disco, <em><strong>\u201cTango de Nuevos Ayres\u201d,<\/strong><\/em> sin estrenar a\u00fan en Argentina y, otros tangos de todos los tiempos interpretados con arreglos propios<\/p>\n<p>La acompa\u00f1ar\u00e1n Anibal Berraute en direcci\u00f3n musical y piano, Nicol\u00e1s Perrone&nbsp; en bandone\u00f3n, Daniel Falasca en contrabajo, Serdar Geldymuradov&nbsp; en viol\u00edn y Tony Trapanotto&nbsp; en percusi\u00f3n<\/p>\n<p>El cantnate invitado ser\u00e1 el Negro Fal\u00f3tico, quien interpretar\u00e1 a d\u00fao con Mariana Quinteros \u201d El d\u00eda que me quieras\u201d y \u201cConvencernos\u201d, de Eladia Bl\u00e1zquez<\/p>\n<blockquote><p>\u201cPara m\u00ed regresar a Argentina despu\u00e9s de muchos a\u00f1os sin venir es una experiencia apasionante, y me emociona mucho saber que voy a poder presentar al p\u00fablico de m\u00ed pa\u00eds mi \u00faltimo trabajo discogr\u00e1fico&nbsp; \u00abTango de Nuevos Ayres\u00bb, que resume y representa el crecimiento y la maduraci\u00f3n como cantante e int\u00e9rprete que he tenido todo este tiempo a lo largo de los escenarios de otros pa\u00edses con p\u00fablicos de diferentes culturas\u201d, dice Mariana.<\/p><\/blockquote>\n<p><iframe loading=\"lazy\" title=\"YouTube video player\" src=\"https:\/\/www.youtube.com\/embed\/hT9rOumjs4w\" width=\"560\" height=\"315\" frameborder=\"0\" allowfullscreen=\"allowfullscreen\"><\/iframe><\/p>\n<p>Mariana Quinteros, quien ya se ha convertido en una de las voces expresivas emergentes dentro del tango internacional,&nbsp; aparece aqu\u00ed con esta nueva propuesta brindando no solo su talento sino su sello art\u00edstico y su abordaje particular.<\/p>\n<p>Participan en la producci\u00f3n algunos de los mejores m\u00fasicos del g\u00e9nero y tambi\u00e9n algunos invitados como Chico Novarro (Recitado en la obra Cord\u00f3n), Gabriel Mores (D\u00fao en la pieza El d\u00eda que me quieras), Daniel Mazza (Bajo en el Candombe de dos orillas), N\u00e9stor Torres (Flauta en el Candombe de dos orillas), quienes aportan su talento y le otorgan brillo \u00fanico a esta admirable&nbsp; propuesta.<\/p>\n<div style=\"padding-bottom:20px; padding-top:10px;\" class=\"hupso-share-buttons\"><!-- Hupso Share Buttons - https:\/\/www.hupso.com\/share\/ --><a class=\"hupso_counters\" href=\"https:\/\/www.hupso.com\/share\/\"><img decoding=\"async\" src=\"http:\/\/static.hupso.com\/share\/buttons\/lang\/es\/share-small.png\" style=\"border:0px; padding-top:2px; float:left;\" alt=\"Share Button\"\/><\/a><script type=\"text\/javascript\">var hupso_services_c=new Array(\"twitter\",\"facebook_like\",\"google\");var hupso_counters_lang = \"es_LA\";var hupso_image_folder_url = \"\";var hupso_twitter_via=\"crsyvrs\";var hupso_url_c=\"\";<\/script><script type=\"text\/javascript\" src=\"http:\/\/static.hupso.com\/share\/js\/counters.js\"><\/script><!-- Hupso Share Buttons --><\/div> ","protected":false},"excerpt":{"rendered":"<div style=\"padding-bottom:20px; padding-top:10px;\" class=\"hupso-share-buttons\"><!-- Hupso Share Buttons - https:\/\/www.hupso.com\/share\/ --><a class=\"hupso_counters\" href=\"https:\/\/www.hupso.com\/share\/\"><img src=\"http:\/\/static.hupso.com\/share\/buttons\/lang\/es\/share-small.png\" style=\"border:0px; padding-top:2px; float:left;\" alt=\"Share Button\"\/><\/a><script type=\"text\/javascript\">var hupso_services_c=new Array(\"twitter\",\"facebook_like\",\"google\");var hupso_counters_lang = \"es_LA\";var hupso_image_folder_url = \"\";var hupso_twitter_via=\"crsyvrs\";var hupso_url_c=\"\";<\/script><script type=\"text\/javascript\" src=\"http:\/\/static.hupso.com\/share\/js\/counters.js\"><\/script><!-- Hupso Share Buttons --><\/div><p>La artista argentina radicada en Estados Unidos est\u00e1 regreso para mostrar as canciones de su nuevo disco en Buenos Aires y Santa Fe. Mariana Quinteros, la cantante argentina radicada en los Estados Unidos, presentar\u00e1 en vivo en Buenos Aires&#46;&#46;&#46;<\/p>\n<div style=\"padding-bottom:20px; padding-top:10px;\" class=\"hupso-share-buttons\"><!-- Hupso Share Buttons - https:\/\/www.hupso.com\/share\/ --><a class=\"hupso_counters\" href=\"https:\/\/www.hupso.com\/share\/\"><img src=\"http:\/\/static.hupso.com\/share\/buttons\/lang\/es\/share-small.png\" style=\"border:0px; padding-top:2px; float:left;\" alt=\"Share Button\"\/><\/a><script type=\"text\/javascript\">var hupso_services_c=new Array(\"twitter\",\"facebook_like\",\"google\");var hupso_counters_lang = \"es_LA\";var hupso_image_folder_url = \"\";var hupso_twitter_via=\"crsyvrs\";var hupso_url_c=\"\";<\/script><script type=\"text\/javascript\" src=\"http:\/\/static.hupso.com\/share\/js\/counters.js\"><\/script><!-- Hupso Share Buttons --><\/div>","protected":false},"author":5,"featured_media":36332,"comment_status":"closed","ping_status":"closed","sticky":false,"template":"","format":"standard","meta":{"footnotes":""},"categories":[3],"tags":[467],"class_list":["post-36331","post","type-post","status-publish","format-standard","has-post-thumbnail","hentry","category-musica","tag-tango"],"_links":{"self":[{"href":"http:\/\/cronicasyversiones.com\/index.php?rest_route=\/wp\/v2\/posts\/36331","targetHints":{"allow":["GET"]}}],"collection":[{"href":"http:\/\/cronicasyversiones.com\/index.php?rest_route=\/wp\/v2\/posts"}],"about":[{"href":"http:\/\/cronicasyversiones.com\/index.php?rest_route=\/wp\/v2\/types\/post"}],"author":[{"embeddable":true,"href":"http:\/\/cronicasyversiones.com\/index.php?rest_route=\/wp\/v2\/users\/5"}],"replies":[{"embeddable":true,"href":"http:\/\/cronicasyversiones.com\/index.php?rest_route=%2Fwp%2Fv2%2Fcomments&post=36331"}],"version-history":[{"count":2,"href":"http:\/\/cronicasyversiones.com\/index.php?rest_route=\/wp\/v2\/posts\/36331\/revisions"}],"predecessor-version":[{"id":36357,"href":"http:\/\/cronicasyversiones.com\/index.php?rest_route=\/wp\/v2\/posts\/36331\/revisions\/36357"}],"wp:featuredmedia":[{"embeddable":true,"href":"http:\/\/cronicasyversiones.com\/index.php?rest_route=\/wp\/v2\/media\/36332"}],"wp:attachment":[{"href":"http:\/\/cronicasyversiones.com\/index.php?rest_route=%2Fwp%2Fv2%2Fmedia&parent=36331"}],"wp:term":[{"taxonomy":"category","embeddable":true,"href":"http:\/\/cronicasyversiones.com\/index.php?rest_route=%2Fwp%2Fv2%2Fcategories&post=36331"},{"taxonomy":"post_tag","embeddable":true,"href":"http:\/\/cronicasyversiones.com\/index.php?rest_route=%2Fwp%2Fv2%2Ftags&post=36331"}],"curies":[{"name":"wp","href":"https:\/\/api.w.org\/{rel}","templated":true}]}}