{"id":3662,"date":"2014-09-23T14:13:21","date_gmt":"2014-09-23T17:13:21","guid":{"rendered":"http:\/\/cronicasyversiones.com\/?p=3662"},"modified":"2014-09-23T14:13:21","modified_gmt":"2014-09-23T17:13:21","slug":"bob-dylan-la-persona-del-ano-de-los-grammy","status":"publish","type":"post","link":"http:\/\/cronicasyversiones.com\/?p=3662","title":{"rendered":"Bob Dylan, la Persona del A\u00f1o de los Grammy"},"content":{"rendered":"<div style=\"padding-bottom:20px; padding-top:10px;\" class=\"hupso-share-buttons\"><!-- Hupso Share Buttons - https:\/\/www.hupso.com\/share\/ --><a class=\"hupso_counters\" href=\"https:\/\/www.hupso.com\/share\/\"><img decoding=\"async\" src=\"http:\/\/static.hupso.com\/share\/buttons\/lang\/es\/share-small.png\" style=\"border:0px; padding-top:2px; float:left;\" alt=\"Share Button\"\/><\/a><script type=\"text\/javascript\">var hupso_services_c=new Array(\"twitter\",\"facebook_like\",\"google\");var hupso_counters_lang = \"es_LA\";var hupso_image_folder_url = \"\";var hupso_twitter_via=\"crsyvrs\";var hupso_url_c=\"\";<\/script><script type=\"text\/javascript\" src=\"http:\/\/static.hupso.com\/share\/js\/counters.js\"><\/script><!-- Hupso Share Buttons --><\/div><h2 style=\"text-align: justify;\">El veterano trovador estadounidense ser\u00e1 homenajeado con un tributo a su figura y su m\u00fasica y a la cita concurrir\u00e1n de Beck, The Black Keys, Crosby, Stills &amp; Nash, Norah Jones y Tom Jones, entre otros.<\/h2>\n<p><a href=\"http:\/\/cronicasyversiones.com\/wp-content\/uploads\/2014\/09\/bob-dylan_2303530b.jpg\"><img loading=\"lazy\" decoding=\"async\" class=\"size-full wp-image-3663 aligncenter\" src=\"http:\/\/cronicasyversiones.com\/wp-content\/uploads\/2014\/09\/bob-dylan_2303530b.jpg\" alt=\"bob-dylan_2303530b\" width=\"620\" height=\"387\" srcset=\"http:\/\/cronicasyversiones.com\/wp-content\/uploads\/2014\/09\/bob-dylan_2303530b.jpg 620w, http:\/\/cronicasyversiones.com\/wp-content\/uploads\/2014\/09\/bob-dylan_2303530b-300x187.jpg 300w\" sizes=\"auto, (max-width: 620px) 100vw, 620px\" \/><\/a><\/p>\n<p style=\"text-align: justify;\"><a title=\"Bob Dylan\" href=\"http:\/\/cronicasyversiones.com\/?p=3366\" target=\"_blank\"><strong>Bob Dylan<\/strong><\/a> recibir\u00e1 el premio a la <strong>Persona del A\u00f1o<\/strong> en la 57 edici\u00f3n de los<strong> Grammy,<\/strong> seg\u00fan adelant\u00f3 en un comunicado la Academia de la Grabaci\u00f3n.<\/p>\n<p style=\"text-align: justify;\">El veterano trovador estadounidense ser\u00e1 homenajeado con un<strong> tributo a su figura y su m\u00fasica<\/strong> el 6 de febrero, dos d\u00edas antes de que se realice la entrega de los Grammy.<\/p>\n<p style=\"text-align: justify;\">Lo recaudado en la celebraci\u00f3n ir\u00e1n a las arcas de la <strong>Fundaci\u00f3n MusiCares,<\/strong> asociada a la Academia de la Grabaci\u00f3n, cuya noble fin es ayudar econ\u00f3micamente a los m\u00fasicos que transitan por dificultades monetarias, de salud y personales.<\/p>\n<p style=\"text-align: justify;\">El homenaje al autor de <em><strong>\u201c<a title=\"Like a Rolling Stones\" href=\"http:\/\/cronicasyversiones.com\/?p=2485\" target=\"_blank\">Like a Rolling Stone<\/a>\u201d<\/strong><\/em> contar\u00e1 con la presencia de <strong>Beck, The Black Keys, Crosby, Stills &amp; Nash, Norah Jones<\/strong>, Tom Jones, Los Lobos, John Mellencamp, Willie Nelson, Bonnie Raitt, Eddie Vedder, <a title=\"Jack White\" href=\"http:\/\/cronicasyversiones.com\/?p=3035\" target=\"_blank\">Jack White<\/a>, Neil Young y John Doe, entre otros.<\/p>\n<p style=\"text-align: justify;\">\u00abPara celebrar el 25 aniversario del tributo a la Persona del A\u00f1o lo m\u00e1s adecuado era homenajear a Bob Dylan, <strong>cuyo trabajo ha contribuido a la cultura de Am\u00e9rica<\/strong> y a la del resto del mundo de forma genuina y duradera\u00bb, indic\u00f3 Neil Portnow, presidente de la Academia de la Grabaci\u00f3n.<\/p>\n<p style=\"text-align: justify;\"><strong>\u00abSu habilidad como compositor no tiene igual<\/strong>, y ser\u00e1 una noche extraordinaria para escuchar su trabajo interpretado por un grupo tan magn\u00edfico de artistas\u00bb, agreg\u00f3 Bill Silva, presidente de la Fundaci\u00f3n.<\/p>\n<p style=\"text-align: justify;\">La 57 edici\u00f3n de los Grammy, los premios m\u00e1s importantes de la m\u00fasica, se celebrar\u00e1 el 8 de febrero en el <strong>Staples Center de Los \u00c1ngeles<\/strong>, California.<\/p>\n<p style=\"text-align: justify;\">\n<div style=\"padding-bottom:20px; padding-top:10px;\" class=\"hupso-share-buttons\"><!-- Hupso Share Buttons - https:\/\/www.hupso.com\/share\/ --><a class=\"hupso_counters\" href=\"https:\/\/www.hupso.com\/share\/\"><img decoding=\"async\" src=\"http:\/\/static.hupso.com\/share\/buttons\/lang\/es\/share-small.png\" style=\"border:0px; padding-top:2px; float:left;\" alt=\"Share Button\"\/><\/a><script type=\"text\/javascript\">var hupso_services_c=new Array(\"twitter\",\"facebook_like\",\"google\");var hupso_counters_lang = \"es_LA\";var hupso_image_folder_url = \"\";var hupso_twitter_via=\"crsyvrs\";var hupso_url_c=\"\";<\/script><script type=\"text\/javascript\" src=\"http:\/\/static.hupso.com\/share\/js\/counters.js\"><\/script><!-- Hupso Share Buttons --><\/div> ","protected":false},"excerpt":{"rendered":"<div style=\"padding-bottom:20px; padding-top:10px;\" class=\"hupso-share-buttons\"><!-- Hupso Share Buttons - https:\/\/www.hupso.com\/share\/ --><a class=\"hupso_counters\" href=\"https:\/\/www.hupso.com\/share\/\"><img src=\"http:\/\/static.hupso.com\/share\/buttons\/lang\/es\/share-small.png\" style=\"border:0px; padding-top:2px; float:left;\" alt=\"Share Button\"\/><\/a><script type=\"text\/javascript\">var hupso_services_c=new Array(\"twitter\",\"facebook_like\",\"google\");var hupso_counters_lang = \"es_LA\";var hupso_image_folder_url = \"\";var hupso_twitter_via=\"crsyvrs\";var hupso_url_c=\"\";<\/script><script type=\"text\/javascript\" src=\"http:\/\/static.hupso.com\/share\/js\/counters.js\"><\/script><!-- Hupso Share Buttons --><\/div><p>El veterano trovador estadounidense ser\u00e1 homenajeado con un tributo a su figura y su m\u00fasica y a la cita concurrir\u00e1n de Beck, The Black Keys, Crosby, Stills &amp; Nash, Norah Jones y Tom Jones, entre otros. Bob Dylan recibir\u00e1&#46;&#46;&#46;<\/p>\n<div style=\"padding-bottom:20px; padding-top:10px;\" class=\"hupso-share-buttons\"><!-- Hupso Share Buttons - https:\/\/www.hupso.com\/share\/ --><a class=\"hupso_counters\" href=\"https:\/\/www.hupso.com\/share\/\"><img src=\"http:\/\/static.hupso.com\/share\/buttons\/lang\/es\/share-small.png\" style=\"border:0px; padding-top:2px; float:left;\" alt=\"Share Button\"\/><\/a><script type=\"text\/javascript\">var hupso_services_c=new Array(\"twitter\",\"facebook_like\",\"google\");var hupso_counters_lang = \"es_LA\";var hupso_image_folder_url = \"\";var hupso_twitter_via=\"crsyvrs\";var hupso_url_c=\"\";<\/script><script type=\"text\/javascript\" src=\"http:\/\/static.hupso.com\/share\/js\/counters.js\"><\/script><!-- Hupso Share Buttons --><\/div>","protected":false},"author":5,"featured_media":0,"comment_status":"open","ping_status":"open","sticky":false,"template":"","format":"standard","meta":{"footnotes":""},"categories":[3],"tags":[2891,104,483,2890,2300,2892,2893],"class_list":["post-3662","post","type-post","status-publish","format-standard","hentry","category-musica","tag-beck","tag-bob-dylan","tag-grammy","tag-like-a-rolling-stone","tag-neil-young","tag-norah-jones","tag-tom-jones"],"_links":{"self":[{"href":"http:\/\/cronicasyversiones.com\/index.php?rest_route=\/wp\/v2\/posts\/3662","targetHints":{"allow":["GET"]}}],"collection":[{"href":"http:\/\/cronicasyversiones.com\/index.php?rest_route=\/wp\/v2\/posts"}],"about":[{"href":"http:\/\/cronicasyversiones.com\/index.php?rest_route=\/wp\/v2\/types\/post"}],"author":[{"embeddable":true,"href":"http:\/\/cronicasyversiones.com\/index.php?rest_route=\/wp\/v2\/users\/5"}],"replies":[{"embeddable":true,"href":"http:\/\/cronicasyversiones.com\/index.php?rest_route=%2Fwp%2Fv2%2Fcomments&post=3662"}],"version-history":[{"count":0,"href":"http:\/\/cronicasyversiones.com\/index.php?rest_route=\/wp\/v2\/posts\/3662\/revisions"}],"wp:attachment":[{"href":"http:\/\/cronicasyversiones.com\/index.php?rest_route=%2Fwp%2Fv2%2Fmedia&parent=3662"}],"wp:term":[{"taxonomy":"category","embeddable":true,"href":"http:\/\/cronicasyversiones.com\/index.php?rest_route=%2Fwp%2Fv2%2Fcategories&post=3662"},{"taxonomy":"post_tag","embeddable":true,"href":"http:\/\/cronicasyversiones.com\/index.php?rest_route=%2Fwp%2Fv2%2Ftags&post=3662"}],"curies":[{"name":"wp","href":"https:\/\/api.w.org\/{rel}","templated":true}]}}