{"id":36637,"date":"2023-05-15T17:40:49","date_gmt":"2023-05-15T20:40:49","guid":{"rendered":"http:\/\/cronicasyversiones.com\/?p=36637"},"modified":"2023-05-15T17:40:50","modified_gmt":"2023-05-15T20:40:50","slug":"adrian-iaies-dirige-un-tributo-a-artaud-en-el-teatro-colon","status":"publish","type":"post","link":"http:\/\/cronicasyversiones.com\/?p=36637","title":{"rendered":"Adri\u00e1n Iaies dirige un tributo a  \u201cArtaud\u201d en el Teatro Col\u00f3n"},"content":{"rendered":"<div style=\"padding-bottom:20px; padding-top:10px;\" class=\"hupso-share-buttons\"><!-- Hupso Share Buttons - https:\/\/www.hupso.com\/share\/ --><a class=\"hupso_counters\" href=\"https:\/\/www.hupso.com\/share\/\"><img decoding=\"async\" src=\"http:\/\/static.hupso.com\/share\/buttons\/lang\/es\/share-small.png\" style=\"border:0px; padding-top:2px; float:left;\" alt=\"Share Button\"\/><\/a><script type=\"text\/javascript\">var hupso_services_c=new Array(\"twitter\",\"facebook_like\",\"google\");var hupso_counters_lang = \"es_LA\";var hupso_image_folder_url = \"\";var hupso_twitter_via=\"crsyvrs\";var hupso_url_c=\"\";<\/script><script type=\"text\/javascript\" src=\"http:\/\/static.hupso.com\/share\/js\/counters.js\"><\/script><!-- Hupso Share Buttons --><\/div><h2>Se trata de \u00abMa\u00f1ana es mejor\u00bb, una propuesta centrada en ic\u00f3nico \u00e1lbum de Luis Alberto Spinetta pronto a cumplir 50 a\u00f1os.<\/h2>\n<p><img loading=\"lazy\" decoding=\"async\" class=\"size-full wp-image-36638 aligncenter\" src=\"http:\/\/cronicasyversiones.com\/wp-content\/uploads\/2023\/05\/descarga-1.jpg\" alt=\"\" width=\"275\" height=\"183\"\/><\/p>\n<p><em><strong>\u00abMa\u00f1ana es mejor\u00bb,<\/strong><\/em> el &nbsp;tributo del <strong>Teatro Col\u00f3n<\/strong> a<strong> Luis Alberto Spinetta<\/strong> centrado en el \u00e1lbum <em><strong>\u00abArtaud\u00bb,<\/strong><\/em> de cuya publicaci\u00f3n se cumplir\u00e1n 50 a\u00f1os en octubre pr\u00f3ximo, saldr\u00e1 a escena el lunes 22 bajo direcci\u00f3n musical del pianista <strong>Adri\u00e1n Iaies.<\/strong><\/p>\n<p>La celebraci\u00f3n del medio siglo de uno de los discos emblema del \u201cFlaco\u201d y del rock argentino, fue una iniciativa del m\u00e1ximo coliseo nacional, que para ello convoc\u00f3 al autor, pianista, productor y arreglador nacido hace 62 a\u00f1os en Buenos Aires y prominente nombre del jazz.<\/p>\n<p>Para la evocaci\u00f3n a<em><strong> \u00abArtaud\u00bb,<\/strong><\/em> Iaies arm\u00f3 un cuarteto de vientos (Juampi Di Leone en flauta, Lis Rigoni en oboe y corno ingl\u00e9s, Emiliano Alvarez en clarinete en Si bemol y clarinete bajo y Julieta Di Fede en fagot) y otro de cuerdas (Guillermo Rubino en primer viol\u00edn, Natalia Cabello en segundo viol\u00edn, Elizabeth Ridolfi en viola y Paula Pomeraniec en violoncello).<\/p>\n<p>Sobre ese octeto a\u00f1adi\u00f3 las guitarras de Rodrigo Agudelo, el contrabajo y bajo el\u00e9ctrico de Santiago Lamisovski, la bater\u00eda y percusi\u00f3n Carto Brand\u00e1n y las voces de Deborah Dixon y Sol Liebeskind, todo bajo direcci\u00f3n orquestal de Ezequiel Fautario y con dos invitados especiales: <strong>Emilio del G\u00fcercio (voz) y Santiago Arias (bandone\u00f3n y voz)<\/strong> en un staff que prescinde del piano.<\/p>\n<p><em><strong>\u00abArtaud\u00bb<\/strong><\/em> constituy\u00f3 el segundo \u00e1lbum solista de Luis Alberto Spinetta para el que sum\u00f3 los aportes de su hermano Gustavo, Rodolfo Garc\u00eda y Emilio del Guercio y figur\u00f3 como tercera placa de su etapa en Pescado Rabioso.<\/p>\n<p>En su registro se cuentan las canciones \u00abTodas las hojas son del viento\u00bb, \u00abCementerio Club\u00bb, \u00abPor\u00bb, \u00abSupercher\u00eda\u00bb, \u00abLa sed verdadera\u00bb, \u00abCantata de puentes amarillos\u00bb, \u00abBajan\u00bb, \u00abA Starosta, el idiota\u00bb y \u00abLas habladur\u00edas del mundo\u00bb, casi todas ellas vitales en la obra del \u00abFlaco\u00bb.<\/p>\n<div style=\"padding-bottom:20px; padding-top:10px;\" class=\"hupso-share-buttons\"><!-- Hupso Share Buttons - https:\/\/www.hupso.com\/share\/ --><a class=\"hupso_counters\" href=\"https:\/\/www.hupso.com\/share\/\"><img decoding=\"async\" src=\"http:\/\/static.hupso.com\/share\/buttons\/lang\/es\/share-small.png\" style=\"border:0px; padding-top:2px; float:left;\" alt=\"Share Button\"\/><\/a><script type=\"text\/javascript\">var hupso_services_c=new Array(\"twitter\",\"facebook_like\",\"google\");var hupso_counters_lang = \"es_LA\";var hupso_image_folder_url = \"\";var hupso_twitter_via=\"crsyvrs\";var hupso_url_c=\"\";<\/script><script type=\"text\/javascript\" src=\"http:\/\/static.hupso.com\/share\/js\/counters.js\"><\/script><!-- Hupso Share Buttons --><\/div> ","protected":false},"excerpt":{"rendered":"<div style=\"padding-bottom:20px; padding-top:10px;\" class=\"hupso-share-buttons\"><!-- Hupso Share Buttons - https:\/\/www.hupso.com\/share\/ --><a class=\"hupso_counters\" href=\"https:\/\/www.hupso.com\/share\/\"><img src=\"http:\/\/static.hupso.com\/share\/buttons\/lang\/es\/share-small.png\" style=\"border:0px; padding-top:2px; float:left;\" alt=\"Share Button\"\/><\/a><script type=\"text\/javascript\">var hupso_services_c=new Array(\"twitter\",\"facebook_like\",\"google\");var hupso_counters_lang = \"es_LA\";var hupso_image_folder_url = \"\";var hupso_twitter_via=\"crsyvrs\";var hupso_url_c=\"\";<\/script><script type=\"text\/javascript\" src=\"http:\/\/static.hupso.com\/share\/js\/counters.js\"><\/script><!-- Hupso Share Buttons --><\/div><p>Se trata de \u00abMa\u00f1ana es mejor\u00bb, una propuesta centrada en ic\u00f3nico \u00e1lbum de Luis Alberto Spinetta pronto a cumplir 50 a\u00f1os. \u00abMa\u00f1ana es mejor\u00bb, el &nbsp;tributo del Teatro Col\u00f3n a Luis Alberto Spinetta centrado en el \u00e1lbum \u00abArtaud\u00bb, de&#46;&#46;&#46;<\/p>\n<div style=\"padding-bottom:20px; padding-top:10px;\" class=\"hupso-share-buttons\"><!-- Hupso Share Buttons - https:\/\/www.hupso.com\/share\/ --><a class=\"hupso_counters\" href=\"https:\/\/www.hupso.com\/share\/\"><img src=\"http:\/\/static.hupso.com\/share\/buttons\/lang\/es\/share-small.png\" style=\"border:0px; padding-top:2px; float:left;\" alt=\"Share Button\"\/><\/a><script type=\"text\/javascript\">var hupso_services_c=new Array(\"twitter\",\"facebook_like\",\"google\");var hupso_counters_lang = \"es_LA\";var hupso_image_folder_url = \"\";var hupso_twitter_via=\"crsyvrs\";var hupso_url_c=\"\";<\/script><script type=\"text\/javascript\" src=\"http:\/\/static.hupso.com\/share\/js\/counters.js\"><\/script><!-- Hupso Share Buttons --><\/div>","protected":false},"author":5,"featured_media":36638,"comment_status":"closed","ping_status":"closed","sticky":false,"template":"","format":"standard","meta":{"footnotes":""},"categories":[3,3944],"tags":[],"class_list":["post-36637","post","type-post","status-publish","format-standard","has-post-thumbnail","hentry","category-musica","category-spinettario"],"_links":{"self":[{"href":"http:\/\/cronicasyversiones.com\/index.php?rest_route=\/wp\/v2\/posts\/36637","targetHints":{"allow":["GET"]}}],"collection":[{"href":"http:\/\/cronicasyversiones.com\/index.php?rest_route=\/wp\/v2\/posts"}],"about":[{"href":"http:\/\/cronicasyversiones.com\/index.php?rest_route=\/wp\/v2\/types\/post"}],"author":[{"embeddable":true,"href":"http:\/\/cronicasyversiones.com\/index.php?rest_route=\/wp\/v2\/users\/5"}],"replies":[{"embeddable":true,"href":"http:\/\/cronicasyversiones.com\/index.php?rest_route=%2Fwp%2Fv2%2Fcomments&post=36637"}],"version-history":[{"count":2,"href":"http:\/\/cronicasyversiones.com\/index.php?rest_route=\/wp\/v2\/posts\/36637\/revisions"}],"predecessor-version":[{"id":36640,"href":"http:\/\/cronicasyversiones.com\/index.php?rest_route=\/wp\/v2\/posts\/36637\/revisions\/36640"}],"wp:featuredmedia":[{"embeddable":true,"href":"http:\/\/cronicasyversiones.com\/index.php?rest_route=\/wp\/v2\/media\/36638"}],"wp:attachment":[{"href":"http:\/\/cronicasyversiones.com\/index.php?rest_route=%2Fwp%2Fv2%2Fmedia&parent=36637"}],"wp:term":[{"taxonomy":"category","embeddable":true,"href":"http:\/\/cronicasyversiones.com\/index.php?rest_route=%2Fwp%2Fv2%2Fcategories&post=36637"},{"taxonomy":"post_tag","embeddable":true,"href":"http:\/\/cronicasyversiones.com\/index.php?rest_route=%2Fwp%2Fv2%2Ftags&post=36637"}],"curies":[{"name":"wp","href":"https:\/\/api.w.org\/{rel}","templated":true}]}}