{"id":36660,"date":"2023-05-21T21:39:32","date_gmt":"2023-05-22T00:39:32","guid":{"rendered":"http:\/\/cronicasyversiones.com\/?p=36660"},"modified":"2023-05-21T21:39:33","modified_gmt":"2023-05-22T00:39:33","slug":"se-estrena-la-ventana-del-arbol-y-ana-frank","status":"publish","type":"post","link":"http:\/\/cronicasyversiones.com\/?p=36660","title":{"rendered":"Se estrena \u00abLa ventana del \u00e1rbol y Ana Frank\u00bb"},"content":{"rendered":"<div style=\"padding-bottom:20px; padding-top:10px;\" class=\"hupso-share-buttons\"><!-- Hupso Share Buttons - https:\/\/www.hupso.com\/share\/ --><a class=\"hupso_counters\" href=\"https:\/\/www.hupso.com\/share\/\"><img decoding=\"async\" src=\"http:\/\/static.hupso.com\/share\/buttons\/lang\/es\/share-small.png\" style=\"border:0px; padding-top:2px; float:left;\" alt=\"Share Button\"\/><\/a><script type=\"text\/javascript\">var hupso_services_c=new Array(\"twitter\",\"facebook_like\",\"google\");var hupso_counters_lang = \"es_LA\";var hupso_image_folder_url = \"\";var hupso_twitter_via=\"crsyvrs\";var hupso_url_c=\"\";<\/script><script type=\"text\/javascript\" src=\"http:\/\/static.hupso.com\/share\/js\/counters.js\"><\/script><!-- Hupso Share Buttons --><\/div><h2>La obra de <strong>Gustavo Gersber<\/strong> cuenta con adaptaci\u00f3n y direcci\u00f3n de Marcia <strong>Alejandra Rago y est\u00e1 interpretada por Clementina Mourier.&nbsp;<\/strong><\/h2>\n<p><img loading=\"lazy\" decoding=\"async\" class=\"size-medium wp-image-36661 aligncenter\" src=\"http:\/\/cronicasyversiones.com\/wp-content\/uploads\/2023\/05\/ana-300x194.png\" alt=\"\" width=\"300\" height=\"194\" srcset=\"http:\/\/cronicasyversiones.com\/wp-content\/uploads\/2023\/05\/ana-300x194.png 300w, http:\/\/cronicasyversiones.com\/wp-content\/uploads\/2023\/05\/ana-1024x661.png 1024w, http:\/\/cronicasyversiones.com\/wp-content\/uploads\/2023\/05\/ana-768x496.png 768w, http:\/\/cronicasyversiones.com\/wp-content\/uploads\/2023\/05\/ana.png 1527w\" sizes=\"auto, (max-width: 300px) 100vw, 300px\" \/><\/p>\n<p><em><strong>\u00abLa ventana del \u00e1rbol y Ana Frank\u00bb<\/strong><\/em>, obra de <strong>Gustavo Gersber<\/strong> con adaptaci\u00f3n y direcci\u00f3n de Marcia <strong>Alejandra Rago,<\/strong> se estrena el s\u00e1bado 3 de junio a las 20 en el porte\u00f1o<strong> teatro Ana Frank.<\/strong><\/p>\n<p>A partir de una consigna escolar, una joven se pondr\u00e1 en la piel de Ana Frank y reflexionar\u00e1 sobre la violencia, la discriminaci\u00f3n, el odio y el amor desde de las propias palabras del diario<strong> (libro \u00abEl diario de Ana Frank\u00bb)<\/strong>, sus sentimientos y el mundo que la rodea.<\/p>\n<p>Luego de esa experiencia y tras conocer la historia, intentar\u00e1 averiguar c\u00f3mo a ella le gustar\u00eda que sus compa\u00f1eros la recuerden en un futuro.<\/p>\n<p>La puesta, que es una idea original de H\u00e9ctor Shalom y est\u00e1 interpretada por Clementina Mourier, se podr\u00e1 ver los s\u00e1bados en la sala sita en la calle Super\u00ed 2639.<\/p>\n<div style=\"padding-bottom:20px; padding-top:10px;\" class=\"hupso-share-buttons\"><!-- Hupso Share Buttons - https:\/\/www.hupso.com\/share\/ --><a class=\"hupso_counters\" href=\"https:\/\/www.hupso.com\/share\/\"><img decoding=\"async\" src=\"http:\/\/static.hupso.com\/share\/buttons\/lang\/es\/share-small.png\" style=\"border:0px; padding-top:2px; float:left;\" alt=\"Share Button\"\/><\/a><script type=\"text\/javascript\">var hupso_services_c=new Array(\"twitter\",\"facebook_like\",\"google\");var hupso_counters_lang = \"es_LA\";var hupso_image_folder_url = \"\";var hupso_twitter_via=\"crsyvrs\";var hupso_url_c=\"\";<\/script><script type=\"text\/javascript\" src=\"http:\/\/static.hupso.com\/share\/js\/counters.js\"><\/script><!-- Hupso Share Buttons --><\/div> ","protected":false},"excerpt":{"rendered":"<div style=\"padding-bottom:20px; padding-top:10px;\" class=\"hupso-share-buttons\"><!-- Hupso Share Buttons - https:\/\/www.hupso.com\/share\/ --><a class=\"hupso_counters\" href=\"https:\/\/www.hupso.com\/share\/\"><img src=\"http:\/\/static.hupso.com\/share\/buttons\/lang\/es\/share-small.png\" style=\"border:0px; padding-top:2px; float:left;\" alt=\"Share Button\"\/><\/a><script type=\"text\/javascript\">var hupso_services_c=new Array(\"twitter\",\"facebook_like\",\"google\");var hupso_counters_lang = \"es_LA\";var hupso_image_folder_url = \"\";var hupso_twitter_via=\"crsyvrs\";var hupso_url_c=\"\";<\/script><script type=\"text\/javascript\" src=\"http:\/\/static.hupso.com\/share\/js\/counters.js\"><\/script><!-- Hupso Share Buttons --><\/div><p>La obra de Gustavo Gersber cuenta con adaptaci\u00f3n y direcci\u00f3n de Marcia Alejandra Rago y est\u00e1 interpretada por Clementina Mourier.&nbsp; \u00abLa ventana del \u00e1rbol y Ana Frank\u00bb, obra de Gustavo Gersber con adaptaci\u00f3n y direcci\u00f3n de Marcia Alejandra Rago,&#46;&#46;&#46;<\/p>\n<div style=\"padding-bottom:20px; padding-top:10px;\" class=\"hupso-share-buttons\"><!-- Hupso Share Buttons - https:\/\/www.hupso.com\/share\/ --><a class=\"hupso_counters\" href=\"https:\/\/www.hupso.com\/share\/\"><img src=\"http:\/\/static.hupso.com\/share\/buttons\/lang\/es\/share-small.png\" style=\"border:0px; padding-top:2px; float:left;\" alt=\"Share Button\"\/><\/a><script type=\"text\/javascript\">var hupso_services_c=new Array(\"twitter\",\"facebook_like\",\"google\");var hupso_counters_lang = \"es_LA\";var hupso_image_folder_url = \"\";var hupso_twitter_via=\"crsyvrs\";var hupso_url_c=\"\";<\/script><script type=\"text\/javascript\" src=\"http:\/\/static.hupso.com\/share\/js\/counters.js\"><\/script><!-- Hupso Share Buttons --><\/div>","protected":false},"author":5,"featured_media":36661,"comment_status":"closed","ping_status":"closed","sticky":false,"template":"","format":"standard","meta":{"footnotes":""},"categories":[5],"tags":[],"class_list":["post-36660","post","type-post","status-publish","format-standard","has-post-thumbnail","hentry","category-teatro"],"_links":{"self":[{"href":"http:\/\/cronicasyversiones.com\/index.php?rest_route=\/wp\/v2\/posts\/36660","targetHints":{"allow":["GET"]}}],"collection":[{"href":"http:\/\/cronicasyversiones.com\/index.php?rest_route=\/wp\/v2\/posts"}],"about":[{"href":"http:\/\/cronicasyversiones.com\/index.php?rest_route=\/wp\/v2\/types\/post"}],"author":[{"embeddable":true,"href":"http:\/\/cronicasyversiones.com\/index.php?rest_route=\/wp\/v2\/users\/5"}],"replies":[{"embeddable":true,"href":"http:\/\/cronicasyversiones.com\/index.php?rest_route=%2Fwp%2Fv2%2Fcomments&post=36660"}],"version-history":[{"count":2,"href":"http:\/\/cronicasyversiones.com\/index.php?rest_route=\/wp\/v2\/posts\/36660\/revisions"}],"predecessor-version":[{"id":36677,"href":"http:\/\/cronicasyversiones.com\/index.php?rest_route=\/wp\/v2\/posts\/36660\/revisions\/36677"}],"wp:featuredmedia":[{"embeddable":true,"href":"http:\/\/cronicasyversiones.com\/index.php?rest_route=\/wp\/v2\/media\/36661"}],"wp:attachment":[{"href":"http:\/\/cronicasyversiones.com\/index.php?rest_route=%2Fwp%2Fv2%2Fmedia&parent=36660"}],"wp:term":[{"taxonomy":"category","embeddable":true,"href":"http:\/\/cronicasyversiones.com\/index.php?rest_route=%2Fwp%2Fv2%2Fcategories&post=36660"},{"taxonomy":"post_tag","embeddable":true,"href":"http:\/\/cronicasyversiones.com\/index.php?rest_route=%2Fwp%2Fv2%2Ftags&post=36660"}],"curies":[{"name":"wp","href":"https:\/\/api.w.org\/{rel}","templated":true}]}}