{"id":3670,"date":"2014-09-24T08:14:45","date_gmt":"2014-09-24T11:14:45","guid":{"rendered":"http:\/\/cronicasyversiones.com\/?p=3670"},"modified":"2014-09-24T08:14:45","modified_gmt":"2014-09-24T11:14:45","slug":"arranco-el-festival-internacional-de-literatura-de-buenos-aires","status":"publish","type":"post","link":"http:\/\/cronicasyversiones.com\/?p=3670","title":{"rendered":"Arranc\u00f3 el Festival Internacional de Literatura de Buenos Aires"},"content":{"rendered":"<div style=\"padding-bottom:20px; padding-top:10px;\" class=\"hupso-share-buttons\"><!-- Hupso Share Buttons - https:\/\/www.hupso.com\/share\/ --><a class=\"hupso_counters\" href=\"https:\/\/www.hupso.com\/share\/\"><img decoding=\"async\" src=\"http:\/\/static.hupso.com\/share\/buttons\/lang\/es\/share-small.png\" style=\"border:0px; padding-top:2px; float:left;\" alt=\"Share Button\"\/><\/a><script type=\"text\/javascript\">var hupso_services_c=new Array(\"twitter\",\"facebook_like\",\"google\");var hupso_counters_lang = \"es_LA\";var hupso_image_folder_url = \"\";var hupso_twitter_via=\"crsyvrs\";var hupso_url_c=\"\";<\/script><script type=\"text\/javascript\" src=\"http:\/\/static.hupso.com\/share\/js\/counters.js\"><\/script><!-- Hupso Share Buttons --><\/div><h2 style=\"text-align: justify;\">Esta edici\u00f3n del Filba se desarrollar\u00e1 en once espacios porte\u00f1os, tendr\u00e1 a Bolivia como pa\u00eds invitado y contar\u00e1 con actividades simult\u00e1neas en Montevideo y Santiago de Chile.<\/h2>\n<h2><a href=\"http:\/\/cronicasyversiones.com\/wp-content\/uploads\/2014\/09\/Filba1.jpeg\"><img loading=\"lazy\" decoding=\"async\" class=\"size-full wp-image-3672 aligncenter\" src=\"http:\/\/cronicasyversiones.com\/wp-content\/uploads\/2014\/09\/Filba1.jpeg\" alt=\"Filba\" width=\"562\" height=\"365\" srcset=\"http:\/\/cronicasyversiones.com\/wp-content\/uploads\/2014\/09\/Filba1.jpeg 562w, http:\/\/cronicasyversiones.com\/wp-content\/uploads\/2014\/09\/Filba1-300x194.jpeg 300w\" sizes=\"auto, (max-width: 562px) 100vw, 562px\" \/><\/a><\/h2>\n<p style=\"text-align: justify;\">Comenz\u00f3 la sexta edici\u00f3n del <strong>Festival Internacional de Literatura de Buenos Aires (Filba)<\/strong>, con<strong> Bolivia<\/strong> como pa\u00eds invitado y con actividades simult\u00e1neas que se desarrollar\u00e1n en <strong>Montevideo<\/strong> y en <strong>Santiago de Chile<\/strong>.<\/p>\n<p style=\"text-align: justify;\">En la cita literaria porte\u00f1a, que reunir\u00e1 a 150 escritores y artistas invitados durante ocho d\u00edas, que ser\u00e1 inaugurada este por el escritor espa\u00f1ol <strong>Enrique Vila-Matas,<\/strong> Bolivia ser\u00e1 el pa\u00eds invitado de esta edici\u00f3n, que estar\u00e1 representado los escritores <strong>Edmundo Paz Sold\u00e1n, Liliana Colanzi, Maximiliano Barrientos, Wilmer Urrelo y Christian Vera.<\/strong><\/p>\n<p style=\"text-align: justify;\">Adem\u00e1s, un \u00abcarnaval boliviano\u00bb se apropiar\u00e1 del <strong>Centro Cultural San Mart\u00edn<\/strong> el pr\u00f3ximo s\u00e1bado para acercar la cultura de este pa\u00eds andino a Argentina con comida t\u00edpicas, m\u00fasica, baile y literatura.<\/p>\n<p style=\"text-align: justify;\">Invitados internacionales como el israel\u00ed <strong>Nir Baram,<\/strong> el maltense <strong>Joe Sacco<\/strong>, el alem\u00e1n <strong>Timo Berger<\/strong> y el mexicano J<strong>os\u00e9 Luis Bobadilla<\/strong> participar\u00e1n en las actividades previstas en el festival.<\/p>\n<p style=\"text-align: justify;\">Como en ediciones anteriores del Filba, las conferencias magistrales se entrelazar\u00e1n con entrevistas p\u00fablicas, como la que <a title=\"Claudia Pi\u00f1eiro\" href=\"http:\/\/cronicasyversiones.com\/?p=3651\" target=\"_blank\">C<strong>laudia Pi\u00f1eiro<\/strong><\/a> realizar\u00e1 al escritor y cineasta franc\u00e9s <strong>Philippe Claudel,<\/strong> y talleres, como los impartidos por el historietista canadiense <strong>Guy Delisle<\/strong> o el colectivo po\u00e9tico chileno Casagrande.<\/p>\n<p style=\"text-align: justify;\">Casagrande, en colaboraci\u00f3n con el poeta <strong>Fernando Noy<\/strong>, protagonizar\u00e1 el acto m\u00e1s ins\u00f3lito del festival, un intento de conversar con el esp\u00edritu de la poetisa <strong>Alejandra Pizarnik<\/strong> a trav\u00e9s de un m\u00e9dium.<\/p>\n<p style=\"text-align: justify;\">La programaci\u00f3n se desarrollar\u00e1 hasta el pr\u00f3ximo 1 de octubre en once sedes en Buenos Aires, tres en Montevideo y otras tres en Santiago de Chile.<\/p>\n<p style=\"text-align: justify;\">En el acto de cierre del Filba, la banda SIMA, fundada por la cantante e ilustradora infantil<strong> Isol<\/strong> y el m\u00fasico <strong>Federico Zypce,<\/strong> presentar\u00e1 temas de su disco <em><strong>\u00abNovela gr\u00e1fica\u00bb<\/strong><\/em> acompa\u00f1ados de ilustraciones y visuales realizados por doce artistas reconocidos internacionalmente.<\/p>\n<p style=\"text-align: justify;\">Durante las cinco ediciones anteriores, unas 22.000 personas participaron de las actividades del festival, gratuitas y abiertas a todo p\u00fablico.<\/p>\n<div style=\"padding-bottom:20px; padding-top:10px;\" class=\"hupso-share-buttons\"><!-- Hupso Share Buttons - https:\/\/www.hupso.com\/share\/ --><a class=\"hupso_counters\" href=\"https:\/\/www.hupso.com\/share\/\"><img decoding=\"async\" src=\"http:\/\/static.hupso.com\/share\/buttons\/lang\/es\/share-small.png\" style=\"border:0px; padding-top:2px; float:left;\" alt=\"Share Button\"\/><\/a><script type=\"text\/javascript\">var hupso_services_c=new Array(\"twitter\",\"facebook_like\",\"google\");var hupso_counters_lang = \"es_LA\";var hupso_image_folder_url = \"\";var hupso_twitter_via=\"crsyvrs\";var hupso_url_c=\"\";<\/script><script type=\"text\/javascript\" src=\"http:\/\/static.hupso.com\/share\/js\/counters.js\"><\/script><!-- Hupso Share Buttons --><\/div> ","protected":false},"excerpt":{"rendered":"<div style=\"padding-bottom:20px; padding-top:10px;\" class=\"hupso-share-buttons\"><!-- Hupso Share Buttons - https:\/\/www.hupso.com\/share\/ --><a class=\"hupso_counters\" href=\"https:\/\/www.hupso.com\/share\/\"><img src=\"http:\/\/static.hupso.com\/share\/buttons\/lang\/es\/share-small.png\" style=\"border:0px; padding-top:2px; float:left;\" alt=\"Share Button\"\/><\/a><script type=\"text\/javascript\">var hupso_services_c=new Array(\"twitter\",\"facebook_like\",\"google\");var hupso_counters_lang = \"es_LA\";var hupso_image_folder_url = \"\";var hupso_twitter_via=\"crsyvrs\";var hupso_url_c=\"\";<\/script><script type=\"text\/javascript\" src=\"http:\/\/static.hupso.com\/share\/js\/counters.js\"><\/script><!-- Hupso Share Buttons --><\/div><p>Esta edici\u00f3n del Filba se desarrollar\u00e1 en once espacios porte\u00f1os, tendr\u00e1 a Bolivia como pa\u00eds invitado y contar\u00e1 con actividades simult\u00e1neas en Montevideo y Santiago de Chile. Comenz\u00f3 la sexta edici\u00f3n del Festival Internacional de Literatura de Buenos Aires&#46;&#46;&#46;<\/p>\n<div style=\"padding-bottom:20px; padding-top:10px;\" class=\"hupso-share-buttons\"><!-- Hupso Share Buttons - https:\/\/www.hupso.com\/share\/ --><a class=\"hupso_counters\" href=\"https:\/\/www.hupso.com\/share\/\"><img src=\"http:\/\/static.hupso.com\/share\/buttons\/lang\/es\/share-small.png\" style=\"border:0px; padding-top:2px; float:left;\" alt=\"Share Button\"\/><\/a><script type=\"text\/javascript\">var hupso_services_c=new Array(\"twitter\",\"facebook_like\",\"google\");var hupso_counters_lang = \"es_LA\";var hupso_image_folder_url = \"\";var hupso_twitter_via=\"crsyvrs\";var hupso_url_c=\"\";<\/script><script type=\"text\/javascript\" src=\"http:\/\/static.hupso.com\/share\/js\/counters.js\"><\/script><!-- Hupso Share Buttons --><\/div>","protected":false},"author":5,"featured_media":0,"comment_status":"open","ping_status":"open","sticky":false,"template":"","format":"standard","meta":{"footnotes":""},"categories":[7],"tags":[1975,2695,1665,2896,2895,2521],"class_list":["post-3670","post","type-post","status-publish","format-standard","hentry","category-literatura","tag-alejandra-pizarnik","tag-centro-cultural-san-martin","tag-fernando-noy","tag-festival-internacional-de-literatura-de-buenos-aires","tag-filba","tag-isol"],"_links":{"self":[{"href":"http:\/\/cronicasyversiones.com\/index.php?rest_route=\/wp\/v2\/posts\/3670","targetHints":{"allow":["GET"]}}],"collection":[{"href":"http:\/\/cronicasyversiones.com\/index.php?rest_route=\/wp\/v2\/posts"}],"about":[{"href":"http:\/\/cronicasyversiones.com\/index.php?rest_route=\/wp\/v2\/types\/post"}],"author":[{"embeddable":true,"href":"http:\/\/cronicasyversiones.com\/index.php?rest_route=\/wp\/v2\/users\/5"}],"replies":[{"embeddable":true,"href":"http:\/\/cronicasyversiones.com\/index.php?rest_route=%2Fwp%2Fv2%2Fcomments&post=3670"}],"version-history":[{"count":0,"href":"http:\/\/cronicasyversiones.com\/index.php?rest_route=\/wp\/v2\/posts\/3670\/revisions"}],"wp:attachment":[{"href":"http:\/\/cronicasyversiones.com\/index.php?rest_route=%2Fwp%2Fv2%2Fmedia&parent=3670"}],"wp:term":[{"taxonomy":"category","embeddable":true,"href":"http:\/\/cronicasyversiones.com\/index.php?rest_route=%2Fwp%2Fv2%2Fcategories&post=3670"},{"taxonomy":"post_tag","embeddable":true,"href":"http:\/\/cronicasyversiones.com\/index.php?rest_route=%2Fwp%2Fv2%2Ftags&post=3670"}],"curies":[{"name":"wp","href":"https:\/\/api.w.org\/{rel}","templated":true}]}}