{"id":36703,"date":"2023-06-05T07:33:14","date_gmt":"2023-06-05T10:33:14","guid":{"rendered":"http:\/\/cronicasyversiones.com\/?p=36703"},"modified":"2023-06-05T07:33:15","modified_gmt":"2023-06-05T10:33:15","slug":"juan-ignacio-sueyro-presenta-oraculo-su-primer-disco","status":"publish","type":"post","link":"http:\/\/cronicasyversiones.com\/?p=36703","title":{"rendered":"Juan Ignacio Sueyro presenta \u201cOr\u00e1culo\u201d, su primer disco"},"content":{"rendered":"<div style=\"padding-bottom:20px; padding-top:10px;\" class=\"hupso-share-buttons\"><!-- Hupso Share Buttons - https:\/\/www.hupso.com\/share\/ --><a class=\"hupso_counters\" href=\"https:\/\/www.hupso.com\/share\/\"><img decoding=\"async\" src=\"http:\/\/static.hupso.com\/share\/buttons\/lang\/es\/share-small.png\" style=\"border:0px; padding-top:2px; float:left;\" alt=\"Share Button\"\/><\/a><script type=\"text\/javascript\">var hupso_services_c=new Array(\"twitter\",\"facebook_like\",\"google\");var hupso_counters_lang = \"es_LA\";var hupso_image_folder_url = \"\";var hupso_twitter_via=\"crsyvrs\";var hupso_url_c=\"\";<\/script><script type=\"text\/javascript\" src=\"http:\/\/static.hupso.com\/share\/js\/counters.js\"><\/script><!-- Hupso Share Buttons --><\/div><h2>El joven compositor, cantante, multi -instrumentista, arreglador y productor edit\u00f3 un trabajo con canciones originales.<\/h2>\n<p><img loading=\"lazy\" decoding=\"async\" class=\"size-medium wp-image-36704 aligncenter\" src=\"http:\/\/cronicasyversiones.com\/wp-content\/uploads\/2023\/05\/18-JUAN-IGNACIO-SUEYRO-PH-PAZ-ESTRACH-300x200.jpg\" alt=\"\" width=\"300\" height=\"200\" srcset=\"http:\/\/cronicasyversiones.com\/wp-content\/uploads\/2023\/05\/18-JUAN-IGNACIO-SUEYRO-PH-PAZ-ESTRACH-300x200.jpg 300w, http:\/\/cronicasyversiones.com\/wp-content\/uploads\/2023\/05\/18-JUAN-IGNACIO-SUEYRO-PH-PAZ-ESTRACH-1024x683.jpg 1024w, http:\/\/cronicasyversiones.com\/wp-content\/uploads\/2023\/05\/18-JUAN-IGNACIO-SUEYRO-PH-PAZ-ESTRACH-768x512.jpg 768w, http:\/\/cronicasyversiones.com\/wp-content\/uploads\/2023\/05\/18-JUAN-IGNACIO-SUEYRO-PH-PAZ-ESTRACH.jpg 1140w\" sizes=\"auto, (max-width: 300px) 100vw, 300px\" \/><\/p>\n<p><strong>Juan Ignacio Sueyro<\/strong> presenta <em><strong>\u201cOr\u00e1culo\u201d<\/strong><\/em>, la primera propuesta discogr\u00e1fica de este joven compositor, cantante, multi -instrumentista, arreglador, productor y docente platense.<\/p>\n<p>La presentaci\u00f3n en vivo oficial del disco ser\u00e1 el viernes 23 de Junio, a las 20 puntual, la sala abre a las 19, en <strong>La Scala de San Telmo<\/strong>,&nbsp; en el Pasaje Giuffra 371.<\/p>\n<p>La formaci\u00f3n ser\u00e1 con Juan Ignacio Sueyro en &nbsp;piano, guitarra, bajo, bater\u00eda y voz, Sebasti\u00e1n Tozzola en bajo, Joaquine Merino en guitarra y voz, y &nbsp;Santiago Arroyo en bater\u00eda y percusi\u00f3n, junto a m\u00fasicos invitados.<\/p>\n<p>Este primer \u00e1lbum de Juan Ignacio re\u00fane un repertorio con trece canciones originales, compuestas, producidas, arregladas e interpretadas por el propio artista, excepto la obra <em><strong>\u201cLuminarias\u201d<\/strong><\/em> compuesta por Ezequiel Bur\u00edn.<\/p>\n<p>Las obras abordan un di\u00e1logo permanente entre el lenguaje musical del formato canci\u00f3n y el formato instrumental.<\/p>\n<p><iframe loading=\"lazy\" title=\"YouTube video player\" src=\"https:\/\/www.youtube.com\/embed\/7UOE0d3VrGE\" width=\"560\" height=\"315\" frameborder=\"0\" allowfullscreen=\"allowfullscreen\"><\/iframe><\/p>\n<p>En este encuentro, el disco recorre distintos estilos musicales, como el rock, rock progresivo,&nbsp; la m\u00fasica popular brasile\u00f1a (MPB), el folclore argentino alternativo, el jazz, las m\u00fasicas del mundo, la m\u00fasica rioplatense, como el candombe y la m\u00fasica de c\u00e1mara, entre otros.<\/p>\n<p>En todo este proceso de b\u00fasquedas sonoras y est\u00e9ticas se percibe la creatividad de Juan Ignacio Sueyro y su sello autoral. Entre los formatos instrumentales elegidos podemos escuchar una secci\u00f3n r\u00edtmica (compuesta por piano, bajo el\u00e9ctrico, con una gran participaci\u00f3n del bajo fretless con una sonoridad m\u00e1s aterciopelada y cantoril). Por otro lado se lucen las guitarras (en sus versiones cl\u00e1sica, ac\u00fastica y el\u00e9ctrica). En el sector mel\u00f3dico encontramos la voz de Juan en muchos casos construida en capas sonoras (en voces principales y coros).<\/p>\n<p>Completando la secci\u00f3n mel\u00f3dica, encontramos t\u00edmbricas de la m\u00fasica instrumental ( como la flauta traversa, el saxo soprano, el acorde\u00f3n),&nbsp;&nbsp; t\u00ecmbricas de la m\u00fasica de c\u00e1mara.<\/p>\n<blockquote><p>La obra discogr\u00e1fica cuenta con una participaci\u00f3n central de grandes cantantes y cantautores, como Cintia Coria, Lucia Boffo, Paz Estrach, Ezequiel Burin y Joaquine Merino.<\/p>\n<p>&nbsp;<\/p><\/blockquote>\n<blockquote class=\"instagram-media\" style=\"background: #FFF; border: 0; border-radius: 3px; box-shadow: 0 0 1px 0 rgba(0,0,0,0.5),0 1px 10px 0 rgba(0,0,0,0.15); margin: 1px; max-width: 540px; min-width: 326px; padding: 0; width: calc(100% - 2px);\" data-instgrm-captioned=\"\" data-instgrm-permalink=\"https:\/\/www.instagram.com\/p\/CsUj67xMazl\/?utm_source=ig_embed&amp;utm_campaign=loading\" data-instgrm-version=\"14\">\n<div style=\"padding: 16px;\">\n<p>&nbsp;<\/p>\n<div style=\"display: flex; flex-direction: row; align-items: center;\">\n<div style=\"background-color: #f4f4f4; border-radius: 50%; flex-grow: 0; height: 40px; margin-right: 14px; width: 40px;\"><\/div>\n<div style=\"display: flex; flex-direction: column; flex-grow: 1; justify-content: center;\">\n<div style=\"background-color: #f4f4f4; border-radius: 4px; flex-grow: 0; height: 14px; margin-bottom: 6px; width: 100px;\"><\/div>\n<div style=\"background-color: #f4f4f4; border-radius: 4px; flex-grow: 0; height: 14px; width: 60px;\"><\/div>\n<\/div>\n<\/div>\n<div style=\"padding: 19% 0;\"><\/div>\n<div style=\"display: block; height: 50px; margin: 0 auto 12px; width: 50px;\"><\/div>\n<div style=\"padding-top: 8px;\">\n<div style=\"color: #3897f0; font-family: Arial,sans-serif; font-size: 14px; font-style: normal; font-weight: 550; line-height: 18px;\">Ver esta publicaci\u00f3n en Instagram<\/div>\n<\/div>\n<div style=\"padding: 12.5% 0;\"><\/div>\n<div style=\"display: flex; flex-direction: row; margin-bottom: 14px; align-items: center;\">\n<div>\n<div style=\"background-color: #f4f4f4; border-radius: 50%; height: 12.5px; width: 12.5px; transform: translateX(0px) translateY(7px);\"><\/div>\n<div style=\"background-color: #f4f4f4; height: 12.5px; transform: rotate(-45deg) translateX(3px) translateY(1px); width: 12.5px; flex-grow: 0; margin-right: 14px; margin-left: 2px;\"><\/div>\n<div style=\"background-color: #f4f4f4; border-radius: 50%; height: 12.5px; width: 12.5px; transform: translateX(9px) translateY(-18px);\"><\/div>\n<\/div>\n<div style=\"margin-left: 8px;\">\n<div style=\"background-color: #f4f4f4; border-radius: 50%; flex-grow: 0; height: 20px; width: 20px;\"><\/div>\n<div style=\"width: 0; height: 0; border-top: 2px solid transparent; border-left: 6px solid #f4f4f4; border-bottom: 2px solid transparent; transform: translateX(16px) translateY(-4px) rotate(30deg);\"><\/div>\n<\/div>\n<div style=\"margin-left: auto;\">\n<div style=\"width: 0px; border-top: 8px solid #F4F4F4; border-right: 8px solid transparent; transform: translateY(16px);\"><\/div>\n<div style=\"background-color: #f4f4f4; flex-grow: 0; height: 12px; width: 16px; transform: translateY(-4px);\"><\/div>\n<div style=\"width: 0; height: 0; border-top: 8px solid #F4F4F4; border-left: 8px solid transparent; transform: translateY(-4px) translateX(8px);\"><\/div>\n<\/div>\n<\/div>\n<div style=\"display: flex; flex-direction: column; flex-grow: 1; justify-content: center; margin-bottom: 24px;\">\n<div style=\"background-color: #f4f4f4; border-radius: 4px; flex-grow: 0; height: 14px; margin-bottom: 6px; width: 224px;\"><\/div>\n<div style=\"background-color: #f4f4f4; border-radius: 4px; flex-grow: 0; height: 14px; width: 144px;\"><\/div>\n<\/div>\n<p>&nbsp;<\/p>\n<p style=\"color: #c9c8cd; font-family: Arial,sans-serif; font-size: 14px; line-height: 17px; margin-bottom: 0; margin-top: 8px; overflow: hidden; padding: 8px 0 7px; text-align: center; text-overflow: ellipsis; white-space: nowrap;\"><a style=\"color: #c9c8cd; font-family: Arial,sans-serif; font-size: 14px; font-style: normal; font-weight: normal; line-height: 17px; text-decoration: none;\" href=\"https:\/\/www.instagram.com\/p\/CsUj67xMazl\/?utm_source=ig_embed&amp;utm_campaign=loading\" target=\"_blank\" rel=\"noopener\">Una publicaci\u00f3n compartida de Juan Ignacio Sueyro (@juanignaciosueyro)<\/a><\/p>\n<\/div>\n<\/blockquote>\n<p><script async=\"\" src=\"\/\/www.instagram.com\/embed.js\"><\/script><br \/>\n\u201cEl disco Or\u00e1culo parti\u00f3 de un proceso compositivo y creativo que se inici\u00f3 en el contexto de la pandemia, en el sur fueguino, espec\u00edficamente en Ushuaia. Yo me radiqu\u00e9 all\u00ed hacia finales del 2019 y comenc\u00e9 a trabajar como pianista de un hotel. Luego, en el a\u00f1o 2020 sabemos que el mundo cambi\u00f3 para siempre con el aislamiento obligatorio, y, as\u00ec, casi sin querer, se me abri\u00f3 la posibilidad de empezar a grabar un disco en el piano de ese hotel\u201d, dice el m\u00fasico.<\/p>\n<p>\u201cEn ese contexto de incertidumbre, surgi\u00f3 este \u00e1lbum como una posibilidad de construir para m\u00ed un mapa propio, un autososten sonoro y conceptual, frente a un contexto de total indefinici\u00f3n para m\u00ed y para el mundo\u201d, agrega.<\/p>\n<p>Y completa: \u201cEmpec\u00e9 a jugar con esta idea de que cada canci\u00f3n y obra instrumental del repertorio,&nbsp; pod\u00eda cumplir un rol de&nbsp; arquetipo de respuestas de un Or\u00e1culo, como si cada una de ellas nos planteara desde lo sonoro y lo visual, una se\u00f1al, una posible respuesta a una duda o a un proceso premonitorio, o a una adivinaci\u00f3n. Por eso, cada canci\u00f3n y obra de este repertorio tiene una pieza gr\u00e1fica, dise\u00f1ada espec\u00edficamente para representar su estado emocional\u201d.<\/p>\n<div style=\"padding-bottom:20px; padding-top:10px;\" class=\"hupso-share-buttons\"><!-- Hupso Share Buttons - https:\/\/www.hupso.com\/share\/ --><a class=\"hupso_counters\" href=\"https:\/\/www.hupso.com\/share\/\"><img decoding=\"async\" src=\"http:\/\/static.hupso.com\/share\/buttons\/lang\/es\/share-small.png\" style=\"border:0px; padding-top:2px; float:left;\" alt=\"Share Button\"\/><\/a><script type=\"text\/javascript\">var hupso_services_c=new Array(\"twitter\",\"facebook_like\",\"google\");var hupso_counters_lang = \"es_LA\";var hupso_image_folder_url = \"\";var hupso_twitter_via=\"crsyvrs\";var hupso_url_c=\"\";<\/script><script type=\"text\/javascript\" src=\"http:\/\/static.hupso.com\/share\/js\/counters.js\"><\/script><!-- Hupso Share Buttons --><\/div> ","protected":false},"excerpt":{"rendered":"<div style=\"padding-bottom:20px; padding-top:10px;\" class=\"hupso-share-buttons\"><!-- Hupso Share Buttons - https:\/\/www.hupso.com\/share\/ --><a class=\"hupso_counters\" href=\"https:\/\/www.hupso.com\/share\/\"><img src=\"http:\/\/static.hupso.com\/share\/buttons\/lang\/es\/share-small.png\" style=\"border:0px; padding-top:2px; float:left;\" alt=\"Share Button\"\/><\/a><script type=\"text\/javascript\">var hupso_services_c=new Array(\"twitter\",\"facebook_like\",\"google\");var hupso_counters_lang = \"es_LA\";var hupso_image_folder_url = \"\";var hupso_twitter_via=\"crsyvrs\";var hupso_url_c=\"\";<\/script><script type=\"text\/javascript\" src=\"http:\/\/static.hupso.com\/share\/js\/counters.js\"><\/script><!-- Hupso Share Buttons --><\/div><p>El joven compositor, cantante, multi -instrumentista, arreglador y productor edit\u00f3 un trabajo con canciones originales. Juan Ignacio Sueyro presenta \u201cOr\u00e1culo\u201d, la primera propuesta discogr\u00e1fica de este joven compositor, cantante, multi -instrumentista, arreglador, productor y docente platense. La presentaci\u00f3n en&#46;&#46;&#46;<\/p>\n<div style=\"padding-bottom:20px; padding-top:10px;\" class=\"hupso-share-buttons\"><!-- Hupso Share Buttons - https:\/\/www.hupso.com\/share\/ --><a class=\"hupso_counters\" href=\"https:\/\/www.hupso.com\/share\/\"><img src=\"http:\/\/static.hupso.com\/share\/buttons\/lang\/es\/share-small.png\" style=\"border:0px; padding-top:2px; float:left;\" alt=\"Share Button\"\/><\/a><script type=\"text\/javascript\">var hupso_services_c=new Array(\"twitter\",\"facebook_like\",\"google\");var hupso_counters_lang = \"es_LA\";var hupso_image_folder_url = \"\";var hupso_twitter_via=\"crsyvrs\";var hupso_url_c=\"\";<\/script><script type=\"text\/javascript\" src=\"http:\/\/static.hupso.com\/share\/js\/counters.js\"><\/script><!-- Hupso Share Buttons --><\/div>","protected":false},"author":5,"featured_media":36704,"comment_status":"closed","ping_status":"closed","sticky":false,"template":"","format":"standard","meta":{"footnotes":""},"categories":[3],"tags":[],"class_list":["post-36703","post","type-post","status-publish","format-standard","has-post-thumbnail","hentry","category-musica"],"_links":{"self":[{"href":"http:\/\/cronicasyversiones.com\/index.php?rest_route=\/wp\/v2\/posts\/36703","targetHints":{"allow":["GET"]}}],"collection":[{"href":"http:\/\/cronicasyversiones.com\/index.php?rest_route=\/wp\/v2\/posts"}],"about":[{"href":"http:\/\/cronicasyversiones.com\/index.php?rest_route=\/wp\/v2\/types\/post"}],"author":[{"embeddable":true,"href":"http:\/\/cronicasyversiones.com\/index.php?rest_route=\/wp\/v2\/users\/5"}],"replies":[{"embeddable":true,"href":"http:\/\/cronicasyversiones.com\/index.php?rest_route=%2Fwp%2Fv2%2Fcomments&post=36703"}],"version-history":[{"count":2,"href":"http:\/\/cronicasyversiones.com\/index.php?rest_route=\/wp\/v2\/posts\/36703\/revisions"}],"predecessor-version":[{"id":36767,"href":"http:\/\/cronicasyversiones.com\/index.php?rest_route=\/wp\/v2\/posts\/36703\/revisions\/36767"}],"wp:featuredmedia":[{"embeddable":true,"href":"http:\/\/cronicasyversiones.com\/index.php?rest_route=\/wp\/v2\/media\/36704"}],"wp:attachment":[{"href":"http:\/\/cronicasyversiones.com\/index.php?rest_route=%2Fwp%2Fv2%2Fmedia&parent=36703"}],"wp:term":[{"taxonomy":"category","embeddable":true,"href":"http:\/\/cronicasyversiones.com\/index.php?rest_route=%2Fwp%2Fv2%2Fcategories&post=36703"},{"taxonomy":"post_tag","embeddable":true,"href":"http:\/\/cronicasyversiones.com\/index.php?rest_route=%2Fwp%2Fv2%2Ftags&post=36703"}],"curies":[{"name":"wp","href":"https:\/\/api.w.org\/{rel}","templated":true}]}}