{"id":36772,"date":"2023-06-05T18:42:24","date_gmt":"2023-06-05T21:42:24","guid":{"rendered":"http:\/\/cronicasyversiones.com\/?p=36772"},"modified":"2023-06-05T18:46:18","modified_gmt":"2023-06-05T21:46:18","slug":"mkq-presenta-recorrido-su-tercer-disco","status":"publish","type":"post","link":"http:\/\/cronicasyversiones.com\/?p=36772","title":{"rendered":"MKQ presenta \u00abRecorrido\u00bb, su tercer disco"},"content":{"rendered":"<div style=\"padding-bottom:20px; padding-top:10px;\" class=\"hupso-share-buttons\"><!-- Hupso Share Buttons - https:\/\/www.hupso.com\/share\/ --><a class=\"hupso_counters\" href=\"https:\/\/www.hupso.com\/share\/\"><img decoding=\"async\" src=\"http:\/\/static.hupso.com\/share\/buttons\/lang\/es\/share-small.png\" style=\"border:0px; padding-top:2px; float:left;\" alt=\"Share Button\"\/><\/a><script type=\"text\/javascript\">var hupso_services_c=new Array(\"twitter\",\"facebook_like\",\"google\");var hupso_counters_lang = \"es_LA\";var hupso_image_folder_url = \"\";var hupso_twitter_via=\"crsyvrs\";var hupso_url_c=\"\";<\/script><script type=\"text\/javascript\" src=\"http:\/\/static.hupso.com\/share\/js\/counters.js\"><\/script><!-- Hupso Share Buttons --><\/div><h2>El grupo celebra adem\u00e1s sus 15 a\u00f1os en escena con composiciones originales con la impronta y la concepci\u00f3n del jazz.<\/h2>\n<p><img loading=\"lazy\" decoding=\"async\" class=\"size-medium wp-image-36773 aligncenter\" src=\"http:\/\/cronicasyversiones.com\/wp-content\/uploads\/2023\/06\/mkq-300x206.png\" alt=\"\" width=\"300\" height=\"206\" srcset=\"http:\/\/cronicasyversiones.com\/wp-content\/uploads\/2023\/06\/mkq-300x206.png 300w, http:\/\/cronicasyversiones.com\/wp-content\/uploads\/2023\/06\/mkq-768x527.png 768w, http:\/\/cronicasyversiones.com\/wp-content\/uploads\/2023\/06\/mkq.png 831w\" sizes=\"auto, (max-width: 300px) 100vw, 300px\" \/><\/p>\n<p>El grupo <strong>MKQ<\/strong> presenta su tercer disco,<em><strong> \u00abRecorrido<\/strong><\/em>\u00bb y celebra sus 15 a\u00f1os en la escena del jazz argentino el jueves 8 de junio a las 21 en<strong> Caf\u00e9 Vinilo<\/strong>, el reducto ubicado en Estados Unidos 2483.<\/p>\n<p>La agrupaci\u00f3n interpreta composiciones originales con la impronta y la concepci\u00f3n del jazz, mixturado con diferentes m\u00fasicas, como funk, samba, tango, candombe, entre otras.<\/p>\n<p>El grupo lo integran <strong>Mariano Kahayan<\/strong> en bajos y composici\u00f3n, <strong>Mike Luisi<\/strong> en piano y composici\u00f3n, <strong>\u00a0Esteban Kahayan<\/strong> en bater\u00eda\u00a0 y <strong>Daniel Perez<\/strong> en saxos.<\/p>\n<p>MKQ surgi\u00f3 en Buenos Aires a fines del a\u00f1o 2008 como un proyecto personal del bajista y compositor Mariano Kahayan; con el tiempo, el grupo fue afianz\u00e1ndose y el compromiso de sus cuatro integrantes terminaron enriqueciendo la propuesta y volvi\u00e9ndola colectiva.<\/p>\n<p><iframe loading=\"lazy\" title=\"YouTube video player\" src=\"https:\/\/www.youtube.com\/embed\/3MuW4NDND5M\" width=\"560\" height=\"315\" frameborder=\"0\" allowfullscreen=\"allowfullscreen\"><\/iframe><\/p>\n<p>Si bien el grupo tiene 15 a\u00f1os de historia, la c\u00e9lula madre es el tr\u00edo<em><strong> \u00ab3,14\u00bb,<\/strong><\/em> creado a mediados de los a\u00f1os &#8217;90, integrado por <strong>Mariano en bajo, Esteban Kahayan en bater\u00eda y Mike Luisi en piano.<\/strong> El tr\u00edo result\u00f3 ganador del Concurso Metrov\u00edas-jazz con su tema <em><strong>\u201cVals para Armenia\u201d.<\/strong><\/em><\/p>\n<p>En 2008 Daniel P\u00e9rez regres\u00f3 al pa\u00eds despu\u00e9s de haber tocado durante 8 a\u00f1os en Francia y Espa\u00f1a; a su llegada decidi\u00f3 sumarse y, de este modo, la agrupaci\u00f3n se consolid\u00f3 como cuarteto, incorporando el saxo a la formaci\u00f3n.<\/p>\n<p>MKQ interpreta composiciones originales de sus integrantes con la impronta y la concepci\u00f3n del jazz, mixturado con m\u00fasica de nuestro pa\u00eds, as\u00ed como tambi\u00e9n ritmos de otras regiones.<\/p>\n<p>En todos estos a\u00f1os de trayectoria, el grupo realiz\u00f3 presentaciones en destacados espacios de la ciudad, como la Legislatura Porte\u00f1a, Museo Quinquela Mart\u00edn, Anexo del Congreso de Diputados de la Naci\u00f3n, Facultad de Derecho, Facultad de Filosof\u00eda y Letras.<\/p>\n<p>Adem\u00e1s, en Bar 33 Billares y El Hipop\u00f3tamo, ambos al resultar seleccionados en el marco del ciclo Bares Notables Jazz, organizado por el Gobierno de la Ciudad de Bs As. Paralelamente, actu\u00f3 en diversos clubes de jazz del circuito local &#8211; como Bebop y Borges 1975 &#8211; m\u00e1s su reciente participaci\u00f3n en el Festival de jazz Sald\u00edas.<\/p>\n<p>MKQ tambi\u00e9n fue invitado a tocar por la Universidad Nacional de San Mart\u00edn as\u00ed como por el Departamento de Cultura del Partido de Vicente L\u00f3pez y se ha presentado en numerosas ocasiones en la Costa Atl\u00e1ntica y la Regi\u00f3n Patag\u00f3nica de nuestro pa\u00eds.<\/p>\n<p>En el a\u00f1o 2011 editaron de forma independiente su primer disco, <em><strong>\u201cApertura\u201d<\/strong><\/em>, cuya presentaci\u00f3n en vivo cont\u00f3 con la participaci\u00f3n del prestigioso bajista Marcelo Torres como m\u00fasico invitado.<\/p>\n<p>En 2017 el grupo present\u00f3 el segundo disco de estudio, \u201cInvitaci\u00f3n\u00bb, donde comenzaron a incluirse temas de la autor\u00eda de sus distintos integrantes.<\/p>\n<p>A principios de 2023 MKQ lanz\u00f3<em><strong> \u00abRecorrido\u00bb,<\/strong><\/em> su tercer trabajo discogr\u00e1fico.<\/p>\n<div style=\"padding-bottom:20px; padding-top:10px;\" class=\"hupso-share-buttons\"><!-- Hupso Share Buttons - https:\/\/www.hupso.com\/share\/ --><a class=\"hupso_counters\" href=\"https:\/\/www.hupso.com\/share\/\"><img decoding=\"async\" src=\"http:\/\/static.hupso.com\/share\/buttons\/lang\/es\/share-small.png\" style=\"border:0px; padding-top:2px; float:left;\" alt=\"Share Button\"\/><\/a><script type=\"text\/javascript\">var hupso_services_c=new Array(\"twitter\",\"facebook_like\",\"google\");var hupso_counters_lang = \"es_LA\";var hupso_image_folder_url = \"\";var hupso_twitter_via=\"crsyvrs\";var hupso_url_c=\"\";<\/script><script type=\"text\/javascript\" src=\"http:\/\/static.hupso.com\/share\/js\/counters.js\"><\/script><!-- Hupso Share Buttons --><\/div> ","protected":false},"excerpt":{"rendered":"<div style=\"padding-bottom:20px; padding-top:10px;\" class=\"hupso-share-buttons\"><!-- Hupso Share Buttons - https:\/\/www.hupso.com\/share\/ --><a class=\"hupso_counters\" href=\"https:\/\/www.hupso.com\/share\/\"><img src=\"http:\/\/static.hupso.com\/share\/buttons\/lang\/es\/share-small.png\" style=\"border:0px; padding-top:2px; float:left;\" alt=\"Share Button\"\/><\/a><script type=\"text\/javascript\">var hupso_services_c=new Array(\"twitter\",\"facebook_like\",\"google\");var hupso_counters_lang = \"es_LA\";var hupso_image_folder_url = \"\";var hupso_twitter_via=\"crsyvrs\";var hupso_url_c=\"\";<\/script><script type=\"text\/javascript\" src=\"http:\/\/static.hupso.com\/share\/js\/counters.js\"><\/script><!-- Hupso Share Buttons --><\/div><p>El grupo celebra adem\u00e1s sus 15 a\u00f1os en escena con composiciones originales con la impronta y la concepci\u00f3n del jazz. El grupo MKQ presenta su tercer disco, \u00abRecorrido\u00bb y celebra sus 15 a\u00f1os en la escena del jazz argentino&#46;&#46;&#46;<\/p>\n<div style=\"padding-bottom:20px; padding-top:10px;\" class=\"hupso-share-buttons\"><!-- Hupso Share Buttons - https:\/\/www.hupso.com\/share\/ --><a class=\"hupso_counters\" href=\"https:\/\/www.hupso.com\/share\/\"><img src=\"http:\/\/static.hupso.com\/share\/buttons\/lang\/es\/share-small.png\" style=\"border:0px; padding-top:2px; float:left;\" alt=\"Share Button\"\/><\/a><script type=\"text\/javascript\">var hupso_services_c=new Array(\"twitter\",\"facebook_like\",\"google\");var hupso_counters_lang = \"es_LA\";var hupso_image_folder_url = \"\";var hupso_twitter_via=\"crsyvrs\";var hupso_url_c=\"\";<\/script><script type=\"text\/javascript\" src=\"http:\/\/static.hupso.com\/share\/js\/counters.js\"><\/script><!-- Hupso Share Buttons --><\/div>","protected":false},"author":5,"featured_media":36773,"comment_status":"closed","ping_status":"closed","sticky":false,"template":"","format":"standard","meta":{"footnotes":""},"categories":[3],"tags":[262],"class_list":["post-36772","post","type-post","status-publish","format-standard","has-post-thumbnail","hentry","category-musica","tag-jazz"],"_links":{"self":[{"href":"http:\/\/cronicasyversiones.com\/index.php?rest_route=\/wp\/v2\/posts\/36772","targetHints":{"allow":["GET"]}}],"collection":[{"href":"http:\/\/cronicasyversiones.com\/index.php?rest_route=\/wp\/v2\/posts"}],"about":[{"href":"http:\/\/cronicasyversiones.com\/index.php?rest_route=\/wp\/v2\/types\/post"}],"author":[{"embeddable":true,"href":"http:\/\/cronicasyversiones.com\/index.php?rest_route=\/wp\/v2\/users\/5"}],"replies":[{"embeddable":true,"href":"http:\/\/cronicasyversiones.com\/index.php?rest_route=%2Fwp%2Fv2%2Fcomments&post=36772"}],"version-history":[{"count":3,"href":"http:\/\/cronicasyversiones.com\/index.php?rest_route=\/wp\/v2\/posts\/36772\/revisions"}],"predecessor-version":[{"id":36776,"href":"http:\/\/cronicasyversiones.com\/index.php?rest_route=\/wp\/v2\/posts\/36772\/revisions\/36776"}],"wp:featuredmedia":[{"embeddable":true,"href":"http:\/\/cronicasyversiones.com\/index.php?rest_route=\/wp\/v2\/media\/36773"}],"wp:attachment":[{"href":"http:\/\/cronicasyversiones.com\/index.php?rest_route=%2Fwp%2Fv2%2Fmedia&parent=36772"}],"wp:term":[{"taxonomy":"category","embeddable":true,"href":"http:\/\/cronicasyversiones.com\/index.php?rest_route=%2Fwp%2Fv2%2Fcategories&post=36772"},{"taxonomy":"post_tag","embeddable":true,"href":"http:\/\/cronicasyversiones.com\/index.php?rest_route=%2Fwp%2Fv2%2Ftags&post=36772"}],"curies":[{"name":"wp","href":"https:\/\/api.w.org\/{rel}","templated":true}]}}