{"id":36907,"date":"2023-07-09T20:49:00","date_gmt":"2023-07-09T23:49:00","guid":{"rendered":"http:\/\/cronicasyversiones.com\/?p=36907"},"modified":"2023-07-09T20:49:49","modified_gmt":"2023-07-09T23:49:49","slug":"la-beatlemania-captada-por-paul-mccartney-en-una-muestra-en-londres","status":"publish","type":"post","link":"http:\/\/cronicasyversiones.com\/?p=36907","title":{"rendered":"La Beatleman\u00eda captada por Paul McCartney, en una muestra en Londres"},"content":{"rendered":"<div style=\"padding-bottom:20px; padding-top:10px;\" class=\"hupso-share-buttons\"><!-- Hupso Share Buttons - https:\/\/www.hupso.com\/share\/ --><a class=\"hupso_counters\" href=\"https:\/\/www.hupso.com\/share\/\"><img decoding=\"async\" src=\"http:\/\/static.hupso.com\/share\/buttons\/lang\/es\/share-small.png\" style=\"border:0px; padding-top:2px; float:left;\" alt=\"Share Button\"\/><\/a><script type=\"text\/javascript\">var hupso_services_c=new Array(\"twitter\",\"facebook_like\",\"google\");var hupso_counters_lang = \"es_LA\";var hupso_image_folder_url = \"\";var hupso_twitter_via=\"crsyvrs\";var hupso_url_c=\"\";<\/script><script type=\"text\/javascript\" src=\"http:\/\/static.hupso.com\/share\/js\/counters.js\"><\/script><!-- Hupso Share Buttons --><\/div><h2>Las fotos que el m\u00fasico tom\u00f3 durante el furor de Los Beatles se exponen la la National Portrait Gallery.<\/h2>\n<p><img loading=\"lazy\" decoding=\"async\" class=\"size-medium wp-image-36908 aligncenter\" src=\"http:\/\/cronicasyversiones.com\/wp-content\/uploads\/2023\/06\/beatles-2-300x169.jpg\" alt=\"\" width=\"300\" height=\"169\" srcset=\"http:\/\/cronicasyversiones.com\/wp-content\/uploads\/2023\/06\/beatles-2-300x169.jpg 300w, http:\/\/cronicasyversiones.com\/wp-content\/uploads\/2023\/06\/beatles-2-1024x576.jpg 1024w, http:\/\/cronicasyversiones.com\/wp-content\/uploads\/2023\/06\/beatles-2-768x432.jpg 768w, http:\/\/cronicasyversiones.com\/wp-content\/uploads\/2023\/06\/beatles-2-1536x864.jpg 1536w, http:\/\/cronicasyversiones.com\/wp-content\/uploads\/2023\/06\/beatles-2-520x292.jpg 520w, http:\/\/cronicasyversiones.com\/wp-content\/uploads\/2023\/06\/beatles-2-720x404.jpg 720w, http:\/\/cronicasyversiones.com\/wp-content\/uploads\/2023\/06\/beatles-2.jpg 1920w\" sizes=\"auto, (max-width: 300px) 100vw, 300px\" \/><\/p>\n<p>El furor de la <strong>Beatleman\u00eda<\/strong> vista a trav\u00e9s de los ojos de <strong>Paul McCartney<\/strong>&nbsp; se centra una exposici\u00f3n que la <strong>National Portrait Gallery de Londres<\/strong> dedica a las fotograf\u00edas que el mismo m\u00fasico tom\u00f3 con una c\u00e1mara Pentax a principios de los pasados a\u00f1os 60, cuando el cuarteto de Liverpool se convert\u00eda en un fen\u00f3meno mundial.<\/p>\n<p>Con esta muestra, llamada<strong> \u00abLos ojos de la tormenta\u00bb,<\/strong> la galer\u00eda celebra, adem\u00e1s, su reapertura despu\u00e9s de una ambiciosa remodelaci\u00f3n, considerada la m\u00e1s importante de su historia.<\/p>\n<p>Las fotos, que McCartney encontr\u00f3 entre sus archivos en 2020 durante la pandemia, fueron tomadas por \u00e9l entre noviembre de 1963 y febrero de 1964 mientras el cuarteto hac\u00eda una gira mundial.<\/p>\n<p>Las im\u00e1genes recogen numerosos momentos \u00edntimos de los otros integrantes de la banda &#8211;<strong>John Lennon, George Harrison y Ringo Starr<\/strong>&#8211; y ofrecen una mirada \u00fanica sobre el ambiente, la personalidad y c\u00f3mo los m\u00fasicos percib\u00edan el fen\u00f3meno que iba creciendo a su alrededor.<\/p>\n<p>Incluye retratos de sus compa\u00f1eros del grupo y tambi\u00e9n de su representante Brian Epstein en medio de momentos de concentraci\u00f3n, de relajaci\u00f3n y, tambi\u00e9n, de alegr\u00eda.<\/p>\n<p>Se trata de unas fotos in\u00e9ditas, nunca pasadas a papel, y el mismo McCartney dedic\u00f3 su tiempo para ayudar a la galer\u00eda a que estos momentos de los Beatles pudieran llegar al gran p\u00fablico.<\/p>\n<p>Adem\u00e1s de la muestra, se public\u00f3 un libro que lleva tambi\u00e9n el t\u00edtulo de <em><strong>\u00abLos ojos de la tormenta\u00bb,<\/strong><\/em> que cuenta con una introducci\u00f3n del mismo Paul McCartey que dice: \u00abDe repente, millones de ojos se nos echaron encima, creando una imagen que nunca olvidar\u00e9 el resto de mi vida\u00bb.<\/p>\n<div style=\"padding-bottom:20px; padding-top:10px;\" class=\"hupso-share-buttons\"><!-- Hupso Share Buttons - https:\/\/www.hupso.com\/share\/ --><a class=\"hupso_counters\" href=\"https:\/\/www.hupso.com\/share\/\"><img decoding=\"async\" src=\"http:\/\/static.hupso.com\/share\/buttons\/lang\/es\/share-small.png\" style=\"border:0px; padding-top:2px; float:left;\" alt=\"Share Button\"\/><\/a><script type=\"text\/javascript\">var hupso_services_c=new Array(\"twitter\",\"facebook_like\",\"google\");var hupso_counters_lang = \"es_LA\";var hupso_image_folder_url = \"\";var hupso_twitter_via=\"crsyvrs\";var hupso_url_c=\"\";<\/script><script type=\"text\/javascript\" src=\"http:\/\/static.hupso.com\/share\/js\/counters.js\"><\/script><!-- Hupso Share Buttons --><\/div> ","protected":false},"excerpt":{"rendered":"<div style=\"padding-bottom:20px; padding-top:10px;\" class=\"hupso-share-buttons\"><!-- Hupso Share Buttons - https:\/\/www.hupso.com\/share\/ --><a class=\"hupso_counters\" href=\"https:\/\/www.hupso.com\/share\/\"><img src=\"http:\/\/static.hupso.com\/share\/buttons\/lang\/es\/share-small.png\" style=\"border:0px; padding-top:2px; float:left;\" alt=\"Share Button\"\/><\/a><script type=\"text\/javascript\">var hupso_services_c=new Array(\"twitter\",\"facebook_like\",\"google\");var hupso_counters_lang = \"es_LA\";var hupso_image_folder_url = \"\";var hupso_twitter_via=\"crsyvrs\";var hupso_url_c=\"\";<\/script><script type=\"text\/javascript\" src=\"http:\/\/static.hupso.com\/share\/js\/counters.js\"><\/script><!-- Hupso Share Buttons --><\/div><p>Las fotos que el m\u00fasico tom\u00f3 durante el furor de Los Beatles se exponen la la National Portrait Gallery. El furor de la Beatleman\u00eda vista a trav\u00e9s de los ojos de Paul McCartney&nbsp; se centra una exposici\u00f3n que la&#46;&#46;&#46;<\/p>\n<div style=\"padding-bottom:20px; padding-top:10px;\" class=\"hupso-share-buttons\"><!-- Hupso Share Buttons - https:\/\/www.hupso.com\/share\/ --><a class=\"hupso_counters\" href=\"https:\/\/www.hupso.com\/share\/\"><img src=\"http:\/\/static.hupso.com\/share\/buttons\/lang\/es\/share-small.png\" style=\"border:0px; padding-top:2px; float:left;\" alt=\"Share Button\"\/><\/a><script type=\"text\/javascript\">var hupso_services_c=new Array(\"twitter\",\"facebook_like\",\"google\");var hupso_counters_lang = \"es_LA\";var hupso_image_folder_url = \"\";var hupso_twitter_via=\"crsyvrs\";var hupso_url_c=\"\";<\/script><script type=\"text\/javascript\" src=\"http:\/\/static.hupso.com\/share\/js\/counters.js\"><\/script><!-- Hupso Share Buttons --><\/div>","protected":false},"author":5,"featured_media":36908,"comment_status":"closed","ping_status":"closed","sticky":false,"template":"","format":"standard","meta":{"footnotes":""},"categories":[8,6],"tags":[],"class_list":["post-36907","post","type-post","status-publish","format-standard","has-post-thumbnail","hentry","category-artes-plasticas","category-radio-y-tv"],"_links":{"self":[{"href":"http:\/\/cronicasyversiones.com\/index.php?rest_route=\/wp\/v2\/posts\/36907","targetHints":{"allow":["GET"]}}],"collection":[{"href":"http:\/\/cronicasyversiones.com\/index.php?rest_route=\/wp\/v2\/posts"}],"about":[{"href":"http:\/\/cronicasyversiones.com\/index.php?rest_route=\/wp\/v2\/types\/post"}],"author":[{"embeddable":true,"href":"http:\/\/cronicasyversiones.com\/index.php?rest_route=\/wp\/v2\/users\/5"}],"replies":[{"embeddable":true,"href":"http:\/\/cronicasyversiones.com\/index.php?rest_route=%2Fwp%2Fv2%2Fcomments&post=36907"}],"version-history":[{"count":2,"href":"http:\/\/cronicasyversiones.com\/index.php?rest_route=\/wp\/v2\/posts\/36907\/revisions"}],"predecessor-version":[{"id":36981,"href":"http:\/\/cronicasyversiones.com\/index.php?rest_route=\/wp\/v2\/posts\/36907\/revisions\/36981"}],"wp:featuredmedia":[{"embeddable":true,"href":"http:\/\/cronicasyversiones.com\/index.php?rest_route=\/wp\/v2\/media\/36908"}],"wp:attachment":[{"href":"http:\/\/cronicasyversiones.com\/index.php?rest_route=%2Fwp%2Fv2%2Fmedia&parent=36907"}],"wp:term":[{"taxonomy":"category","embeddable":true,"href":"http:\/\/cronicasyversiones.com\/index.php?rest_route=%2Fwp%2Fv2%2Fcategories&post=36907"},{"taxonomy":"post_tag","embeddable":true,"href":"http:\/\/cronicasyversiones.com\/index.php?rest_route=%2Fwp%2Fv2%2Ftags&post=36907"}],"curies":[{"name":"wp","href":"https:\/\/api.w.org\/{rel}","templated":true}]}}