{"id":3694,"date":"2014-09-25T15:51:45","date_gmt":"2014-09-25T18:51:45","guid":{"rendered":"http:\/\/cronicasyversiones.com\/?p=3694"},"modified":"2014-09-25T15:51:45","modified_gmt":"2014-09-25T18:51:45","slug":"esto-tambien-pasara-una-mirada-de-la-argentinidad-en-escena","status":"publish","type":"post","link":"http:\/\/cronicasyversiones.com\/?p=3694","title":{"rendered":"\u201cEsto tambi\u00e9n pasar\u00e1\u201d, una mirada de la argentinidad en escena"},"content":{"rendered":"<div style=\"padding-bottom:20px; padding-top:10px;\" class=\"hupso-share-buttons\"><!-- Hupso Share Buttons - https:\/\/www.hupso.com\/share\/ --><a class=\"hupso_counters\" href=\"https:\/\/www.hupso.com\/share\/\"><img decoding=\"async\" src=\"http:\/\/static.hupso.com\/share\/buttons\/lang\/es\/share-small.png\" style=\"border:0px; padding-top:2px; float:left;\" alt=\"Share Button\"\/><\/a><script type=\"text\/javascript\">var hupso_services_c=new Array(\"twitter\",\"facebook_like\",\"google\");var hupso_counters_lang = \"es_LA\";var hupso_image_folder_url = \"\";var hupso_twitter_via=\"crsyvrs\";var hupso_url_c=\"\";<\/script><script type=\"text\/javascript\" src=\"http:\/\/static.hupso.com\/share\/js\/counters.js\"><\/script><!-- Hupso Share Buttons --><\/div><h2>La obra, de Mariano Saba y con direcci\u00f3n de Andr\u00e9s Binetti, presiona sobre la iron\u00eda de pensar el ser nacional como un v\u00ednculo entre el pasado y sus palabras.<\/h2>\n<p><a href=\"http:\/\/cronicasyversiones.com\/wp-content\/uploads\/2014\/09\/Esto.jpg\"><img loading=\"lazy\" decoding=\"async\" class=\"size-full wp-image-3695 aligncenter\" src=\"http:\/\/cronicasyversiones.com\/wp-content\/uploads\/2014\/09\/Esto.jpg\" alt=\"Esto\" width=\"584\" height=\"395\" srcset=\"http:\/\/cronicasyversiones.com\/wp-content\/uploads\/2014\/09\/Esto.jpg 584w, http:\/\/cronicasyversiones.com\/wp-content\/uploads\/2014\/09\/Esto-300x202.jpg 300w\" sizes=\"auto, (max-width: 584px) 100vw, 584px\" \/><\/a><\/p>\n<p><em><strong>\u201cEsto tambi\u00e9n pasar\u00e1\u201d<\/strong><\/em>, con dramaturgia de <strong>Mariano Saba<\/strong> y direcci\u00f3n de<strong> Andr\u00e9s Binetti<\/strong>, pisa las tablas del porte\u00f1o <strong>Teatro del Pueblo<\/strong>, ubicado en la Avenida Roque S\u00e1enz Pe\u00f1a 943, los jueves a las 21.<\/p>\n<p>La obra, ganadora de la 3\u00ba edici\u00f3n del<strong> premio ARTEI a la producci\u00f3n de teatro independiente,<\/strong> presiona sobre la iron\u00eda de pensar la<strong> argentinidad como un v\u00ednculo entre el pasado y sus palabras,<\/strong> como una forma irrisoria de so\u00f1arse un futuro condenado siempre por el l\u00edmite del silencio.<\/p>\n<p>La puesta narra que, en un futuro lejano, <strong>Argentina se ver\u00e1 invadida por las aguas,<\/strong> sus tierras lamentar\u00e1n calamidades y el tango -antiguo consuelo para una melancol\u00eda irredimible- deber\u00e1 prohibirse dado el peligro de los brotes lacrim\u00f3genos.<\/p>\n<p>Un gesto, un \u00faltimo gesto podr\u00e1 insuflar esperanzas a la naci\u00f3n abatida: <strong>C\u00f3rdoba ser\u00e1 sacrificada,<\/strong> canjeada por un terru\u00f1o infame en la nueva tierra prometida. La patria amputada, agujereada en el centro de su vientre, sue\u00f1a nuevamente con desiertos salvadores: otro desierto para la naci\u00f3n.<\/p>\n<p>All\u00ed ir\u00e1n, entonces, en un futuro muy lejano, cuatro temerarios tripulantes,<strong> los \u00faltimos hombres en llegar a Marte<\/strong>, los primeros argentinos en explorar el territorio conquistado.<\/p>\n<p><strong>Dandy, Wolfiasky, C\u00f3rdoba y Perdomo,<\/strong> obnubilados por las ansias de proezas, de reconocimiento \u00e9pico. Pero la historia, como la lengua de la rana, es pro\u00e1ctil: llega hasta un punto y se enrolla sobre s\u00ed misma. Y el olvido sobreviene. Incomunicados, desesperados, deber\u00e1n descubrir el sino que les aguarda: \u00bfqu\u00e9 esperanza puede nombrarse si hasta la lengua se olvida a s\u00ed misma?<br \/>\nEl elenco lo completan\u00a0<strong> Mariela Asensio<\/strong> (La apariencia), <strong>Fernando Gonet<\/strong> (El dandy), <strong>Alejandro Lifschitz<\/strong> (El cordob\u00e9s), <strong>Alfredo Mart\u00edn<\/strong> (El capit\u00e1n), <strong>Mariano Saba<\/strong> (Wolfiasky)<\/p>\n<div style=\"padding-bottom:20px; padding-top:10px;\" class=\"hupso-share-buttons\"><!-- Hupso Share Buttons - https:\/\/www.hupso.com\/share\/ --><a class=\"hupso_counters\" href=\"https:\/\/www.hupso.com\/share\/\"><img decoding=\"async\" src=\"http:\/\/static.hupso.com\/share\/buttons\/lang\/es\/share-small.png\" style=\"border:0px; padding-top:2px; float:left;\" alt=\"Share Button\"\/><\/a><script type=\"text\/javascript\">var hupso_services_c=new Array(\"twitter\",\"facebook_like\",\"google\");var hupso_counters_lang = \"es_LA\";var hupso_image_folder_url = \"\";var hupso_twitter_via=\"crsyvrs\";var hupso_url_c=\"\";<\/script><script type=\"text\/javascript\" src=\"http:\/\/static.hupso.com\/share\/js\/counters.js\"><\/script><!-- Hupso Share Buttons --><\/div> ","protected":false},"excerpt":{"rendered":"<div style=\"padding-bottom:20px; padding-top:10px;\" class=\"hupso-share-buttons\"><!-- Hupso Share Buttons - https:\/\/www.hupso.com\/share\/ --><a class=\"hupso_counters\" href=\"https:\/\/www.hupso.com\/share\/\"><img src=\"http:\/\/static.hupso.com\/share\/buttons\/lang\/es\/share-small.png\" style=\"border:0px; padding-top:2px; float:left;\" alt=\"Share Button\"\/><\/a><script type=\"text\/javascript\">var hupso_services_c=new Array(\"twitter\",\"facebook_like\",\"google\");var hupso_counters_lang = \"es_LA\";var hupso_image_folder_url = \"\";var hupso_twitter_via=\"crsyvrs\";var hupso_url_c=\"\";<\/script><script type=\"text\/javascript\" src=\"http:\/\/static.hupso.com\/share\/js\/counters.js\"><\/script><!-- Hupso Share Buttons --><\/div><p>La obra, de Mariano Saba y con direcci\u00f3n de Andr\u00e9s Binetti, presiona sobre la iron\u00eda de pensar el ser nacional como un v\u00ednculo entre el pasado y sus palabras. \u201cEsto tambi\u00e9n pasar\u00e1\u201d, con dramaturgia de Mariano Saba y direcci\u00f3n&#46;&#46;&#46;<\/p>\n<div style=\"padding-bottom:20px; padding-top:10px;\" class=\"hupso-share-buttons\"><!-- Hupso Share Buttons - https:\/\/www.hupso.com\/share\/ --><a class=\"hupso_counters\" href=\"https:\/\/www.hupso.com\/share\/\"><img src=\"http:\/\/static.hupso.com\/share\/buttons\/lang\/es\/share-small.png\" style=\"border:0px; padding-top:2px; float:left;\" alt=\"Share Button\"\/><\/a><script type=\"text\/javascript\">var hupso_services_c=new Array(\"twitter\",\"facebook_like\",\"google\");var hupso_counters_lang = \"es_LA\";var hupso_image_folder_url = \"\";var hupso_twitter_via=\"crsyvrs\";var hupso_url_c=\"\";<\/script><script type=\"text\/javascript\" src=\"http:\/\/static.hupso.com\/share\/js\/counters.js\"><\/script><!-- Hupso Share Buttons --><\/div>","protected":false},"author":5,"featured_media":0,"comment_status":"open","ping_status":"open","sticky":false,"template":"","format":"standard","meta":{"footnotes":""},"categories":[5],"tags":[2907,2905,2906,2908],"class_list":["post-3694","post","type-post","status-publish","format-standard","hentry","category-teatro","tag-andres-binetti","tag-esto-tambien-pasara","tag-mariano-saba","tag-teatro-del-pueblo"],"_links":{"self":[{"href":"http:\/\/cronicasyversiones.com\/index.php?rest_route=\/wp\/v2\/posts\/3694","targetHints":{"allow":["GET"]}}],"collection":[{"href":"http:\/\/cronicasyversiones.com\/index.php?rest_route=\/wp\/v2\/posts"}],"about":[{"href":"http:\/\/cronicasyversiones.com\/index.php?rest_route=\/wp\/v2\/types\/post"}],"author":[{"embeddable":true,"href":"http:\/\/cronicasyversiones.com\/index.php?rest_route=\/wp\/v2\/users\/5"}],"replies":[{"embeddable":true,"href":"http:\/\/cronicasyversiones.com\/index.php?rest_route=%2Fwp%2Fv2%2Fcomments&post=3694"}],"version-history":[{"count":0,"href":"http:\/\/cronicasyversiones.com\/index.php?rest_route=\/wp\/v2\/posts\/3694\/revisions"}],"wp:attachment":[{"href":"http:\/\/cronicasyversiones.com\/index.php?rest_route=%2Fwp%2Fv2%2Fmedia&parent=3694"}],"wp:term":[{"taxonomy":"category","embeddable":true,"href":"http:\/\/cronicasyversiones.com\/index.php?rest_route=%2Fwp%2Fv2%2Fcategories&post=3694"},{"taxonomy":"post_tag","embeddable":true,"href":"http:\/\/cronicasyversiones.com\/index.php?rest_route=%2Fwp%2Fv2%2Ftags&post=3694"}],"curies":[{"name":"wp","href":"https:\/\/api.w.org\/{rel}","templated":true}]}}