{"id":36957,"date":"2023-07-09T20:48:19","date_gmt":"2023-07-09T23:48:19","guid":{"rendered":"http:\/\/cronicasyversiones.com\/?p=36957"},"modified":"2023-07-10T07:16:57","modified_gmt":"2023-07-10T10:16:57","slug":"arranca-la-semana-de-cine-latinoamericano-al-cultural-san-martin","status":"publish","type":"post","link":"http:\/\/cronicasyversiones.com\/?p=36957","title":{"rendered":"Arranca la Semana de Cine Latinoamericano en el Cultural San Mart\u00edn"},"content":{"rendered":"<div style=\"padding-bottom:20px; padding-top:10px;\" class=\"hupso-share-buttons\"><!-- Hupso Share Buttons - https:\/\/www.hupso.com\/share\/ --><a class=\"hupso_counters\" href=\"https:\/\/www.hupso.com\/share\/\"><img decoding=\"async\" src=\"http:\/\/static.hupso.com\/share\/buttons\/lang\/es\/share-small.png\" style=\"border:0px; padding-top:2px; float:left;\" alt=\"Share Button\"\/><\/a><script type=\"text\/javascript\">var hupso_services_c=new Array(\"twitter\",\"facebook_like\",\"google\");var hupso_counters_lang = \"es_LA\";var hupso_image_folder_url = \"\";var hupso_twitter_via=\"crsyvrs\";var hupso_url_c=\"\";<\/script><script type=\"text\/javascript\" src=\"http:\/\/static.hupso.com\/share\/js\/counters.js\"><\/script><!-- Hupso Share Buttons --><\/div><h2>Se trata de la cuarta edici\u00f3n del encuentro que tendr\u00e1 todas las actividades con entrada libre y gratuita.<\/h2>\n<p><img loading=\"lazy\" decoding=\"async\" class=\"size-medium wp-image-36958 aligncenter\" src=\"http:\/\/cronicasyversiones.com\/wp-content\/uploads\/2023\/07\/La-era-olvidada-muki-sabogal-300x200.jpg\" alt=\"\" width=\"300\" height=\"200\" srcset=\"http:\/\/cronicasyversiones.com\/wp-content\/uploads\/2023\/07\/La-era-olvidada-muki-sabogal-300x200.jpg 300w, http:\/\/cronicasyversiones.com\/wp-content\/uploads\/2023\/07\/La-era-olvidada-muki-sabogal-1024x683.jpg 1024w, http:\/\/cronicasyversiones.com\/wp-content\/uploads\/2023\/07\/La-era-olvidada-muki-sabogal-768x512.jpg 768w, http:\/\/cronicasyversiones.com\/wp-content\/uploads\/2023\/07\/La-era-olvidada-muki-sabogal-1536x1024.jpg 1536w, http:\/\/cronicasyversiones.com\/wp-content\/uploads\/2023\/07\/La-era-olvidada-muki-sabogal.jpg 2048w\" sizes=\"auto, (max-width: 300px) 100vw, 300px\" \/><\/p>\n<p>Con entrada libre y gratuita, la cuarta <strong>Semana de Cine Latinoamericano<\/strong> tendr\u00e1 lugar en el Cultural San Mart\u00edn del 11 al 16 de julio.<\/p>\n<p>Este a\u00f1o la programaci\u00f3n busc\u00f3 reunir pel\u00edculas que hablan \u00abde las peque\u00f1as historias, de personajes que no se destacan por grandes odiseas sino porque su mirada trasciende la pantalla y nos conmueve, porque escuchamos en sus voces inquietudes, deseos y sue\u00f1os que vienen del coraz\u00f3n\u00bb, informaron los organizadores.<\/p>\n<p>\u00abLa cuarta edici\u00f3n del Encuentro de Cr\u00edticos contin\u00faa profundizando el camino de establecer lazos entre referentes de distintos pa\u00edses para enriquecernos, debatir y discutir nuestro cine desde una mirada\u00bb que conjugue an\u00e1lisis y conocimiento, indicaron en un comunicado.<\/p>\n<p>A su vez, el evento contar\u00e1 con la presencia de directoras y directores que dialogar\u00e1n con el p\u00fablico luego de las proyecciones.<\/p>\n<p>Algunas de las cintas que se podr\u00e1n ver son: <em><strong>\u00abFuego en el mar\u00bb, de Sebasti\u00e1n Zanzottera; \u00abEl Trueno\u00bb, de Isabel Titiro; \u00ab50 Kg\u00bb, de Sof\u00eda Bensad\u00f3n; \u00abLa noche y las tormentas\u00bb, de Nicol\u00e1s Deluca y Luj\u00e1n Agusti; \u00abAtl\u00e1ntico\u00bb, de Tob\u00edas C\u00e9dola, y \u00abLa Era Olvidada\u00bb, de C\u00e9sar Miranda.<\/strong><\/em><\/p>\n<p>Adem\u00e1s, el 13 de julio a las 16 tendr\u00e1 lugar la actividad especial Foro Internacional de Cr\u00edtica de Cine, que se transmitir\u00e1 por YouTube.<\/p>\n<div style=\"padding-bottom:20px; padding-top:10px;\" class=\"hupso-share-buttons\"><!-- Hupso Share Buttons - https:\/\/www.hupso.com\/share\/ --><a class=\"hupso_counters\" href=\"https:\/\/www.hupso.com\/share\/\"><img decoding=\"async\" src=\"http:\/\/static.hupso.com\/share\/buttons\/lang\/es\/share-small.png\" style=\"border:0px; padding-top:2px; float:left;\" alt=\"Share Button\"\/><\/a><script type=\"text\/javascript\">var hupso_services_c=new Array(\"twitter\",\"facebook_like\",\"google\");var hupso_counters_lang = \"es_LA\";var hupso_image_folder_url = \"\";var hupso_twitter_via=\"crsyvrs\";var hupso_url_c=\"\";<\/script><script type=\"text\/javascript\" src=\"http:\/\/static.hupso.com\/share\/js\/counters.js\"><\/script><!-- Hupso Share Buttons --><\/div> ","protected":false},"excerpt":{"rendered":"<div style=\"padding-bottom:20px; padding-top:10px;\" class=\"hupso-share-buttons\"><!-- Hupso Share Buttons - https:\/\/www.hupso.com\/share\/ --><a class=\"hupso_counters\" href=\"https:\/\/www.hupso.com\/share\/\"><img src=\"http:\/\/static.hupso.com\/share\/buttons\/lang\/es\/share-small.png\" style=\"border:0px; padding-top:2px; float:left;\" alt=\"Share Button\"\/><\/a><script type=\"text\/javascript\">var hupso_services_c=new Array(\"twitter\",\"facebook_like\",\"google\");var hupso_counters_lang = \"es_LA\";var hupso_image_folder_url = \"\";var hupso_twitter_via=\"crsyvrs\";var hupso_url_c=\"\";<\/script><script type=\"text\/javascript\" src=\"http:\/\/static.hupso.com\/share\/js\/counters.js\"><\/script><!-- Hupso Share Buttons --><\/div><p>Se trata de la cuarta edici\u00f3n del encuentro que tendr\u00e1 todas las actividades con entrada libre y gratuita. Con entrada libre y gratuita, la cuarta Semana de Cine Latinoamericano tendr\u00e1 lugar en el Cultural San Mart\u00edn del 11 al&#46;&#46;&#46;<\/p>\n<div style=\"padding-bottom:20px; padding-top:10px;\" class=\"hupso-share-buttons\"><!-- Hupso Share Buttons - https:\/\/www.hupso.com\/share\/ --><a class=\"hupso_counters\" href=\"https:\/\/www.hupso.com\/share\/\"><img src=\"http:\/\/static.hupso.com\/share\/buttons\/lang\/es\/share-small.png\" style=\"border:0px; padding-top:2px; float:left;\" alt=\"Share Button\"\/><\/a><script type=\"text\/javascript\">var hupso_services_c=new Array(\"twitter\",\"facebook_like\",\"google\");var hupso_counters_lang = \"es_LA\";var hupso_image_folder_url = \"\";var hupso_twitter_via=\"crsyvrs\";var hupso_url_c=\"\";<\/script><script type=\"text\/javascript\" src=\"http:\/\/static.hupso.com\/share\/js\/counters.js\"><\/script><!-- Hupso Share Buttons --><\/div>","protected":false},"author":5,"featured_media":36958,"comment_status":"closed","ping_status":"closed","sticky":false,"template":"","format":"standard","meta":{"footnotes":""},"categories":[4],"tags":[],"class_list":["post-36957","post","type-post","status-publish","format-standard","has-post-thumbnail","hentry","category-cine"],"_links":{"self":[{"href":"http:\/\/cronicasyversiones.com\/index.php?rest_route=\/wp\/v2\/posts\/36957","targetHints":{"allow":["GET"]}}],"collection":[{"href":"http:\/\/cronicasyversiones.com\/index.php?rest_route=\/wp\/v2\/posts"}],"about":[{"href":"http:\/\/cronicasyversiones.com\/index.php?rest_route=\/wp\/v2\/types\/post"}],"author":[{"embeddable":true,"href":"http:\/\/cronicasyversiones.com\/index.php?rest_route=\/wp\/v2\/users\/5"}],"replies":[{"embeddable":true,"href":"http:\/\/cronicasyversiones.com\/index.php?rest_route=%2Fwp%2Fv2%2Fcomments&post=36957"}],"version-history":[{"count":3,"href":"http:\/\/cronicasyversiones.com\/index.php?rest_route=\/wp\/v2\/posts\/36957\/revisions"}],"predecessor-version":[{"id":36982,"href":"http:\/\/cronicasyversiones.com\/index.php?rest_route=\/wp\/v2\/posts\/36957\/revisions\/36982"}],"wp:featuredmedia":[{"embeddable":true,"href":"http:\/\/cronicasyversiones.com\/index.php?rest_route=\/wp\/v2\/media\/36958"}],"wp:attachment":[{"href":"http:\/\/cronicasyversiones.com\/index.php?rest_route=%2Fwp%2Fv2%2Fmedia&parent=36957"}],"wp:term":[{"taxonomy":"category","embeddable":true,"href":"http:\/\/cronicasyversiones.com\/index.php?rest_route=%2Fwp%2Fv2%2Fcategories&post=36957"},{"taxonomy":"post_tag","embeddable":true,"href":"http:\/\/cronicasyversiones.com\/index.php?rest_route=%2Fwp%2Fv2%2Ftags&post=36957"}],"curies":[{"name":"wp","href":"https:\/\/api.w.org\/{rel}","templated":true}]}}