{"id":37002,"date":"2023-07-23T21:35:17","date_gmt":"2023-07-24T00:35:17","guid":{"rendered":"http:\/\/cronicasyversiones.com\/?p=37002"},"modified":"2023-07-23T21:35:18","modified_gmt":"2023-07-24T00:35:18","slug":"javier-sanchez-presenta-anos-luz-su-nuevo-disco","status":"publish","type":"post","link":"http:\/\/cronicasyversiones.com\/?p=37002","title":{"rendered":"Javier S\u00e1nchez presenta \u201cA\u00f1os luz\u201d, su nuevo disco"},"content":{"rendered":"<div style=\"padding-bottom:20px; padding-top:10px;\" class=\"hupso-share-buttons\"><!-- Hupso Share Buttons - https:\/\/www.hupso.com\/share\/ --><a class=\"hupso_counters\" href=\"https:\/\/www.hupso.com\/share\/\"><img decoding=\"async\" src=\"http:\/\/static.hupso.com\/share\/buttons\/lang\/es\/share-small.png\" style=\"border:0px; padding-top:2px; float:left;\" alt=\"Share Button\"\/><\/a><script type=\"text\/javascript\">var hupso_services_c=new Array(\"twitter\",\"facebook_like\",\"google\");var hupso_counters_lang = \"es_LA\";var hupso_image_folder_url = \"\";var hupso_twitter_via=\"crsyvrs\";var hupso_url_c=\"\";<\/script><script type=\"text\/javascript\" src=\"http:\/\/static.hupso.com\/share\/js\/counters.js\"><\/script><!-- Hupso Share Buttons --><\/div><h2>Con su banda y con Juan Carlos Baglietto como invitado, saldr\u00e1 escena en Circe F\u00e1brica de Arte.<\/h2>\n<p><img loading=\"lazy\" decoding=\"async\" class=\"size-medium wp-image-37003 aligncenter\" src=\"http:\/\/cronicasyversiones.com\/wp-content\/uploads\/2023\/07\/javier-300x200.jpg\" alt=\"\" width=\"300\" height=\"200\" srcset=\"http:\/\/cronicasyversiones.com\/wp-content\/uploads\/2023\/07\/javier-300x200.jpg 300w, http:\/\/cronicasyversiones.com\/wp-content\/uploads\/2023\/07\/javier-1024x683.jpg 1024w, http:\/\/cronicasyversiones.com\/wp-content\/uploads\/2023\/07\/javier-768x512.jpg 768w, http:\/\/cronicasyversiones.com\/wp-content\/uploads\/2023\/07\/javier.jpg 1200w\" sizes=\"auto, (max-width: 300px) 100vw, 300px\" \/><\/p>\n<p><strong>Javier S\u00e1nchez<\/strong> presenta <em><strong>\u201cA\u00f1os luz\u201d,<\/strong><\/em> su nuevo disco con un concierto especial en el 5 de agosto a las 20 en C<strong>irce F\u00e1brica de Arte,<\/strong> Manuel A. Rodr\u00edguez 1559, Villa Crespo.<\/p>\n<p>Las entradas se pueden adquirir a trav\u00e9s de <strong>Passline<\/strong> en el siguiente link:&nbsp; https:<strong>\/\/www.passline.com\/sitio-evento\/javier-sanchez-presenta-anos-luz-su-nuevo-disco.<\/strong><\/p>\n<p>Acompa\u00f1an a Javier en el concierto <strong>Pato Episcopo en el bajo, Oscar Fasanelli en la guitarra y Claudina Placenti en voces.<\/strong> Tambi\u00e9n habr\u00e1 visuales a cargo de Nayko.<\/p>\n<p>El recital tendr\u00e1 como invitado especial a<strong> Juan Carlos Baglietto.<\/strong><\/p>\n<p><iframe loading=\"lazy\" title=\"YouTube video player\" src=\"https:\/\/www.youtube.com\/embed\/TwQJVJ_ERvo\" width=\"560\" height=\"315\" frameborder=\"0\" allowfullscreen=\"allowfullscreen\"><\/iframe><\/p>\n<p><strong>\u201cA\u00f1os luz\u201d<\/strong> (Epsa Music) es un disco de nueve canciones puras, cantadas francamente, sin voces afinadas digitalmente, con un estilo de l\u00edrica urbana, im\u00e1genes crudas y a su vez amorosas e \u00edntimas, autorreferenciales y tambi\u00e9n universales.<\/p>\n<p>Tiene un abordaje sonoro mixturando la simpleza de la guitarra criolla con la electr\u00f3nica, las cuerdas de nylon con el software, los samples y la sonoridad de la ciudad y del barrio a la vez. Una est\u00e9tica actual con esencia tanguera, rockera, boler\u00edstica y criolla.<\/p>\n<p>En esta ocasi\u00f3n, Javier S\u00e1nchez tiene a su cargo voces, guitarras, guitalele, mandolina, bater\u00eda, bajo, caj\u00f3n, tambor pl\u00e1stico, bater\u00edas digitales, sintetizadores, percusiones, samples y acorde\u00f3n. Tambi\u00e9n la producci\u00f3n, grabaci\u00f3n y mezcla en su estudio \u00abEl Buey Solo\u00bb, que fueron realizadas entre 2022 y 2023. Arte de tapa: Nayko Fotos.<\/p>\n<p>Dice Javier al respecto de este nuevo disco: \u00abA\u00f1os luz, este quinto trabajo discogr\u00e1fico solista, es un disco bisagra en mi tarea de cantautor, m\u00fasico y productor autodidacta, porque fue hecho artesanalmente en el \u00e1mbito de mi estudio, a solas, desde la factor\u00eda de las canciones hasta los resultados finales que se escuchan, siempre haciendo pie en la canci\u00f3n franca parida desde la guitarra y la voz. En el medio, el hermoso viaje de tocar todos los instrumentos que suenan, dise\u00f1ar la propuesta sonora y el trabajo t\u00e9cnico para llegar a este resultado. Es un disco feliz para m\u00ed y me libera para seguir adelante con un universo de material creativo que me anda rondando el alma y la cabeza.\u00bb<\/p>\n<div style=\"padding-bottom:20px; padding-top:10px;\" class=\"hupso-share-buttons\"><!-- Hupso Share Buttons - https:\/\/www.hupso.com\/share\/ --><a class=\"hupso_counters\" href=\"https:\/\/www.hupso.com\/share\/\"><img decoding=\"async\" src=\"http:\/\/static.hupso.com\/share\/buttons\/lang\/es\/share-small.png\" style=\"border:0px; padding-top:2px; float:left;\" alt=\"Share Button\"\/><\/a><script type=\"text\/javascript\">var hupso_services_c=new Array(\"twitter\",\"facebook_like\",\"google\");var hupso_counters_lang = \"es_LA\";var hupso_image_folder_url = \"\";var hupso_twitter_via=\"crsyvrs\";var hupso_url_c=\"\";<\/script><script type=\"text\/javascript\" src=\"http:\/\/static.hupso.com\/share\/js\/counters.js\"><\/script><!-- Hupso Share Buttons --><\/div> ","protected":false},"excerpt":{"rendered":"<div style=\"padding-bottom:20px; padding-top:10px;\" class=\"hupso-share-buttons\"><!-- Hupso Share Buttons - https:\/\/www.hupso.com\/share\/ --><a class=\"hupso_counters\" href=\"https:\/\/www.hupso.com\/share\/\"><img src=\"http:\/\/static.hupso.com\/share\/buttons\/lang\/es\/share-small.png\" style=\"border:0px; padding-top:2px; float:left;\" alt=\"Share Button\"\/><\/a><script type=\"text\/javascript\">var hupso_services_c=new Array(\"twitter\",\"facebook_like\",\"google\");var hupso_counters_lang = \"es_LA\";var hupso_image_folder_url = \"\";var hupso_twitter_via=\"crsyvrs\";var hupso_url_c=\"\";<\/script><script type=\"text\/javascript\" src=\"http:\/\/static.hupso.com\/share\/js\/counters.js\"><\/script><!-- Hupso Share Buttons --><\/div><p>Con su banda y con Juan Carlos Baglietto como invitado, saldr\u00e1 escena en Circe F\u00e1brica de Arte. Javier S\u00e1nchez presenta \u201cA\u00f1os luz\u201d, su nuevo disco con un concierto especial en el 5 de agosto a las 20 en Circe&#46;&#46;&#46;<\/p>\n<div style=\"padding-bottom:20px; padding-top:10px;\" class=\"hupso-share-buttons\"><!-- Hupso Share Buttons - https:\/\/www.hupso.com\/share\/ --><a class=\"hupso_counters\" href=\"https:\/\/www.hupso.com\/share\/\"><img src=\"http:\/\/static.hupso.com\/share\/buttons\/lang\/es\/share-small.png\" style=\"border:0px; padding-top:2px; float:left;\" alt=\"Share Button\"\/><\/a><script type=\"text\/javascript\">var hupso_services_c=new Array(\"twitter\",\"facebook_like\",\"google\");var hupso_counters_lang = \"es_LA\";var hupso_image_folder_url = \"\";var hupso_twitter_via=\"crsyvrs\";var hupso_url_c=\"\";<\/script><script type=\"text\/javascript\" src=\"http:\/\/static.hupso.com\/share\/js\/counters.js\"><\/script><!-- Hupso Share Buttons --><\/div>","protected":false},"author":5,"featured_media":37003,"comment_status":"closed","ping_status":"closed","sticky":false,"template":"","format":"standard","meta":{"footnotes":""},"categories":[3],"tags":[1136],"class_list":["post-37002","post","type-post","status-publish","format-standard","has-post-thumbnail","hentry","category-musica","tag-folklore"],"_links":{"self":[{"href":"http:\/\/cronicasyversiones.com\/index.php?rest_route=\/wp\/v2\/posts\/37002","targetHints":{"allow":["GET"]}}],"collection":[{"href":"http:\/\/cronicasyversiones.com\/index.php?rest_route=\/wp\/v2\/posts"}],"about":[{"href":"http:\/\/cronicasyversiones.com\/index.php?rest_route=\/wp\/v2\/types\/post"}],"author":[{"embeddable":true,"href":"http:\/\/cronicasyversiones.com\/index.php?rest_route=\/wp\/v2\/users\/5"}],"replies":[{"embeddable":true,"href":"http:\/\/cronicasyversiones.com\/index.php?rest_route=%2Fwp%2Fv2%2Fcomments&post=37002"}],"version-history":[{"count":2,"href":"http:\/\/cronicasyversiones.com\/index.php?rest_route=\/wp\/v2\/posts\/37002\/revisions"}],"predecessor-version":[{"id":37069,"href":"http:\/\/cronicasyversiones.com\/index.php?rest_route=\/wp\/v2\/posts\/37002\/revisions\/37069"}],"wp:featuredmedia":[{"embeddable":true,"href":"http:\/\/cronicasyversiones.com\/index.php?rest_route=\/wp\/v2\/media\/37003"}],"wp:attachment":[{"href":"http:\/\/cronicasyversiones.com\/index.php?rest_route=%2Fwp%2Fv2%2Fmedia&parent=37002"}],"wp:term":[{"taxonomy":"category","embeddable":true,"href":"http:\/\/cronicasyversiones.com\/index.php?rest_route=%2Fwp%2Fv2%2Fcategories&post=37002"},{"taxonomy":"post_tag","embeddable":true,"href":"http:\/\/cronicasyversiones.com\/index.php?rest_route=%2Fwp%2Fv2%2Ftags&post=37002"}],"curies":[{"name":"wp","href":"https:\/\/api.w.org\/{rel}","templated":true}]}}