{"id":37005,"date":"2023-07-16T19:16:13","date_gmt":"2023-07-16T22:16:13","guid":{"rendered":"http:\/\/cronicasyversiones.com\/?p=37005"},"modified":"2023-07-16T19:16:21","modified_gmt":"2023-07-16T22:16:21","slug":"coti-estevan-presenta-kaani-su-nuevo-disco","status":"publish","type":"post","link":"http:\/\/cronicasyversiones.com\/?p=37005","title":{"rendered":"Coti Estevan presenta \u201cKaani\u201d, su nuevo disco"},"content":{"rendered":"<div style=\"padding-bottom:20px; padding-top:10px;\" class=\"hupso-share-buttons\"><!-- Hupso Share Buttons - https:\/\/www.hupso.com\/share\/ --><a class=\"hupso_counters\" href=\"https:\/\/www.hupso.com\/share\/\"><img decoding=\"async\" src=\"http:\/\/static.hupso.com\/share\/buttons\/lang\/es\/share-small.png\" style=\"border:0px; padding-top:2px; float:left;\" alt=\"Share Button\"\/><\/a><script type=\"text\/javascript\">var hupso_services_c=new Array(\"twitter\",\"facebook_like\",\"google\");var hupso_counters_lang = \"es_LA\";var hupso_image_folder_url = \"\";var hupso_twitter_via=\"crsyvrs\";var hupso_url_c=\"\";<\/script><script type=\"text\/javascript\" src=\"http:\/\/static.hupso.com\/share\/js\/counters.js\"><\/script><!-- Hupso Share Buttons --><\/div><h2>Se trata de la cuarta propuesta&nbsp; discogr\u00e1fica de esta notable cantautora,&nbsp; bailarina y artista interdisciplinaria cordobesa.<\/h2>\n<p><img loading=\"lazy\" decoding=\"async\" class=\"size-medium wp-image-37006 aligncenter\" src=\"http:\/\/cronicasyversiones.com\/wp-content\/uploads\/2023\/07\/Foto-Coti-Estevan-300x169.jpg\" alt=\"\" width=\"300\" height=\"169\" srcset=\"http:\/\/cronicasyversiones.com\/wp-content\/uploads\/2023\/07\/Foto-Coti-Estevan-300x169.jpg 300w, http:\/\/cronicasyversiones.com\/wp-content\/uploads\/2023\/07\/Foto-Coti-Estevan-1024x576.jpg 1024w, http:\/\/cronicasyversiones.com\/wp-content\/uploads\/2023\/07\/Foto-Coti-Estevan-768x432.jpg 768w, http:\/\/cronicasyversiones.com\/wp-content\/uploads\/2023\/07\/Foto-Coti-Estevan-1536x864.jpg 1536w, http:\/\/cronicasyversiones.com\/wp-content\/uploads\/2023\/07\/Foto-Coti-Estevan-520x292.jpg 520w, http:\/\/cronicasyversiones.com\/wp-content\/uploads\/2023\/07\/Foto-Coti-Estevan-720x404.jpg 720w, http:\/\/cronicasyversiones.com\/wp-content\/uploads\/2023\/07\/Foto-Coti-Estevan.jpg 1600w\" sizes=\"auto, (max-width: 300px) 100vw, 300px\" \/><\/p>\n<p><strong>Coti Estevan<\/strong> presenta su nuevo disco <em><strong>\u201cKaani\u201d,<\/strong> <\/em>la cuarta propuesta&nbsp; discogr\u00e1fica de esta notable cantautora,&nbsp; bailarina y artista interdisciplinaria cordobesa y su segunda obra solista con canciones mayormente de su autor\u00eda.<\/p>\n<p>La primera de las presentaciones en Buenos Aires ser\u00e1 el s\u00e1bado 19 de agosto a las 21 en Espacio Tucum\u00e1n, en&nbsp; Suipacha 140, en el Centro porte\u00f1o.<\/p>\n<p>Mientras que el domingo 20 de agosto a las 12 del mediod\u00eda se presentar\u00e1 en La Negrada\/ El Patio de Retumbos, en Garibaldi 209, en la ciudad de Tandil.<\/p>\n<p>&nbsp;<\/p>\n<blockquote class=\"instagram-media\" style=\"background: #FFF; border: 0; border-radius: 3px; box-shadow: 0 0 1px 0 rgba(0,0,0,0.5),0 1px 10px 0 rgba(0,0,0,0.15); margin: 1px; max-width: 540px; min-width: 326px; padding: 0; width: calc(100% - 2px);\" data-instgrm-captioned=\"\" data-instgrm-permalink=\"https:\/\/www.instagram.com\/reel\/CufPHHAg2nk\/?utm_source=ig_embed&amp;utm_campaign=loading\" data-instgrm-version=\"14\">\n<div style=\"padding: 16px;\">\n<p>&nbsp;<\/p>\n<div style=\"display: flex; flex-direction: row; align-items: center;\">\n<div style=\"background-color: #f4f4f4; border-radius: 50%; flex-grow: 0; height: 40px; margin-right: 14px; width: 40px;\"><\/div>\n<div style=\"display: flex; flex-direction: column; flex-grow: 1; justify-content: center;\">\n<div style=\"background-color: #f4f4f4; border-radius: 4px; flex-grow: 0; height: 14px; margin-bottom: 6px; width: 100px;\"><\/div>\n<div style=\"background-color: #f4f4f4; border-radius: 4px; flex-grow: 0; height: 14px; width: 60px;\"><\/div>\n<\/div>\n<\/div>\n<div style=\"padding: 19% 0;\"><\/div>\n<div style=\"display: block; height: 50px; margin: 0 auto 12px; width: 50px;\"><\/div>\n<div style=\"padding-top: 8px;\">\n<div style=\"color: #3897f0; font-family: Arial,sans-serif; font-size: 14px; font-style: normal; font-weight: 550; line-height: 18px;\">Ver esta publicaci\u00f3n en Instagram<\/div>\n<\/div>\n<div style=\"padding: 12.5% 0;\"><\/div>\n<div style=\"display: flex; flex-direction: row; margin-bottom: 14px; align-items: center;\">\n<div>\n<div style=\"background-color: #f4f4f4; border-radius: 50%; height: 12.5px; width: 12.5px; transform: translateX(0px) translateY(7px);\"><\/div>\n<div style=\"background-color: #f4f4f4; height: 12.5px; transform: rotate(-45deg) translateX(3px) translateY(1px); width: 12.5px; flex-grow: 0; margin-right: 14px; margin-left: 2px;\"><\/div>\n<div style=\"background-color: #f4f4f4; border-radius: 50%; height: 12.5px; width: 12.5px; transform: translateX(9px) translateY(-18px);\"><\/div>\n<\/div>\n<div style=\"margin-left: 8px;\">\n<div style=\"background-color: #f4f4f4; border-radius: 50%; flex-grow: 0; height: 20px; width: 20px;\"><\/div>\n<div style=\"width: 0; height: 0; border-top: 2px solid transparent; border-left: 6px solid #f4f4f4; border-bottom: 2px solid transparent; transform: translateX(16px) translateY(-4px) rotate(30deg);\"><\/div>\n<\/div>\n<div style=\"margin-left: auto;\">\n<div style=\"width: 0px; border-top: 8px solid #F4F4F4; border-right: 8px solid transparent; transform: translateY(16px);\"><\/div>\n<div style=\"background-color: #f4f4f4; flex-grow: 0; height: 12px; width: 16px; transform: translateY(-4px);\"><\/div>\n<div style=\"width: 0; height: 0; border-top: 8px solid #F4F4F4; border-left: 8px solid transparent; transform: translateY(-4px) translateX(8px);\"><\/div>\n<\/div>\n<\/div>\n<div style=\"display: flex; flex-direction: column; flex-grow: 1; justify-content: center; margin-bottom: 24px;\">\n<div style=\"background-color: #f4f4f4; border-radius: 4px; flex-grow: 0; height: 14px; margin-bottom: 6px; width: 224px;\"><\/div>\n<div style=\"background-color: #f4f4f4; border-radius: 4px; flex-grow: 0; height: 14px; width: 144px;\"><\/div>\n<\/div>\n<p>&nbsp;<\/p>\n<p style=\"color: #c9c8cd; font-family: Arial,sans-serif; font-size: 14px; line-height: 17px; margin-bottom: 0; margin-top: 8px; overflow: hidden; padding: 8px 0 7px; text-align: center; text-overflow: ellipsis; white-space: nowrap;\"><a style=\"color: #c9c8cd; font-family: Arial,sans-serif; font-size: 14px; font-style: normal; font-weight: normal; line-height: 17px; text-decoration: none;\" href=\"https:\/\/www.instagram.com\/reel\/CufPHHAg2nk\/?utm_source=ig_embed&amp;utm_campaign=loading\" target=\"_blank\" rel=\"noopener\">Una publicaci\u00f3n compartida de Coti Estevan (@constanzaestevan)<\/a><\/p>\n<\/div>\n<\/blockquote>\n<p><script async=\"\" src=\"\/\/www.instagram.com\/embed.js\"><\/script><\/p>\n<p><em><strong>\u201cKaani\u201d<\/strong><\/em> es la cuarta obra discogr\u00e1fica de Coti Estevan. Es la segunda propuesta solista. Re\u00fane 12 obras, casi todas composiciones de Coti&nbsp; y dos de su&nbsp; madre Mar\u00eda Teresa Ruiz.<\/p>\n<p><strong><em>\u201cKaani\u201d<\/em><\/strong> es una palabra que proviene de la lengua del tehuelche o aoniken que significa m\u00fasica y danza al mismo tiempo.<\/p>\n<p>Coti Estevan eligi\u00f3 este nombre porque por un lado, sintetiza su esencia art\u00edstica (la s\u00edntesis de sus dos formaciones art\u00edsticas m\u00e1s destacadas: la voz y la danza)y, por el otro, es una palabra de uno de los tantos pueblos originarios de nuestro pa\u00eds que mejor hac\u00eda referencia a lo que se propon\u00eda art\u00edsticamente en la puesta esc\u00e9nica.<\/p>\n<p>A Coti Estevan la acompa\u00f1a su grupo estable ENtrama que actualmente est\u00e1 formado por Facundo Olivera (guitarra criolla); Pablo Estevan (bajo el\u00e9ctrico); Ximena Estevan (viol\u00edn) y Rub\u00e9n Mansilla (percusi\u00f3n).<\/p>\n<p>En la grabaci\u00f3n del disco estuvieron invitadas \u00c1mbar Boursiac (guitarra criolla) y Jazm\u00edn El Hay (coros)<\/p>\n<p><iframe loading=\"lazy\" title=\"YouTube video player\" src=\"https:\/\/www.youtube.com\/embed\/S7c-kuhtnzg\" width=\"560\" height=\"315\" frameborder=\"0\" allowfullscreen=\"allowfullscreen\"><\/iframe><\/p>\n<p>En cuanto al origen y concepto de este disco: En el a\u00f1o 2022 Coti Estevan cre\u00f3 y produjo una puesta esc\u00e9nica interdisciplinaria de m\u00fasica, danza, artes visuales y poes\u00eda, con la que buscaba poner en escena el v\u00ednculo ancestral de la humanidad con la naturaleza, tomando como inspiraci\u00f3n los saberes de las cosmovisiones de los pueblos originarios. Este disco Kaani, es la materializaci\u00f3n f\u00edsica de la m\u00fasica de esta obra.<\/p>\n<p>Las letras de las canciones profundizan y reflexionan sobre los ciclos de vida- muerte- vida, sobre nuestra conexi\u00f3n con la naturaleza y sobre el da\u00f1o que nos causa y que causamos al permanecer desconectados de la sabidur\u00eda que nos brinda la misma. \u201c Me interesa revalorizar saberes y tradiciones, conectar con un mensaje de conciencia sobre la forma en que vivimos y nos relacionamos con nuestro medio y con los dem\u00e1s\u201d agrega la artista<\/p>\n<p>En cuanto a los ritmos del \u00e1lbum, las obras del disco recorren&nbsp; una diversidad de ritmos folkl\u00f3ricos argentinos, latinoamericanos y espa\u00f1oles. En los arreglos se busc\u00f3 reflejar la mixtura cultural, por momentos, sorprendiendo con cambios r\u00edtmicos y de texturas.<\/p>\n<blockquote><p>&nbsp;En palabras de Coti Estevan: &nbsp;\u201c Estos paisajes sonoros nos invitan a sumergirse en el entramado que somos como cultura latinoamericana. \u201cEn los arreglos me gusta jugar con lo r\u00edtmico, de la chacarera o de la zamba que aparezcan la vidala y las coplas, como un modo de remitir a la simpleza del origen en la m\u00fasica, en los cantos, en las culturas. Por momentos, irrumpir con un ritmo africano o sorprender con una canci\u00f3n espa\u00f1ola para dar lugar a las diferentes corrientes que alimentaron nuestro folklore\u201d.<\/p><\/blockquote>\n<p>\u201cSi bien, los instrumentos son tradicionales de nuestro folklore, incluimos un set de percusi\u00f3n mixto: bombo leg\u00fcero, platos, redoblante, tons y djmbe, que brindan una fusi\u00f3n interesante, entre moderna y tradicional. Al mismo tiempo, el bajo el\u00e9ctrico ocupa un lugar sobresaliente en muchos de los arreglos, para m\u00ed su sonido simboliza las ra\u00edces que se conectan y se comunican bajo tierra. La profundidad de su sonido me remite al coraz\u00f3n, a todo aquello que est\u00e1 presente pero de un modo inasible e impalpable, lo espiritual de la energ\u00eda vital\u201d, agrega.<\/p>\n<div style=\"padding-bottom:20px; padding-top:10px;\" class=\"hupso-share-buttons\"><!-- Hupso Share Buttons - https:\/\/www.hupso.com\/share\/ --><a class=\"hupso_counters\" href=\"https:\/\/www.hupso.com\/share\/\"><img decoding=\"async\" src=\"http:\/\/static.hupso.com\/share\/buttons\/lang\/es\/share-small.png\" style=\"border:0px; padding-top:2px; float:left;\" alt=\"Share Button\"\/><\/a><script type=\"text\/javascript\">var hupso_services_c=new Array(\"twitter\",\"facebook_like\",\"google\");var hupso_counters_lang = \"es_LA\";var hupso_image_folder_url = \"\";var hupso_twitter_via=\"crsyvrs\";var hupso_url_c=\"\";<\/script><script type=\"text\/javascript\" src=\"http:\/\/static.hupso.com\/share\/js\/counters.js\"><\/script><!-- Hupso Share Buttons --><\/div> ","protected":false},"excerpt":{"rendered":"<div style=\"padding-bottom:20px; padding-top:10px;\" class=\"hupso-share-buttons\"><!-- Hupso Share Buttons - https:\/\/www.hupso.com\/share\/ --><a class=\"hupso_counters\" href=\"https:\/\/www.hupso.com\/share\/\"><img src=\"http:\/\/static.hupso.com\/share\/buttons\/lang\/es\/share-small.png\" style=\"border:0px; padding-top:2px; float:left;\" alt=\"Share Button\"\/><\/a><script type=\"text\/javascript\">var hupso_services_c=new Array(\"twitter\",\"facebook_like\",\"google\");var hupso_counters_lang = \"es_LA\";var hupso_image_folder_url = \"\";var hupso_twitter_via=\"crsyvrs\";var hupso_url_c=\"\";<\/script><script type=\"text\/javascript\" src=\"http:\/\/static.hupso.com\/share\/js\/counters.js\"><\/script><!-- Hupso Share Buttons --><\/div><p>Se trata de la cuarta propuesta&nbsp; discogr\u00e1fica de esta notable cantautora,&nbsp; bailarina y artista interdisciplinaria cordobesa. Coti Estevan presenta su nuevo disco \u201cKaani\u201d, la cuarta propuesta&nbsp; discogr\u00e1fica de esta notable cantautora,&nbsp; bailarina y artista interdisciplinaria cordobesa y su segunda&#46;&#46;&#46;<\/p>\n<div style=\"padding-bottom:20px; padding-top:10px;\" class=\"hupso-share-buttons\"><!-- Hupso Share Buttons - https:\/\/www.hupso.com\/share\/ --><a class=\"hupso_counters\" href=\"https:\/\/www.hupso.com\/share\/\"><img src=\"http:\/\/static.hupso.com\/share\/buttons\/lang\/es\/share-small.png\" style=\"border:0px; padding-top:2px; float:left;\" alt=\"Share Button\"\/><\/a><script type=\"text\/javascript\">var hupso_services_c=new Array(\"twitter\",\"facebook_like\",\"google\");var hupso_counters_lang = \"es_LA\";var hupso_image_folder_url = \"\";var hupso_twitter_via=\"crsyvrs\";var hupso_url_c=\"\";<\/script><script type=\"text\/javascript\" src=\"http:\/\/static.hupso.com\/share\/js\/counters.js\"><\/script><!-- Hupso Share Buttons --><\/div>","protected":false},"author":5,"featured_media":37006,"comment_status":"closed","ping_status":"closed","sticky":false,"template":"","format":"standard","meta":{"footnotes":""},"categories":[3],"tags":[1136],"class_list":["post-37005","post","type-post","status-publish","format-standard","has-post-thumbnail","hentry","category-musica","tag-folklore"],"_links":{"self":[{"href":"http:\/\/cronicasyversiones.com\/index.php?rest_route=\/wp\/v2\/posts\/37005","targetHints":{"allow":["GET"]}}],"collection":[{"href":"http:\/\/cronicasyversiones.com\/index.php?rest_route=\/wp\/v2\/posts"}],"about":[{"href":"http:\/\/cronicasyversiones.com\/index.php?rest_route=\/wp\/v2\/types\/post"}],"author":[{"embeddable":true,"href":"http:\/\/cronicasyversiones.com\/index.php?rest_route=\/wp\/v2\/users\/5"}],"replies":[{"embeddable":true,"href":"http:\/\/cronicasyversiones.com\/index.php?rest_route=%2Fwp%2Fv2%2Fcomments&post=37005"}],"version-history":[{"count":2,"href":"http:\/\/cronicasyversiones.com\/index.php?rest_route=\/wp\/v2\/posts\/37005\/revisions"}],"predecessor-version":[{"id":37027,"href":"http:\/\/cronicasyversiones.com\/index.php?rest_route=\/wp\/v2\/posts\/37005\/revisions\/37027"}],"wp:featuredmedia":[{"embeddable":true,"href":"http:\/\/cronicasyversiones.com\/index.php?rest_route=\/wp\/v2\/media\/37006"}],"wp:attachment":[{"href":"http:\/\/cronicasyversiones.com\/index.php?rest_route=%2Fwp%2Fv2%2Fmedia&parent=37005"}],"wp:term":[{"taxonomy":"category","embeddable":true,"href":"http:\/\/cronicasyversiones.com\/index.php?rest_route=%2Fwp%2Fv2%2Fcategories&post=37005"},{"taxonomy":"post_tag","embeddable":true,"href":"http:\/\/cronicasyversiones.com\/index.php?rest_route=%2Fwp%2Fv2%2Ftags&post=37005"}],"curies":[{"name":"wp","href":"https:\/\/api.w.org\/{rel}","templated":true}]}}