{"id":37008,"date":"2023-07-12T15:30:33","date_gmt":"2023-07-12T18:30:33","guid":{"rendered":"http:\/\/cronicasyversiones.com\/?p=37008"},"modified":"2023-07-12T15:30:33","modified_gmt":"2023-07-12T18:30:33","slug":"duratierra-presentara-la-fuerza-en-la-trastrienda","status":"publish","type":"post","link":"http:\/\/cronicasyversiones.com\/?p=37008","title":{"rendered":"Duratierra presentar\u00e1 \u201cLa Fuerza\u201d en La Trastrienda"},"content":{"rendered":"<div style=\"padding-bottom:20px; padding-top:10px;\" class=\"hupso-share-buttons\"><!-- Hupso Share Buttons - https:\/\/www.hupso.com\/share\/ --><a class=\"hupso_counters\" href=\"https:\/\/www.hupso.com\/share\/\"><img decoding=\"async\" src=\"http:\/\/static.hupso.com\/share\/buttons\/lang\/es\/share-small.png\" style=\"border:0px; padding-top:2px; float:left;\" alt=\"Share Button\"\/><\/a><script type=\"text\/javascript\">var hupso_services_c=new Array(\"twitter\",\"facebook_like\",\"google\");var hupso_counters_lang = \"es_LA\";var hupso_image_folder_url = \"\";var hupso_twitter_via=\"crsyvrs\";var hupso_url_c=\"\";<\/script><script type=\"text\/javascript\" src=\"http:\/\/static.hupso.com\/share\/js\/counters.js\"><\/script><!-- Hupso Share Buttons --><\/div><h2>El cuarto \u00e1lbum de la banda tiene once canciones originales y potentes que confirman una vez m\u00e1s la consolidaci\u00f3n de la banda.<\/h2>\n<p><img loading=\"lazy\" decoding=\"async\" class=\"size-medium wp-image-37009 aligncenter\" src=\"http:\/\/cronicasyversiones.com\/wp-content\/uploads\/2023\/07\/thumbnail_lucia-prieto-3-300x200.jpg\" alt=\"\" width=\"300\" height=\"200\" srcset=\"http:\/\/cronicasyversiones.com\/wp-content\/uploads\/2023\/07\/thumbnail_lucia-prieto-3-300x200.jpg 300w, http:\/\/cronicasyversiones.com\/wp-content\/uploads\/2023\/07\/thumbnail_lucia-prieto-3-1024x682.jpg 1024w, http:\/\/cronicasyversiones.com\/wp-content\/uploads\/2023\/07\/thumbnail_lucia-prieto-3-768x512.jpg 768w, http:\/\/cronicasyversiones.com\/wp-content\/uploads\/2023\/07\/thumbnail_lucia-prieto-3-1536x1023.jpg 1536w, http:\/\/cronicasyversiones.com\/wp-content\/uploads\/2023\/07\/thumbnail_lucia-prieto-3.jpg 1920w\" sizes=\"auto, (max-width: 300px) 100vw, 300px\" \/><\/p>\n<p>El s\u00e1bado 5 de agosto, a las 20.30, en <strong>La Trastienda<\/strong>, <strong>Duratierra<\/strong> presentar\u00e1 <em><strong>\u201cLa Fuerza\u201d,<\/strong><\/em> su nuevo trabajo discogr\u00e1fico.<\/p>\n<p>El \u00e1lbum tiene once canciones originales y potentes que confirman una vez m\u00e1s su consolidaci\u00f3n como una de las bandas m\u00e1s significativas de la m\u00fasica latinoamericana en la actualidad.<\/p>\n<p>El cuarto \u00e1lbum de la agrupaci\u00f3n llega en una etapa sumamente especial para la misma. La solidez evidente que le otorgan sus casi 20 a\u00f1os de trayectoria vino acompa\u00f1ada, en este \u00faltimo tiempo, por una ampliaci\u00f3n de su formaci\u00f3n: sus creadores,<strong> Micaela Vita (voz), Juan Saraco (guitarra y voces), Nicol\u00e1s Arroyo (bater\u00eda, percusi\u00f3n y voces) y Tom\u00e1s Pagano (bajo),<\/strong> sumaron a <strong>Valen Bonetto (guitarras y voces), Silvia Aramayo (teclado, piano y voces) y Mart\u00edn Beckerman (percusi\u00f3n y voces)<\/strong> para conformar La Turba del Bien y as\u00ed expandir y revitalizar su universo creativo y sonoro.<\/p>\n<p>Toda esa energ\u00eda potenciada es la que precisamente ha quedado registrada por primera vez en el reciente material. Y es tambi\u00e9n con ese impulso que hoy se preparan para presentarlo, en vivo, en La Trastienda.<\/p>\n<p>Durante el show, el p\u00fablico podr\u00e1 disfrutar de las m\u00fasicas de un \u00e1lbum que transita por estados, situaciones y po\u00e9ticas diversas y en el que -convocando a la escucha pero tambi\u00e9n al baile- conviven una variedad de ritmos como el rock, la chacarera, el jazz, la murga uruguaya, la cumbia y el pop. La Fuerza es, adem\u00e1s, un disco rebelde: apuesta por la reflexi\u00f3n y busca ser inspiraci\u00f3n para la transformaci\u00f3n.<\/p>\n<p>&nbsp;<\/p>\n<blockquote class=\"instagram-media\" style=\"background: #FFF; border: 0; border-radius: 3px; box-shadow: 0 0 1px 0 rgba(0,0,0,0.5),0 1px 10px 0 rgba(0,0,0,0.15); margin: 1px; max-width: 540px; min-width: 326px; padding: 0; width: calc(100% - 2px);\" data-instgrm-captioned=\"\" data-instgrm-permalink=\"https:\/\/www.instagram.com\/p\/CukE3ZCOu7s\/?utm_source=ig_embed&amp;utm_campaign=loading\" data-instgrm-version=\"14\">\n<div style=\"padding: 16px;\">\n<p>&nbsp;<\/p>\n<div style=\"display: flex; flex-direction: row; align-items: center;\">\n<div style=\"background-color: #f4f4f4; border-radius: 50%; flex-grow: 0; height: 40px; margin-right: 14px; width: 40px;\"><\/div>\n<div style=\"display: flex; flex-direction: column; flex-grow: 1; justify-content: center;\">\n<div style=\"background-color: #f4f4f4; border-radius: 4px; flex-grow: 0; height: 14px; margin-bottom: 6px; width: 100px;\"><\/div>\n<div style=\"background-color: #f4f4f4; border-radius: 4px; flex-grow: 0; height: 14px; width: 60px;\"><\/div>\n<\/div>\n<\/div>\n<div style=\"padding: 19% 0;\"><\/div>\n<div style=\"display: block; height: 50px; margin: 0 auto 12px; width: 50px;\"><\/div>\n<div style=\"padding-top: 8px;\">\n<div style=\"color: #3897f0; font-family: Arial,sans-serif; font-size: 14px; font-style: normal; font-weight: 550; line-height: 18px;\">Ver esta publicaci\u00f3n en Instagram<\/div>\n<\/div>\n<div style=\"padding: 12.5% 0;\"><\/div>\n<div style=\"display: flex; flex-direction: row; margin-bottom: 14px; align-items: center;\">\n<div>\n<div style=\"background-color: #f4f4f4; border-radius: 50%; height: 12.5px; width: 12.5px; transform: translateX(0px) translateY(7px);\"><\/div>\n<div style=\"background-color: #f4f4f4; height: 12.5px; transform: rotate(-45deg) translateX(3px) translateY(1px); width: 12.5px; flex-grow: 0; margin-right: 14px; margin-left: 2px;\"><\/div>\n<div style=\"background-color: #f4f4f4; border-radius: 50%; height: 12.5px; width: 12.5px; transform: translateX(9px) translateY(-18px);\"><\/div>\n<\/div>\n<div style=\"margin-left: 8px;\">\n<div style=\"background-color: #f4f4f4; border-radius: 50%; flex-grow: 0; height: 20px; width: 20px;\"><\/div>\n<div style=\"width: 0; height: 0; border-top: 2px solid transparent; border-left: 6px solid #f4f4f4; border-bottom: 2px solid transparent; transform: translateX(16px) translateY(-4px) rotate(30deg);\"><\/div>\n<\/div>\n<div style=\"margin-left: auto;\">\n<div style=\"width: 0px; border-top: 8px solid #F4F4F4; border-right: 8px solid transparent; transform: translateY(16px);\"><\/div>\n<div style=\"background-color: #f4f4f4; flex-grow: 0; height: 12px; width: 16px; transform: translateY(-4px);\"><\/div>\n<div style=\"width: 0; height: 0; border-top: 8px solid #F4F4F4; border-left: 8px solid transparent; transform: translateY(-4px) translateX(8px);\"><\/div>\n<\/div>\n<\/div>\n<div style=\"display: flex; flex-direction: column; flex-grow: 1; justify-content: center; margin-bottom: 24px;\">\n<div style=\"background-color: #f4f4f4; border-radius: 4px; flex-grow: 0; height: 14px; margin-bottom: 6px; width: 224px;\"><\/div>\n<div style=\"background-color: #f4f4f4; border-radius: 4px; flex-grow: 0; height: 14px; width: 144px;\"><\/div>\n<\/div>\n<p>&nbsp;<\/p>\n<p style=\"color: #c9c8cd; font-family: Arial,sans-serif; font-size: 14px; line-height: 17px; margin-bottom: 0; margin-top: 8px; overflow: hidden; padding: 8px 0 7px; text-align: center; text-overflow: ellipsis; white-space: nowrap;\"><a style=\"color: #c9c8cd; font-family: Arial,sans-serif; font-size: 14px; font-style: normal; font-weight: normal; line-height: 17px; text-decoration: none;\" href=\"https:\/\/www.instagram.com\/p\/CukE3ZCOu7s\/?utm_source=ig_embed&amp;utm_campaign=loading\" target=\"_blank\" rel=\"noopener\">Una publicaci\u00f3n compartida de Dura7ierra (@duratierra)<\/a><\/p>\n<\/div>\n<\/blockquote>\n<p><script async src=\"\/\/www.instagram.com\/embed.js\"><\/script><\/p>\n<p>Posteriormente al concierto de Buenos Aires, Duratierra continuar\u00e1 armando \u201ctrinchera\u201d -tal como definen a ese ritual amoroso que comparten y revalidan con sus seguidores\/as durante cada show- para presentar tambi\u00e9n este \u00e1lbum el 18 de agosto en el Studio Theatre de C\u00f3rdoba, el 19 de agosto en el Centro Cultural G\u00fcemes de Rosario y el 20 de agosto en Tribus Club de Arte de Santa Fe, una agenda que seguir\u00e1 ampli\u00e1ndose y concretar\u00e1 la llegada de la agrupaci\u00f3n a otros puntos de nuestro pa\u00eds.<\/p>\n<p>Desde el rock, el pop, el jazz y el folklore tradicional, Duratierra aborda los g\u00e9neros latinoamericanos con frescura y sin fronteras, respetando las ra\u00edces y encontrando en ellas el punto de partida para contar la propia historia en tiempo presente.<\/p>\n<p>Hoy se encuentra conformado como un poderoso septeto. A sus creadores, Micaela Vita (voz), Juan Saraco (guitarra y voces), Nicol\u00e1s Arroyo (bater\u00eda, percusi\u00f3n y voces) y Tom\u00e1s Pagano (bajo), se han sumado Valen Bonetto (guitarras, percusi\u00f3n y voces), Silvia Aramayo (teclado, acorde\u00f3n y voces) y Mart\u00edn Beckerman (percusi\u00f3n y voces).<\/p>\n<p>La banda lleva editados cuatro trabajos discogr\u00e1ficos. Su primer \u00e1lbum, Floralia, se public\u00f3 en 2010 y ofreci\u00f3 versiones de cl\u00e1sicos latinoamericanos.<\/p>\n<p><iframe loading=\"lazy\" title=\"YouTube video player\" src=\"https:\/\/www.youtube.com\/embed\/cIj8Vk7l0UQ\" width=\"560\" height=\"315\" frameborder=\"0\" allowfullscreen=\"allowfullscreen\"><\/iframe><\/p>\n<p>Fue se\u00f1alado por la revista Rolling Stone como uno de los 5 mejores discos de folklore del a\u00f1o. En 2013, lanz\u00f3 Enobra, un material completamente integrado por canciones originales, que forj\u00f3 la identidad art\u00edstica del grupo.<\/p>\n<p>En 2017 lleg\u00f3 el turno de Cr\u00eda, tambi\u00e9n conformado por obras propias y elegido como mejor disco del a\u00f1o por diversos representantes de la prensa especializada de nuestro pa\u00eds.<\/p>\n<p>Durante el 2019 el grupo edit\u00f3 tambi\u00e9n un simple, con la canci\u00f3n Amigx, junto a la murga uruguaya Falta y Resto y, posteriormente, un EP llamado Trinchera.<\/p>\n<p>En este 2023, est\u00e1n presentando su cuarto disco, un nuevo material titulado La Fuerza, donde la banda celebra la nueva etapa creativa que est\u00e1 transitando.<\/p>\n<p>Duratierra ha compartido escenario con grandes artistas del mundo como Snarky Puppy, Susana Baca, Lenine, Luiz Carlos Borges, Raly Barrionuevo, Ile (Calle 13), entre otros.<\/p>\n<div style=\"padding-bottom:20px; padding-top:10px;\" class=\"hupso-share-buttons\"><!-- Hupso Share Buttons - https:\/\/www.hupso.com\/share\/ --><a class=\"hupso_counters\" href=\"https:\/\/www.hupso.com\/share\/\"><img decoding=\"async\" src=\"http:\/\/static.hupso.com\/share\/buttons\/lang\/es\/share-small.png\" style=\"border:0px; padding-top:2px; float:left;\" alt=\"Share Button\"\/><\/a><script type=\"text\/javascript\">var hupso_services_c=new Array(\"twitter\",\"facebook_like\",\"google\");var hupso_counters_lang = \"es_LA\";var hupso_image_folder_url = \"\";var hupso_twitter_via=\"crsyvrs\";var hupso_url_c=\"\";<\/script><script type=\"text\/javascript\" src=\"http:\/\/static.hupso.com\/share\/js\/counters.js\"><\/script><!-- Hupso Share Buttons --><\/div> ","protected":false},"excerpt":{"rendered":"<div style=\"padding-bottom:20px; padding-top:10px;\" class=\"hupso-share-buttons\"><!-- Hupso Share Buttons - https:\/\/www.hupso.com\/share\/ --><a class=\"hupso_counters\" href=\"https:\/\/www.hupso.com\/share\/\"><img src=\"http:\/\/static.hupso.com\/share\/buttons\/lang\/es\/share-small.png\" style=\"border:0px; padding-top:2px; float:left;\" alt=\"Share Button\"\/><\/a><script type=\"text\/javascript\">var hupso_services_c=new Array(\"twitter\",\"facebook_like\",\"google\");var hupso_counters_lang = \"es_LA\";var hupso_image_folder_url = \"\";var hupso_twitter_via=\"crsyvrs\";var hupso_url_c=\"\";<\/script><script type=\"text\/javascript\" src=\"http:\/\/static.hupso.com\/share\/js\/counters.js\"><\/script><!-- Hupso Share Buttons --><\/div><p>El cuarto \u00e1lbum de la banda tiene once canciones originales y potentes que confirman una vez m\u00e1s la consolidaci\u00f3n de la banda. El s\u00e1bado 5 de agosto, a las 20.30, en La Trastienda, Duratierra presentar\u00e1 \u201cLa Fuerza\u201d, su nuevo&#46;&#46;&#46;<\/p>\n<div style=\"padding-bottom:20px; padding-top:10px;\" class=\"hupso-share-buttons\"><!-- Hupso Share Buttons - https:\/\/www.hupso.com\/share\/ --><a class=\"hupso_counters\" href=\"https:\/\/www.hupso.com\/share\/\"><img src=\"http:\/\/static.hupso.com\/share\/buttons\/lang\/es\/share-small.png\" style=\"border:0px; padding-top:2px; float:left;\" alt=\"Share Button\"\/><\/a><script type=\"text\/javascript\">var hupso_services_c=new Array(\"twitter\",\"facebook_like\",\"google\");var hupso_counters_lang = \"es_LA\";var hupso_image_folder_url = \"\";var hupso_twitter_via=\"crsyvrs\";var hupso_url_c=\"\";<\/script><script type=\"text\/javascript\" src=\"http:\/\/static.hupso.com\/share\/js\/counters.js\"><\/script><!-- Hupso Share Buttons --><\/div>","protected":false},"author":5,"featured_media":37009,"comment_status":"closed","ping_status":"closed","sticky":false,"template":"","format":"standard","meta":{"footnotes":""},"categories":[3],"tags":[1136],"class_list":["post-37008","post","type-post","status-publish","format-standard","has-post-thumbnail","hentry","category-musica","tag-folklore"],"_links":{"self":[{"href":"http:\/\/cronicasyversiones.com\/index.php?rest_route=\/wp\/v2\/posts\/37008","targetHints":{"allow":["GET"]}}],"collection":[{"href":"http:\/\/cronicasyversiones.com\/index.php?rest_route=\/wp\/v2\/posts"}],"about":[{"href":"http:\/\/cronicasyversiones.com\/index.php?rest_route=\/wp\/v2\/types\/post"}],"author":[{"embeddable":true,"href":"http:\/\/cronicasyversiones.com\/index.php?rest_route=\/wp\/v2\/users\/5"}],"replies":[{"embeddable":true,"href":"http:\/\/cronicasyversiones.com\/index.php?rest_route=%2Fwp%2Fv2%2Fcomments&post=37008"}],"version-history":[{"count":1,"href":"http:\/\/cronicasyversiones.com\/index.php?rest_route=\/wp\/v2\/posts\/37008\/revisions"}],"predecessor-version":[{"id":37010,"href":"http:\/\/cronicasyversiones.com\/index.php?rest_route=\/wp\/v2\/posts\/37008\/revisions\/37010"}],"wp:featuredmedia":[{"embeddable":true,"href":"http:\/\/cronicasyversiones.com\/index.php?rest_route=\/wp\/v2\/media\/37009"}],"wp:attachment":[{"href":"http:\/\/cronicasyversiones.com\/index.php?rest_route=%2Fwp%2Fv2%2Fmedia&parent=37008"}],"wp:term":[{"taxonomy":"category","embeddable":true,"href":"http:\/\/cronicasyversiones.com\/index.php?rest_route=%2Fwp%2Fv2%2Fcategories&post=37008"},{"taxonomy":"post_tag","embeddable":true,"href":"http:\/\/cronicasyversiones.com\/index.php?rest_route=%2Fwp%2Fv2%2Ftags&post=37008"}],"curies":[{"name":"wp","href":"https:\/\/api.w.org\/{rel}","templated":true}]}}