{"id":37145,"date":"2023-08-03T21:21:43","date_gmt":"2023-08-04T00:21:43","guid":{"rendered":"http:\/\/cronicasyversiones.com\/?p=37145"},"modified":"2023-08-03T21:21:43","modified_gmt":"2023-08-04T00:21:43","slug":"sisa-quinteto-presenta-para-ser-fuego-su-segundo-disco","status":"publish","type":"post","link":"http:\/\/cronicasyversiones.com\/?p=37145","title":{"rendered":"Sisa Quinteto presenta \u00abPara ser fuego\u00bb, su segundo disco"},"content":{"rendered":"<div style=\"padding-bottom:20px; padding-top:10px;\" class=\"hupso-share-buttons\"><!-- Hupso Share Buttons - https:\/\/www.hupso.com\/share\/ --><a class=\"hupso_counters\" href=\"https:\/\/www.hupso.com\/share\/\"><img decoding=\"async\" src=\"http:\/\/static.hupso.com\/share\/buttons\/lang\/es\/share-small.png\" style=\"border:0px; padding-top:2px; float:left;\" alt=\"Share Button\"\/><\/a><script type=\"text\/javascript\">var hupso_services_c=new Array(\"twitter\",\"facebook_like\",\"google\");var hupso_counters_lang = \"es_LA\";var hupso_image_folder_url = \"\";var hupso_twitter_via=\"crsyvrs\";var hupso_url_c=\"\";<\/script><script type=\"text\/javascript\" src=\"http:\/\/static.hupso.com\/share\/js\/counters.js\"><\/script><!-- Hupso Share Buttons --><\/div><h2>La agrupaci\u00f3n saldr\u00e1 a escena con su nuevo material en el Cultural Mor\u00e1n, junto a artistas invitados.<\/h2>\n<p><img loading=\"lazy\" decoding=\"async\" class=\"size-medium wp-image-37146 aligncenter\" src=\"http:\/\/cronicasyversiones.com\/wp-content\/uploads\/2023\/08\/Sisa_Grupal_11-300x200.jpg\" alt=\"\" width=\"300\" height=\"200\" srcset=\"http:\/\/cronicasyversiones.com\/wp-content\/uploads\/2023\/08\/Sisa_Grupal_11-300x200.jpg 300w, http:\/\/cronicasyversiones.com\/wp-content\/uploads\/2023\/08\/Sisa_Grupal_11-1024x683.jpg 1024w, http:\/\/cronicasyversiones.com\/wp-content\/uploads\/2023\/08\/Sisa_Grupal_11-768x512.jpg 768w, http:\/\/cronicasyversiones.com\/wp-content\/uploads\/2023\/08\/Sisa_Grupal_11-1536x1024.jpg 1536w, http:\/\/cronicasyversiones.com\/wp-content\/uploads\/2023\/08\/Sisa_Grupal_11.jpg 1600w\" sizes=\"auto, (max-width: 300px) 100vw, 300px\" \/><\/p>\n<p><strong>Sisa Quinteto<\/strong> presenta su segundo disco,<em><strong> \u201cPara ser fuego\u201d<\/strong><\/em> con un concierto en el <strong>Cultural Mor\u00e1n<\/strong> el jueves 24 de agosto a las 21 en reducto ubicado en Pedro Mor\u00e1n 2147.<\/p>\n<p>Ser\u00e1n parte del concierto Flor Bobadilla Oliva, La cuerda de candombe: Laura Busso (tambor chico), Johana Gar\u00edn (tambor repique), Natalia Alfi (tambor piano) y Chavela Preta (danza). Artista invitado en la apertura: Lautaro Matute.<\/p>\n<p>Sisa Quinteto es un proyecto musical que surge en el a\u00f1o 2016. Est\u00e1 formado por <strong>Florencia Marino<\/strong> en viol\u00edn, <strong>Florencia Knoblovits<\/strong> en guitarra, <strong>Florencia Cagnone<\/strong> en bajo, <strong>Mariana Hern\u00e1ndez<\/strong> en voz y <strong>Marcela \u201cNige\u201d Achy<\/strong> en percusi\u00f3n y bater\u00eda.<\/p>\n<p><iframe loading=\"lazy\" title=\"YouTube video player\" src=\"https:\/\/www.youtube.com\/embed\/p0xbnmDUj8c\" width=\"560\" height=\"315\" frameborder=\"0\" allowfullscreen=\"allowfullscreen\"><\/iframe><\/p>\n<p>Realizan composiciones propias con influencias del nordeste brasilero, de Per\u00fa -con sus ritmos afroperuanos y criollos-, aires andinos y chacareras. Su repertorio es una s\u00edntesis de los aportes de cada una de las integrantes, con una fuerte impronta de trabajo colectivo tanto en la composici\u00f3n como en los arreglos.<\/p>\n<p>Desarrollan temas instrumentales y cantados, pasando por momentos de improvisaci\u00f3n, de arreglos vocales y de percusi\u00f3n, donde las integrantes intervienen no solo con sus instrumentos principales sino tambi\u00e9n con voces, accesorios y recitados. Sus espect\u00e1culos combinan la m\u00fasica y la danza, en una propuesta esc\u00e9nica integral, que invita a las y los espectadores a disfrutar de diferentes climas. La variedad de instrumentos, fusiones y estilos es una caracter\u00edstica de Sisa Quinteto.<\/p>\n<p>Giraron por Argentina, Chile y Uruguay. Tienen dos discos editados: <em><strong>\u201cCreciente\u201d<\/strong><\/em> (2020) y el m\u00e1s reciente<em><strong> \u201cPara ser fuego\u201d<\/strong> <\/em>(2023), el cual se encuentran presentando actualmente.<\/p>\n<div style=\"padding-bottom:20px; padding-top:10px;\" class=\"hupso-share-buttons\"><!-- Hupso Share Buttons - https:\/\/www.hupso.com\/share\/ --><a class=\"hupso_counters\" href=\"https:\/\/www.hupso.com\/share\/\"><img decoding=\"async\" src=\"http:\/\/static.hupso.com\/share\/buttons\/lang\/es\/share-small.png\" style=\"border:0px; padding-top:2px; float:left;\" alt=\"Share Button\"\/><\/a><script type=\"text\/javascript\">var hupso_services_c=new Array(\"twitter\",\"facebook_like\",\"google\");var hupso_counters_lang = \"es_LA\";var hupso_image_folder_url = \"\";var hupso_twitter_via=\"crsyvrs\";var hupso_url_c=\"\";<\/script><script type=\"text\/javascript\" src=\"http:\/\/static.hupso.com\/share\/js\/counters.js\"><\/script><!-- Hupso Share Buttons --><\/div> ","protected":false},"excerpt":{"rendered":"<div style=\"padding-bottom:20px; padding-top:10px;\" class=\"hupso-share-buttons\"><!-- Hupso Share Buttons - https:\/\/www.hupso.com\/share\/ --><a class=\"hupso_counters\" href=\"https:\/\/www.hupso.com\/share\/\"><img src=\"http:\/\/static.hupso.com\/share\/buttons\/lang\/es\/share-small.png\" style=\"border:0px; padding-top:2px; float:left;\" alt=\"Share Button\"\/><\/a><script type=\"text\/javascript\">var hupso_services_c=new Array(\"twitter\",\"facebook_like\",\"google\");var hupso_counters_lang = \"es_LA\";var hupso_image_folder_url = \"\";var hupso_twitter_via=\"crsyvrs\";var hupso_url_c=\"\";<\/script><script type=\"text\/javascript\" src=\"http:\/\/static.hupso.com\/share\/js\/counters.js\"><\/script><!-- Hupso Share Buttons --><\/div><p>La agrupaci\u00f3n saldr\u00e1 a escena con su nuevo material en el Cultural Mor\u00e1n, junto a artistas invitados. Sisa Quinteto presenta su segundo disco, \u201cPara ser fuego\u201d con un concierto en el Cultural Mor\u00e1n el jueves 24 de agosto a&#46;&#46;&#46;<\/p>\n<div style=\"padding-bottom:20px; padding-top:10px;\" class=\"hupso-share-buttons\"><!-- Hupso Share Buttons - https:\/\/www.hupso.com\/share\/ --><a class=\"hupso_counters\" href=\"https:\/\/www.hupso.com\/share\/\"><img src=\"http:\/\/static.hupso.com\/share\/buttons\/lang\/es\/share-small.png\" style=\"border:0px; padding-top:2px; float:left;\" alt=\"Share Button\"\/><\/a><script type=\"text\/javascript\">var hupso_services_c=new Array(\"twitter\",\"facebook_like\",\"google\");var hupso_counters_lang = \"es_LA\";var hupso_image_folder_url = \"\";var hupso_twitter_via=\"crsyvrs\";var hupso_url_c=\"\";<\/script><script type=\"text\/javascript\" src=\"http:\/\/static.hupso.com\/share\/js\/counters.js\"><\/script><!-- Hupso Share Buttons --><\/div>","protected":false},"author":5,"featured_media":37146,"comment_status":"closed","ping_status":"closed","sticky":false,"template":"","format":"standard","meta":{"footnotes":""},"categories":[3],"tags":[1136],"class_list":["post-37145","post","type-post","status-publish","format-standard","has-post-thumbnail","hentry","category-musica","tag-folklore"],"_links":{"self":[{"href":"http:\/\/cronicasyversiones.com\/index.php?rest_route=\/wp\/v2\/posts\/37145","targetHints":{"allow":["GET"]}}],"collection":[{"href":"http:\/\/cronicasyversiones.com\/index.php?rest_route=\/wp\/v2\/posts"}],"about":[{"href":"http:\/\/cronicasyversiones.com\/index.php?rest_route=\/wp\/v2\/types\/post"}],"author":[{"embeddable":true,"href":"http:\/\/cronicasyversiones.com\/index.php?rest_route=\/wp\/v2\/users\/5"}],"replies":[{"embeddable":true,"href":"http:\/\/cronicasyversiones.com\/index.php?rest_route=%2Fwp%2Fv2%2Fcomments&post=37145"}],"version-history":[{"count":2,"href":"http:\/\/cronicasyversiones.com\/index.php?rest_route=\/wp\/v2\/posts\/37145\/revisions"}],"predecessor-version":[{"id":37159,"href":"http:\/\/cronicasyversiones.com\/index.php?rest_route=\/wp\/v2\/posts\/37145\/revisions\/37159"}],"wp:featuredmedia":[{"embeddable":true,"href":"http:\/\/cronicasyversiones.com\/index.php?rest_route=\/wp\/v2\/media\/37146"}],"wp:attachment":[{"href":"http:\/\/cronicasyversiones.com\/index.php?rest_route=%2Fwp%2Fv2%2Fmedia&parent=37145"}],"wp:term":[{"taxonomy":"category","embeddable":true,"href":"http:\/\/cronicasyversiones.com\/index.php?rest_route=%2Fwp%2Fv2%2Fcategories&post=37145"},{"taxonomy":"post_tag","embeddable":true,"href":"http:\/\/cronicasyversiones.com\/index.php?rest_route=%2Fwp%2Fv2%2Ftags&post=37145"}],"curies":[{"name":"wp","href":"https:\/\/api.w.org\/{rel}","templated":true}]}}