{"id":3732,"date":"2014-09-29T07:52:27","date_gmt":"2014-09-29T10:52:27","guid":{"rendered":"http:\/\/cronicasyversiones.com\/?p=3732"},"modified":"2014-09-29T11:15:13","modified_gmt":"2014-09-29T14:15:13","slug":"mafalda-cumple-50-anos","status":"publish","type":"post","link":"http:\/\/cronicasyversiones.com\/?p=3732","title":{"rendered":"Mafalda cumple 50 a\u00f1os"},"content":{"rendered":"<div style=\"padding-bottom:20px; padding-top:10px;\" class=\"hupso-share-buttons\"><!-- Hupso Share Buttons - https:\/\/www.hupso.com\/share\/ --><a class=\"hupso_counters\" href=\"https:\/\/www.hupso.com\/share\/\"><img decoding=\"async\" src=\"http:\/\/static.hupso.com\/share\/buttons\/lang\/es\/share-small.png\" style=\"border:0px; padding-top:2px; float:left;\" alt=\"Share Button\"\/><\/a><script type=\"text\/javascript\">var hupso_services_c=new Array(\"twitter\",\"facebook_like\",\"google\");var hupso_counters_lang = \"es_LA\";var hupso_image_folder_url = \"\";var hupso_twitter_via=\"crsyvrs\";var hupso_url_c=\"\";<\/script><script type=\"text\/javascript\" src=\"http:\/\/static.hupso.com\/share\/js\/counters.js\"><\/script><!-- Hupso Share Buttons --><\/div><h4 style=\"text-align: justify;\">Por Edgardo Solano<\/h4>\n<h2 style=\"text-align: justify;\">La genial creaci\u00f3n de Quino lleg\u00f3 a la media centuria y lo que se narr\u00f3 en esas vi\u00f1etas mantiene una vigencia imperecedera. Una mirada y un repaso por este cl\u00e1sico del humor gr\u00e1fico y por sus personajes.<\/h2>\n<p><a href=\"http:\/\/cronicasyversiones.com\/wp-content\/uploads\/2014\/09\/mafalda-todos.jpg\"><img loading=\"lazy\" decoding=\"async\" class=\"size-full wp-image-3733 aligncenter\" src=\"http:\/\/cronicasyversiones.com\/wp-content\/uploads\/2014\/09\/mafalda-todos.jpg\" alt=\"mafalda-todos\" width=\"750\" height=\"313\" srcset=\"http:\/\/cronicasyversiones.com\/wp-content\/uploads\/2014\/09\/mafalda-todos.jpg 750w, http:\/\/cronicasyversiones.com\/wp-content\/uploads\/2014\/09\/mafalda-todos-300x125.jpg 300w, http:\/\/cronicasyversiones.com\/wp-content\/uploads\/2014\/09\/mafalda-todos-624x260.jpg 624w\" sizes=\"auto, (max-width: 750px) 100vw, 750px\" \/><\/a><\/p>\n<p style=\"text-align: justify;\">Las injusticias, por las que<strong> Mafalda<\/strong> realizada sus zumbones planteos, siguen inalterables desde el primer d\u00eda que se public\u00f3 esta tira creada por<strong> Quino<\/strong>. Tambi\u00e9n los mandatos familiares y status quo que quer\u00eda hacer a\u00f1icos esa ni\u00f1a amante de Los Beatles no se quebr\u00f3 del todo, a pesar del paso del tiempo. Adem\u00e1s, el desarme y la paz mundial, tema recurrente el personaje, est\u00e1n lejos de conseguirse.<\/p>\n<p style=\"text-align: justify;\">Quino hizo correr tinta para los lectores de su tiempo, y quiz\u00e1, cuando traz\u00f3 sus primeras vi\u00f1etas de Mafalda, no imagin\u00f3 que su personaje se iba a transformar en inoxidable e iba a recorrer el mundo <strong>sin perder una gota de vigencia y reinvent\u00e1ndose cada d\u00eda<\/strong><\/p>\n<p style=\"text-align: justify;\">Mafalda se public\u00f3, <strong>hace exactamente 50 a\u00f1os,<\/strong> por primera vez en la revista <strong>Primera Plana<\/strong> el 29 de septiembre de 1964, con formato de tira pero con el objetivo camuflado de una campa\u00f1a publicitaria de la l\u00ednea de electrodom\u00e9sticos <strong>Mansfield,<\/strong> lanzada por la empresa<strong> Siam Di Tella.<\/strong> Luego, la tira pasar\u00eda por el <strong>diario El Mundo<\/strong> y por la<strong> revista Siete D\u00edas Ilustrados,<\/strong> hasta que el 25 de junio de 1973 la tira deja por publicarse por decisi\u00f3n del propio autor.<\/p>\n<p style=\"text-align: justify;\">A pesar de que Mafalda s\u00f3lo se public\u00f3 durante menos que una d\u00e9cada, un tiempo mucho menor a otros cl\u00e1sicos del humor gr\u00e1fico, el furor posterior gener\u00f3 que la tira <strong>se traduzca a 30 idiomas y lleve vendido en la Argentina m\u00e1s de 20 millones de ejemplares<\/strong> y una suculenta cantidad en otras latitudes.<\/p>\n<p style=\"text-align: justify;\">Estas vi\u00f1etas siguen siendo devoradas por j\u00f3venes que nacieron mucho despu\u00e9s de que la historieta deje de publicarse y Mafalda, y en menor medida los dem\u00e1s personajes de la tira, <strong>se convirti\u00f3 en un \u00edcono pop<\/strong>, por lo que su imagen est\u00e1 estampada en remeras, tazas, p\u00f3sters y elementos de merchandising por doquier.<\/p>\n<p style=\"text-align: justify;\"><strong>\u00abNo me imagino c\u00f3mo ser\u00eda ella hoy.<\/strong> La dej\u00e9 de dibujar y ya est\u00e1. Si Susanita se hubiera casado con Felipe y ese tipo de historias&#8230; a m\u00ed jam\u00e1s se me ocurren. Soy como un carpintero al que le gusta trabajar la madera, algunos muebles le salen mejor que otros, pero a todos los quiere igual\u00bb, dijo Quino, en una entrevista reciente, sobre el posible futuro de los personajes de la tira.<\/p>\n<p style=\"text-align: justify;\">Adem\u00e1s, Joaqu\u00edn Salvador Lavado Tej\u00f3n, el verdadero nombre del artista mendocino, asegur\u00f3 en m\u00e1s de una oportunidad que se comparaba con Felipe, a pesar que no tienen \u201clos dientes de conejo\u201d del personaje.<\/p>\n<p style=\"text-align: justify;\">Mafalda fue una suerte de predecesora de<strong> Lisa Simpson,<\/strong> aunque quiz\u00e1s nunca sabremos si <strong>Matt Groennig<\/strong> ley\u00f3 esta obra de Quino. Ambas ni\u00f1as mostraban una adultez y un pensamiento cr\u00edtico muy parecido y tambi\u00e9n muy distantes al de sus respectivos de sus padres y tambi\u00e9n aterraban a sus progenitores con sus cuestionamientos zumbones.<\/p>\n<p style=\"text-align: justify;\">Esta cuestionadora serial, como hace medio siglo, podr\u00eda hoy volver a obsesionarse con su globo terr\u00e1queo y seguir notando la diferencia en la calidad de vida entre los hemisferios y seguir <strong>llamando \u201camateurs\u201d a los del cono sur<\/strong>, en lugar del lapidario \u201csubdesarrollados\u201d.<\/p>\n<p style=\"text-align: justify;\">Adem\u00e1s del globo terr\u00e1queo, adoraba al P\u00e1jaro Loco y Los Beatles, como su creador. Su kriptonita era la sopa, que funciona como s\u00edmbolo del subyugamentinto de los padres a lo hijos, y tampoco fueron de su simpat\u00eda los chinos, \u00bfo quiz\u00e1 el comunismo chino?<\/p>\n<p style=\"text-align: justify;\">Esa ni\u00f1a rebelde de los \u201960 chocaba casi a diario con su madre fregona, y hasta tem\u00eda tener ese mismo destino, y tambi\u00e9n con <strong>Susanita<\/strong>, su contramodelo, la que s\u00f3lo a\u00f1oraba para su futuro <strong>tener \u201cmuchos hijitos\u201d y ser \u201cla se\u00f1ora de&#8230;\u201d,<\/strong> cuando la mujer comenzaba en esos a\u00f1os a arrebatarle el monopolio a los hombres en distintos espacios.<\/p>\n<p style=\"text-align: justify;\">Mientras Mafalda clamaba por la igualdad, tambi\u00e9n lidiaba a menudo con <strong>la imagen del capitalismo inescrupuloso<\/strong> encarnada en <strong>Manolito<\/strong>, a quien adem\u00e1s cargaba a cuestas con la brutalidad que la voz popular le otorga a los integrantes de la numerosa colectividad espa\u00f1ola en la Argentina. Adem\u00e1s de sus distintas prioridades (Mafalda est\u00e1 pendiente del desarme y Manolito de obtener m\u00e1s ganancias), tambi\u00e9n los separaba el hecho de que al hijo de Don Manolo no le guste Los Beatles, a pesar de que los Melenudos ganaban mucho dinero, pero no tanto como <strong>Rockefeller.<\/strong><\/p>\n<p style=\"text-align: justify;\"><strong>Felipe<\/strong> en cambio, con su<strong> ingenuidad a cuestas y holgazaner\u00eda a cuestas,<\/strong> era un so\u00f1ador incansable. El mejor amigo de Mafalda , que s\u00ed amaba a Los Beatles, viv\u00eda en su mundo de las historietas de <strong>Llanero Solitario<\/strong> y suspira por amor pl\u00e1t\u00f3nicos, como su joven maestra o una vecinita de Mafalda, que nunca not\u00f3 la presencia de su enamorado.<\/p>\n<p style=\"text-align: justify;\">Nieto de un enfervorizado seguidor de <strong>Benito Musolini,<\/strong> <strong>Miguelito<\/strong> era ligeramente ego\u00edsta a\u00fan m\u00e1s so\u00f1ador que Felipe. Sus reflexiones eran fatales, algo surrealistas y sus quejas y su honestidad brutal eran el pan de cada d\u00eda<\/p>\n<p style=\"text-align: justify;\">El propio Quino confes\u00f3 que un d\u00eda las musas no acudieron a su auxilio y que por falta de inspiraci\u00f3n (algo extra\u00f1o en \u00e9l) tuvo que embarazar a la madre de Mafalda y as\u00ed lleg\u00f3 <strong>Guille<\/strong> a la tira. Naci\u00f3 cuando la historieta no se publicaba por el cierre del <strong>diario El Mundo<\/strong>, fruto del golpe de militar de <strong>Juan Carlos Ongan\u00eda<\/strong> al gobierno del doctor <strong>Arturo Ill\u00eda<\/strong>. Apareci\u00f3 ya como un beb\u00e9 en la revista<strong> Siete D\u00edas Ilustrados<\/strong> con una p\u00e9sima pronunciaci\u00f3n y el chupete como su marca registrada.<\/p>\n<p style=\"text-align: justify;\"><strong>Liberdad,<\/strong> que apareci\u00f3 al final de la tira, <strong>estaba a la izquierda de Mafalda<\/strong> y arremete contra el pensamiento conservador de Susanita y Manolito. Adem\u00e1s, el nombre del personaje el toda una declaraci\u00f3n de principios.<\/p>\n<p style=\"text-align: justify;\">Sigue habiendo cuestionadoras<strong> Mafaldas<\/strong> y tambi\u00e9n ni\u00f1as como <strong>Libertad<\/strong>. Tambi\u00e9n so\u00f1adores como<strong> Miguelito<\/strong> y <strong>Felipe<\/strong> Pero tambi\u00e9n<strong> Susanitas y Manolitos<\/strong> que defienden el orden establecido.<\/p>\n<p style=\"text-align: justify;\">La pintura de la familia argentina que traz\u00f3<strong> Quino<\/strong> hace medio siglo en <strong>Mafalda<\/strong> sigue inalterable y no hay que hacerle ning\u00fan retoque para que sepa actual y tampoco cambi\u00f3 en nada que el <strong>Citroen 2CV<\/strong> (o cualquier equivalente contempor\u00e1neo) es el \u00fanico auto donde lo importante sigue siendo la persona.<\/p>\n<p style=\"text-align: justify;\">\n<div style=\"padding-bottom:20px; padding-top:10px;\" class=\"hupso-share-buttons\"><!-- Hupso Share Buttons - https:\/\/www.hupso.com\/share\/ --><a class=\"hupso_counters\" href=\"https:\/\/www.hupso.com\/share\/\"><img decoding=\"async\" src=\"http:\/\/static.hupso.com\/share\/buttons\/lang\/es\/share-small.png\" style=\"border:0px; padding-top:2px; float:left;\" alt=\"Share Button\"\/><\/a><script type=\"text\/javascript\">var hupso_services_c=new Array(\"twitter\",\"facebook_like\",\"google\");var hupso_counters_lang = \"es_LA\";var hupso_image_folder_url = \"\";var hupso_twitter_via=\"crsyvrs\";var hupso_url_c=\"\";<\/script><script type=\"text\/javascript\" src=\"http:\/\/static.hupso.com\/share\/js\/counters.js\"><\/script><!-- Hupso Share Buttons --><\/div> ","protected":false},"excerpt":{"rendered":"<div style=\"padding-bottom:20px; padding-top:10px;\" class=\"hupso-share-buttons\"><!-- Hupso Share Buttons - https:\/\/www.hupso.com\/share\/ --><a class=\"hupso_counters\" href=\"https:\/\/www.hupso.com\/share\/\"><img src=\"http:\/\/static.hupso.com\/share\/buttons\/lang\/es\/share-small.png\" style=\"border:0px; padding-top:2px; float:left;\" alt=\"Share Button\"\/><\/a><script type=\"text\/javascript\">var hupso_services_c=new Array(\"twitter\",\"facebook_like\",\"google\");var hupso_counters_lang = \"es_LA\";var hupso_image_folder_url = \"\";var hupso_twitter_via=\"crsyvrs\";var hupso_url_c=\"\";<\/script><script type=\"text\/javascript\" src=\"http:\/\/static.hupso.com\/share\/js\/counters.js\"><\/script><!-- Hupso Share Buttons --><\/div><p>Por Edgardo Solano La genial creaci\u00f3n de Quino lleg\u00f3 a la media centuria y lo que se narr\u00f3 en esas vi\u00f1etas mantiene una vigencia imperecedera. Una mirada y un repaso por este cl\u00e1sico del humor gr\u00e1fico y por sus&#46;&#46;&#46;<\/p>\n<div style=\"padding-bottom:20px; padding-top:10px;\" class=\"hupso-share-buttons\"><!-- Hupso Share Buttons - https:\/\/www.hupso.com\/share\/ --><a class=\"hupso_counters\" href=\"https:\/\/www.hupso.com\/share\/\"><img src=\"http:\/\/static.hupso.com\/share\/buttons\/lang\/es\/share-small.png\" style=\"border:0px; padding-top:2px; float:left;\" alt=\"Share Button\"\/><\/a><script type=\"text\/javascript\">var hupso_services_c=new Array(\"twitter\",\"facebook_like\",\"google\");var hupso_counters_lang = \"es_LA\";var hupso_image_folder_url = \"\";var hupso_twitter_via=\"crsyvrs\";var hupso_url_c=\"\";<\/script><script type=\"text\/javascript\" src=\"http:\/\/static.hupso.com\/share\/js\/counters.js\"><\/script><!-- Hupso Share Buttons --><\/div>","protected":false},"author":5,"featured_media":0,"comment_status":"open","ping_status":"open","sticky":false,"template":"","format":"standard","meta":{"footnotes":""},"categories":[7,2570],"tags":[2929,2928,62,2927,850,2926],"class_list":["post-3732","post","type-post","status-publish","format-standard","hentry","category-literatura","category-los-50-anos-de-mafalda","tag-felipe","tag-guille","tag-mafalda","tag-manolito","tag-quino","tag-susanita"],"_links":{"self":[{"href":"http:\/\/cronicasyversiones.com\/index.php?rest_route=\/wp\/v2\/posts\/3732","targetHints":{"allow":["GET"]}}],"collection":[{"href":"http:\/\/cronicasyversiones.com\/index.php?rest_route=\/wp\/v2\/posts"}],"about":[{"href":"http:\/\/cronicasyversiones.com\/index.php?rest_route=\/wp\/v2\/types\/post"}],"author":[{"embeddable":true,"href":"http:\/\/cronicasyversiones.com\/index.php?rest_route=\/wp\/v2\/users\/5"}],"replies":[{"embeddable":true,"href":"http:\/\/cronicasyversiones.com\/index.php?rest_route=%2Fwp%2Fv2%2Fcomments&post=3732"}],"version-history":[{"count":0,"href":"http:\/\/cronicasyversiones.com\/index.php?rest_route=\/wp\/v2\/posts\/3732\/revisions"}],"wp:attachment":[{"href":"http:\/\/cronicasyversiones.com\/index.php?rest_route=%2Fwp%2Fv2%2Fmedia&parent=3732"}],"wp:term":[{"taxonomy":"category","embeddable":true,"href":"http:\/\/cronicasyversiones.com\/index.php?rest_route=%2Fwp%2Fv2%2Fcategories&post=3732"},{"taxonomy":"post_tag","embeddable":true,"href":"http:\/\/cronicasyversiones.com\/index.php?rest_route=%2Fwp%2Fv2%2Ftags&post=3732"}],"curies":[{"name":"wp","href":"https:\/\/api.w.org\/{rel}","templated":true}]}}