{"id":37320,"date":"2023-09-06T20:13:34","date_gmt":"2023-09-06T23:13:34","guid":{"rendered":"http:\/\/cronicasyversiones.com\/?p=37320"},"modified":"2023-09-06T20:13:34","modified_gmt":"2023-09-06T23:13:34","slug":"homenaje-a-jean-luc-godard-en-la-sala-leopoldo-lugones","status":"publish","type":"post","link":"http:\/\/cronicasyversiones.com\/?p=37320","title":{"rendered":"Homenaje a Jean-Luc Godard en la Sala Leopoldo Lugones"},"content":{"rendered":"<div style=\"padding-bottom:20px; padding-top:10px;\" class=\"hupso-share-buttons\"><!-- Hupso Share Buttons - https:\/\/www.hupso.com\/share\/ --><a class=\"hupso_counters\" href=\"https:\/\/www.hupso.com\/share\/\"><img decoding=\"async\" src=\"http:\/\/static.hupso.com\/share\/buttons\/lang\/es\/share-small.png\" style=\"border:0px; padding-top:2px; float:left;\" alt=\"Share Button\"\/><\/a><script type=\"text\/javascript\">var hupso_services_c=new Array(\"twitter\",\"facebook_like\",\"google\");var hupso_counters_lang = \"es_LA\";var hupso_image_folder_url = \"\";var hupso_twitter_via=\"crsyvrs\";var hupso_url_c=\"\";<\/script><script type=\"text\/javascript\" src=\"http:\/\/static.hupso.com\/share\/js\/counters.js\"><\/script><!-- Hupso Share Buttons --><\/div><h2>El ciclo tendr\u00e1 tendr\u00e1 siete largometrajes del m\u00edtico director al cumplirse un a\u00f1o de su muerte.<\/h2>\n<p><img loading=\"lazy\" decoding=\"async\" class=\"size-medium wp-image-37321 aligncenter\" src=\"http:\/\/cronicasyversiones.com\/wp-content\/uploads\/2023\/09\/descarga-300x169.jpg\" alt=\"\" width=\"300\" height=\"169\" srcset=\"http:\/\/cronicasyversiones.com\/wp-content\/uploads\/2023\/09\/descarga-300x169.jpg 300w, http:\/\/cronicasyversiones.com\/wp-content\/uploads\/2023\/09\/descarga-1024x576.jpg 1024w, http:\/\/cronicasyversiones.com\/wp-content\/uploads\/2023\/09\/descarga-768x432.jpg 768w, http:\/\/cronicasyversiones.com\/wp-content\/uploads\/2023\/09\/descarga-1536x864.jpg 1536w, http:\/\/cronicasyversiones.com\/wp-content\/uploads\/2023\/09\/descarga-520x292.jpg 520w, http:\/\/cronicasyversiones.com\/wp-content\/uploads\/2023\/09\/descarga-720x404.jpg 720w, http:\/\/cronicasyversiones.com\/wp-content\/uploads\/2023\/09\/descarga.jpg 1600w\" sizes=\"auto, (max-width: 300px) 100vw, 300px\" \/><\/p>\n<p>Siete largometrajes del m\u00edtico <strong>Jean-Luc Godard<\/strong> ser\u00e1n proyectados entre el 13 y el 20 de septiembre en la porte\u00f1a <strong>Sala Leopoldo Lugones del Teatro San Mart\u00edn<\/strong>, en la avenida Corrientes 1.530, a un a\u00f1o de la muerte cineasta franc\u00e9s.<\/p>\n<p>El ciclo, denominado <em><strong>\u201cHomenaje a Jean-Luc Godard\u201d,<\/strong><\/em> organizado por el Ministerio de Cultura a trav\u00e9s del Complejo Teatral de Buenos Aires y la Fundaci\u00f3n Cinemateca Argentina en colaboraci\u00f3n con el Institut fran\u00e7ais d&#8217;Argentine, est\u00e1 compuesto por siete pel\u00edculas estrenadas en la d\u00e9cada del sesenta por el prol\u00edfico director fallecido el 13 de septiembre del 2022 en Suiza.<\/p>\n<p>La primera cinta del ciclo se ver\u00e1 el mi\u00e9rcoles 13 a las 15 con <em><strong>\u201cSin aliento\u201d<\/strong><\/em>, con Jean-Paul Belmondo, Jean Seberg y Daniel Boulanger (repite el 17\/9 a las 18); y el mismo d\u00eda se ver\u00e1 a las 18 <em><strong>\u201cVivir su vida\u201d<\/strong><\/em> (1962), con Anna Karina, Saddy Rebbot, Andr\u00e9 Labarthe (repite el 17\/9 a las 15 y a las 21).<\/p>\n<p>El 14 a las 15 y a las 21 se proyectar\u00e1<em><strong> \u201cEl desprecio\u201d<\/strong><\/em> (1963), con Brigitte Bardot, Michel Piccoli, Fritz Lang (repite el 16\/9 a las 18); y a las 18 <em><strong>\u201cMasculino femenino\u201d<\/strong> <\/em>(1966), con Jean-Pierre L\u00e9aud, Chantal Goya, Marl\u00e8ne Jobert (repite el 20\/9 a las 15 y a las 21).<\/p>\n<p><em><strong>\u201cAlphaville\u201d<\/strong><\/em> (1965), con Eddie Constantine, Anna Karina y Akim Tamiroff se ver\u00e1 el 15 a las 15 y las 21 (repite el 19\/9 a las 18); mientras que a las 18 se proyectar\u00e1 <em><strong>\u201cPierrot el loco\u201d<\/strong> <\/em>(1965), con Jean-Paul Belmondo, Anna Karina, Samuel Fuller (repite el 19\/9 a las 15 y a las 21).<\/p>\n<p>Y el s\u00e1bado 16 a las 15 y a las 21 ser\u00e1 el turno de<em><strong> \u201cLa chinoise\u201d<\/strong><\/em> (1967), con Anne Wiazemsky, Jean-Pierre L\u00e9aud, Juliet Berto (repite el 20\/9 a las 18).<\/p>\n<div style=\"padding-bottom:20px; padding-top:10px;\" class=\"hupso-share-buttons\"><!-- Hupso Share Buttons - https:\/\/www.hupso.com\/share\/ --><a class=\"hupso_counters\" href=\"https:\/\/www.hupso.com\/share\/\"><img decoding=\"async\" src=\"http:\/\/static.hupso.com\/share\/buttons\/lang\/es\/share-small.png\" style=\"border:0px; padding-top:2px; float:left;\" alt=\"Share Button\"\/><\/a><script type=\"text\/javascript\">var hupso_services_c=new Array(\"twitter\",\"facebook_like\",\"google\");var hupso_counters_lang = \"es_LA\";var hupso_image_folder_url = \"\";var hupso_twitter_via=\"crsyvrs\";var hupso_url_c=\"\";<\/script><script type=\"text\/javascript\" src=\"http:\/\/static.hupso.com\/share\/js\/counters.js\"><\/script><!-- Hupso Share Buttons --><\/div> ","protected":false},"excerpt":{"rendered":"<div style=\"padding-bottom:20px; padding-top:10px;\" class=\"hupso-share-buttons\"><!-- Hupso Share Buttons - https:\/\/www.hupso.com\/share\/ --><a class=\"hupso_counters\" href=\"https:\/\/www.hupso.com\/share\/\"><img src=\"http:\/\/static.hupso.com\/share\/buttons\/lang\/es\/share-small.png\" style=\"border:0px; padding-top:2px; float:left;\" alt=\"Share Button\"\/><\/a><script type=\"text\/javascript\">var hupso_services_c=new Array(\"twitter\",\"facebook_like\",\"google\");var hupso_counters_lang = \"es_LA\";var hupso_image_folder_url = \"\";var hupso_twitter_via=\"crsyvrs\";var hupso_url_c=\"\";<\/script><script type=\"text\/javascript\" src=\"http:\/\/static.hupso.com\/share\/js\/counters.js\"><\/script><!-- Hupso Share Buttons --><\/div><p>El ciclo tendr\u00e1 tendr\u00e1 siete largometrajes del m\u00edtico director al cumplirse un a\u00f1o de su muerte. Siete largometrajes del m\u00edtico Jean-Luc Godard ser\u00e1n proyectados entre el 13 y el 20 de septiembre en la porte\u00f1a Sala Leopoldo Lugones del&#46;&#46;&#46;<\/p>\n<div style=\"padding-bottom:20px; padding-top:10px;\" class=\"hupso-share-buttons\"><!-- Hupso Share Buttons - https:\/\/www.hupso.com\/share\/ --><a class=\"hupso_counters\" href=\"https:\/\/www.hupso.com\/share\/\"><img src=\"http:\/\/static.hupso.com\/share\/buttons\/lang\/es\/share-small.png\" style=\"border:0px; padding-top:2px; float:left;\" alt=\"Share Button\"\/><\/a><script type=\"text\/javascript\">var hupso_services_c=new Array(\"twitter\",\"facebook_like\",\"google\");var hupso_counters_lang = \"es_LA\";var hupso_image_folder_url = \"\";var hupso_twitter_via=\"crsyvrs\";var hupso_url_c=\"\";<\/script><script type=\"text\/javascript\" src=\"http:\/\/static.hupso.com\/share\/js\/counters.js\"><\/script><!-- Hupso Share Buttons --><\/div>","protected":false},"author":5,"featured_media":37321,"comment_status":"closed","ping_status":"closed","sticky":false,"template":"","format":"standard","meta":{"footnotes":""},"categories":[4],"tags":[],"class_list":["post-37320","post","type-post","status-publish","format-standard","has-post-thumbnail","hentry","category-cine"],"_links":{"self":[{"href":"http:\/\/cronicasyversiones.com\/index.php?rest_route=\/wp\/v2\/posts\/37320","targetHints":{"allow":["GET"]}}],"collection":[{"href":"http:\/\/cronicasyversiones.com\/index.php?rest_route=\/wp\/v2\/posts"}],"about":[{"href":"http:\/\/cronicasyversiones.com\/index.php?rest_route=\/wp\/v2\/types\/post"}],"author":[{"embeddable":true,"href":"http:\/\/cronicasyversiones.com\/index.php?rest_route=\/wp\/v2\/users\/5"}],"replies":[{"embeddable":true,"href":"http:\/\/cronicasyversiones.com\/index.php?rest_route=%2Fwp%2Fv2%2Fcomments&post=37320"}],"version-history":[{"count":1,"href":"http:\/\/cronicasyversiones.com\/index.php?rest_route=\/wp\/v2\/posts\/37320\/revisions"}],"predecessor-version":[{"id":37322,"href":"http:\/\/cronicasyversiones.com\/index.php?rest_route=\/wp\/v2\/posts\/37320\/revisions\/37322"}],"wp:featuredmedia":[{"embeddable":true,"href":"http:\/\/cronicasyversiones.com\/index.php?rest_route=\/wp\/v2\/media\/37321"}],"wp:attachment":[{"href":"http:\/\/cronicasyversiones.com\/index.php?rest_route=%2Fwp%2Fv2%2Fmedia&parent=37320"}],"wp:term":[{"taxonomy":"category","embeddable":true,"href":"http:\/\/cronicasyversiones.com\/index.php?rest_route=%2Fwp%2Fv2%2Fcategories&post=37320"},{"taxonomy":"post_tag","embeddable":true,"href":"http:\/\/cronicasyversiones.com\/index.php?rest_route=%2Fwp%2Fv2%2Ftags&post=37320"}],"curies":[{"name":"wp","href":"https:\/\/api.w.org\/{rel}","templated":true}]}}