{"id":37345,"date":"2023-09-08T09:26:42","date_gmt":"2023-09-08T12:26:42","guid":{"rendered":"http:\/\/cronicasyversiones.com\/?p=37345"},"modified":"2023-09-08T09:26:43","modified_gmt":"2023-09-08T12:26:43","slug":"recuerdos-que-no-voy-a-olvidar-un-recorrido-por-la-vida-de-fito-paez","status":"publish","type":"post","link":"http:\/\/cronicasyversiones.com\/?p=37345","title":{"rendered":"\u00abRecuerdos que no voy a olvidar\u00bb, un recorrido por la vida de Fito P\u00e1ez"},"content":{"rendered":"<div style=\"padding-bottom:20px; padding-top:10px;\" class=\"hupso-share-buttons\"><!-- Hupso Share Buttons - https:\/\/www.hupso.com\/share\/ --><a class=\"hupso_counters\" href=\"https:\/\/www.hupso.com\/share\/\"><img decoding=\"async\" src=\"http:\/\/static.hupso.com\/share\/buttons\/lang\/es\/share-small.png\" style=\"border:0px; padding-top:2px; float:left;\" alt=\"Share Button\"\/><\/a><script type=\"text\/javascript\">var hupso_services_c=new Array(\"twitter\",\"facebook_like\",\"google\");var hupso_counters_lang = \"es_LA\";var hupso_image_folder_url = \"\";var hupso_twitter_via=\"crsyvrs\";var hupso_url_c=\"\";<\/script><script type=\"text\/javascript\" src=\"http:\/\/static.hupso.com\/share\/js\/counters.js\"><\/script><!-- Hupso Share Buttons --><\/div><h2>La muestra es un homenaje al popular artista rosarino que puede visitarse en la Ciudad Cultural Lavard\u00e9n.<\/h2>\n<p><img loading=\"lazy\" decoding=\"async\" class=\"size-medium wp-image-37346 aligncenter\" src=\"http:\/\/cronicasyversiones.com\/wp-content\/uploads\/2023\/09\/Muestra-Recuerdos-que-no-voy-a-olvidar-sobre-Fito-Paez-300x235.jpg\" alt=\"\" width=\"300\" height=\"235\" srcset=\"http:\/\/cronicasyversiones.com\/wp-content\/uploads\/2023\/09\/Muestra-Recuerdos-que-no-voy-a-olvidar-sobre-Fito-Paez-300x235.jpg 300w, http:\/\/cronicasyversiones.com\/wp-content\/uploads\/2023\/09\/Muestra-Recuerdos-que-no-voy-a-olvidar-sobre-Fito-Paez-768x602.jpg 768w, http:\/\/cronicasyversiones.com\/wp-content\/uploads\/2023\/09\/Muestra-Recuerdos-que-no-voy-a-olvidar-sobre-Fito-Paez.jpg 880w\" sizes=\"auto, (max-width: 300px) 100vw, 300px\" \/><\/p>\n<p>Fotograf\u00edas, tapas de discos y de revistas, afiches y dibujos conforman la muestra<em><strong> \u201cRecuerdos que no voy a olvidar\u201d<\/strong><\/em> sobre <strong>Fito P\u00e1ez<\/strong>, un homenaje y a la vez recorrido por la vida del artista que se puede visitar en la <strong>Ciudad Cultural Lavard\u00e9n de Rosario.<\/strong><\/p>\n<p>Auspiciada por el Ministerio de Cultura de la provincia de Santa Fe, la exposici\u00f3n es la primera que se exhibe en Argentina en homenaje al artista nacido en Rosario hace 60 a\u00f1os, unos de los \u00edconos culturales de la ciudad.<\/p>\n<p>Principalmente m\u00fasico, pero tambi\u00e9n productor, cineasta, escritor y \u00e1vido lector, la muestra que contiene im\u00e1genes in\u00e9ditas ofrece un recorrido por la vida de <strong>Rodolfo P\u00e1ez,<\/strong> explicaron desde el Ministerio de Cultura.<\/p>\n<p>La exposici\u00f3n que se inaugurar\u00e1 el viernes fue curada por los periodistas Sergio R\u00e9bori y Horacio Vargas.<\/p>\n<p>R\u00e9bori es uno de los coleccionistas de rock m\u00e1s importante del pa\u00eds y fundador del Museo Rosario Rock \u2013cuyo archivo fue dispuesto para esta muestra\u2013, mientras que Vargas es jefe de redacci\u00f3n de Rosario\/12, escritor y el autor de la primera biograf\u00eda sobre P\u00e1ez, <em><strong>\u201cLa vida despu\u00e9s de la vida\u201d.<\/strong><\/em><\/p>\n<p>Seg\u00fan inform\u00f3 la cartera de Cultura provincial, la muestra se estructur\u00f3 a partir de diferentes secciones.<\/p>\n<p>Una de ellas fue denominada <em><strong>\u201cInstant\u00e1neas de la calle\u201d<\/strong><\/em>, y propone un recorrido fotogr\u00e1fico que resume la vida de P\u00e1ez con im\u00e1genes in\u00e9ditas asociadas a su tiempo de vida en Rosario, ciudad de la emigr\u00f3 a Buenos Aires antes de cumplir los 18 a\u00f1os junto a la denominada Trova Rosarina.<\/p>\n<p><em><strong>\u201cEl mundo cabe en una canci\u00f3n\u201d<\/strong> <\/em>es otras de las secciones, que abarca tapas de discos en distintos formatos \u2013vinilos y casette\u2013, digipacks originales de CDs, afiches, ilustraciones y programas de conciertos hist\u00f3ricos.<\/p>\n<p>Tambi\u00e9n se exhibir\u00e1 una secci\u00f3n llamada <em><strong>\u201cEl chico de la tapa\u201d<\/strong><\/em>, una compilaci\u00f3n de portadas de Fito en revistas argentinas y posters de colecci\u00f3n del autor de<em><strong> \u201cEl amor despu\u00e9s del amor\u201d<\/strong><\/em>, el disco m\u00e1s vendido de la historia del rock nacional.<\/p>\n<p>El ministerio de Cultura inform\u00f3 que la exhibici\u00f3n se completa con la proyecci\u00f3n de videos de distintos per\u00edodos de los primeros 30 a\u00f1os de la carrera musical del polifac\u00e9tico artista.<\/p>\n<blockquote><p>La muestra que se inaugura el viernes y \u201cre\u00fane una excepcional colecci\u00f3n de fotos, dibujos, afiches, vinilos y programas de recitales\u201d, se\u00f1alaron desde la cartera, se mantendr\u00e1 abierta al p\u00fablico hasta el 8 de octubre.<\/p><\/blockquote>\n<p>Los visitantes podr\u00e1n recorrerla de lunes a viernes de 10 a 19 con entrada libre y gratuita en la Ciudad Cultural Lavard\u00e9n, ubicada en calle Mendoza 1085 de Rosario.<\/p>\n<div style=\"padding-bottom:20px; padding-top:10px;\" class=\"hupso-share-buttons\"><!-- Hupso Share Buttons - https:\/\/www.hupso.com\/share\/ --><a class=\"hupso_counters\" href=\"https:\/\/www.hupso.com\/share\/\"><img decoding=\"async\" src=\"http:\/\/static.hupso.com\/share\/buttons\/lang\/es\/share-small.png\" style=\"border:0px; padding-top:2px; float:left;\" alt=\"Share Button\"\/><\/a><script type=\"text\/javascript\">var hupso_services_c=new Array(\"twitter\",\"facebook_like\",\"google\");var hupso_counters_lang = \"es_LA\";var hupso_image_folder_url = \"\";var hupso_twitter_via=\"crsyvrs\";var hupso_url_c=\"\";<\/script><script type=\"text\/javascript\" src=\"http:\/\/static.hupso.com\/share\/js\/counters.js\"><\/script><!-- Hupso Share Buttons --><\/div> ","protected":false},"excerpt":{"rendered":"<div style=\"padding-bottom:20px; padding-top:10px;\" class=\"hupso-share-buttons\"><!-- Hupso Share Buttons - https:\/\/www.hupso.com\/share\/ --><a class=\"hupso_counters\" href=\"https:\/\/www.hupso.com\/share\/\"><img src=\"http:\/\/static.hupso.com\/share\/buttons\/lang\/es\/share-small.png\" style=\"border:0px; padding-top:2px; float:left;\" alt=\"Share Button\"\/><\/a><script type=\"text\/javascript\">var hupso_services_c=new Array(\"twitter\",\"facebook_like\",\"google\");var hupso_counters_lang = \"es_LA\";var hupso_image_folder_url = \"\";var hupso_twitter_via=\"crsyvrs\";var hupso_url_c=\"\";<\/script><script type=\"text\/javascript\" src=\"http:\/\/static.hupso.com\/share\/js\/counters.js\"><\/script><!-- Hupso Share Buttons --><\/div><p>La muestra es un homenaje al popular artista rosarino que puede visitarse en la Ciudad Cultural Lavard\u00e9n. Fotograf\u00edas, tapas de discos y de revistas, afiches y dibujos conforman la muestra \u201cRecuerdos que no voy a olvidar\u201d sobre Fito P\u00e1ez,&#46;&#46;&#46;<\/p>\n<div style=\"padding-bottom:20px; padding-top:10px;\" class=\"hupso-share-buttons\"><!-- Hupso Share Buttons - https:\/\/www.hupso.com\/share\/ --><a class=\"hupso_counters\" href=\"https:\/\/www.hupso.com\/share\/\"><img src=\"http:\/\/static.hupso.com\/share\/buttons\/lang\/es\/share-small.png\" style=\"border:0px; padding-top:2px; float:left;\" alt=\"Share Button\"\/><\/a><script type=\"text\/javascript\">var hupso_services_c=new Array(\"twitter\",\"facebook_like\",\"google\");var hupso_counters_lang = \"es_LA\";var hupso_image_folder_url = \"\";var hupso_twitter_via=\"crsyvrs\";var hupso_url_c=\"\";<\/script><script type=\"text\/javascript\" src=\"http:\/\/static.hupso.com\/share\/js\/counters.js\"><\/script><!-- Hupso Share Buttons --><\/div>","protected":false},"author":5,"featured_media":37346,"comment_status":"closed","ping_status":"closed","sticky":false,"template":"","format":"standard","meta":{"footnotes":""},"categories":[3,9],"tags":[],"class_list":["post-37345","post","type-post","status-publish","format-standard","has-post-thumbnail","hentry","category-musica","category-sociedad"],"_links":{"self":[{"href":"http:\/\/cronicasyversiones.com\/index.php?rest_route=\/wp\/v2\/posts\/37345","targetHints":{"allow":["GET"]}}],"collection":[{"href":"http:\/\/cronicasyversiones.com\/index.php?rest_route=\/wp\/v2\/posts"}],"about":[{"href":"http:\/\/cronicasyversiones.com\/index.php?rest_route=\/wp\/v2\/types\/post"}],"author":[{"embeddable":true,"href":"http:\/\/cronicasyversiones.com\/index.php?rest_route=\/wp\/v2\/users\/5"}],"replies":[{"embeddable":true,"href":"http:\/\/cronicasyversiones.com\/index.php?rest_route=%2Fwp%2Fv2%2Fcomments&post=37345"}],"version-history":[{"count":1,"href":"http:\/\/cronicasyversiones.com\/index.php?rest_route=\/wp\/v2\/posts\/37345\/revisions"}],"predecessor-version":[{"id":37347,"href":"http:\/\/cronicasyversiones.com\/index.php?rest_route=\/wp\/v2\/posts\/37345\/revisions\/37347"}],"wp:featuredmedia":[{"embeddable":true,"href":"http:\/\/cronicasyversiones.com\/index.php?rest_route=\/wp\/v2\/media\/37346"}],"wp:attachment":[{"href":"http:\/\/cronicasyversiones.com\/index.php?rest_route=%2Fwp%2Fv2%2Fmedia&parent=37345"}],"wp:term":[{"taxonomy":"category","embeddable":true,"href":"http:\/\/cronicasyversiones.com\/index.php?rest_route=%2Fwp%2Fv2%2Fcategories&post=37345"},{"taxonomy":"post_tag","embeddable":true,"href":"http:\/\/cronicasyversiones.com\/index.php?rest_route=%2Fwp%2Fv2%2Ftags&post=37345"}],"curies":[{"name":"wp","href":"https:\/\/api.w.org\/{rel}","templated":true}]}}