{"id":3787,"date":"2014-10-03T00:01:39","date_gmt":"2014-10-03T03:01:39","guid":{"rendered":"http:\/\/cronicasyversiones.com\/?p=3787"},"modified":"2014-10-04T10:38:30","modified_gmt":"2014-10-04T13:38:30","slug":"se-viene-la-segunda-temporada-sr-avila-por-hbo","status":"publish","type":"post","link":"http:\/\/cronicasyversiones.com\/?p=3787","title":{"rendered":"Se viene la segunda temporada de \u00abSr. Avila\u00bb por HBO"},"content":{"rendered":"<div style=\"padding-bottom:20px; padding-top:10px;\" class=\"hupso-share-buttons\"><!-- Hupso Share Buttons - https:\/\/www.hupso.com\/share\/ --><a class=\"hupso_counters\" href=\"https:\/\/www.hupso.com\/share\/\"><img decoding=\"async\" src=\"http:\/\/static.hupso.com\/share\/buttons\/lang\/es\/share-small.png\" style=\"border:0px; padding-top:2px; float:left;\" alt=\"Share Button\"\/><\/a><script type=\"text\/javascript\">var hupso_services_c=new Array(\"twitter\",\"facebook_like\",\"google\");var hupso_counters_lang = \"es_LA\";var hupso_image_folder_url = \"\";var hupso_twitter_via=\"crsyvrs\";var hupso_url_c=\"\";<\/script><script type=\"text\/javascript\" src=\"http:\/\/static.hupso.com\/share\/js\/counters.js\"><\/script><!-- Hupso Share Buttons --><\/div><h2>Arrancan los nuevos episodios de esta serie mexicana, en la que el protagonista intentar\u00e1 superar la muerte de su hijo Emiliano, en un estado paranoico y atormentado bajo amenazas de muerte.<\/h2>\n<p style=\"text-align: justify;\"><a href=\"http:\/\/cronicasyversiones.com\/wp-content\/uploads\/2014\/10\/avila.jpg\"><img loading=\"lazy\" decoding=\"async\" class=\"size-full wp-image-3789 aligncenter\" src=\"http:\/\/cronicasyversiones.com\/wp-content\/uploads\/2014\/10\/avila.jpg\" alt=\"avila\" width=\"640\" height=\"320\" srcset=\"http:\/\/cronicasyversiones.com\/wp-content\/uploads\/2014\/10\/avila.jpg 640w, http:\/\/cronicasyversiones.com\/wp-content\/uploads\/2014\/10\/avila-300x150.jpg 300w, http:\/\/cronicasyversiones.com\/wp-content\/uploads\/2014\/10\/avila-624x312.jpg 624w\" sizes=\"auto, (max-width: 640px) 100vw, 640px\" \/><\/a><\/p>\n<p style=\"text-align: justify;\">Con el firme postulado de ganarle la carrera a la muerte, llega los domingos a las 22 la ansiada segunda temporada de la serie mexicana<em><strong> \u00abSr. Avila\u00bb,<\/strong><\/em> por la pantalla de <a href=\"http:\/\/cronicasyversiones.com\/?p=3530\" target=\"_blank\"><strong>HBO<\/strong><\/a>.<\/p>\n<p style=\"text-align: justify;\">Los hermanos argentinos <strong>Walter y Marcelo Slavich<\/strong> contin\u00faan a cargo del guion de la serie, que seguir\u00e1 muy de cerca los pasos del Sr. \u00c1vila, protagonizada por<strong> Tony Dalton<\/strong>, qui\u00e9n tendr\u00e1 que pagar un precio a\u00fan m\u00e1s alto para mantenerse como l\u00edder del negocio de asesinos a sueldo.<\/p>\n<p style=\"text-align: justify;\">En esta segunda temporada, el Sr. \u00c1vila intentar\u00e1 superar la muerte de su hijo Emiliano (<strong>Adri\u00e1n Alonso<\/strong>), ocurrida cuatro meses antes, en un estado paranoico y atormentado bajo amenazas de muerte, mientras su esposa Mar\u00eda (<strong>Nailea Norvind<\/strong>) se encuentra recluida en un hospital psiqui\u00e1trico.<\/p>\n<p style=\"text-align: justify;\">Por otra parte, Iv\u00e1n (<strong>Carlos Arag\u00f3n<\/strong>), asistente del Sr. \u00c1vila, y la detective \u00c9rika Duarte <strong>(Ilse Salas<\/strong>), alteran el precario orden de su vida, provocando que se rebele contra las reglas del negocio.<\/p>\n<p style=\"text-align: justify;\">El protagonista de las acciones sabe que la muerte est\u00e1 cerca y se propone librar una carrera contra ella y contra el <em><strong>\u201cConsejo de Se\u00f1ores\u201d<\/strong><\/em> que rige el negocio.<\/p>\n<p style=\"text-align: justify;\">Compuesta por 10 episodios de una hora, la segunda temporada de Sr. \u00c1vila es protagonizada por Tony Dalton, Nailea Norvind, Carlos Arag\u00f3n, Ilse Salas, Camila Selser, Ari Brickman y cuenta con las actuaciones especiales de Rebecca Jones y Joaqu\u00edn Cos\u00edo, entre otros.<\/p>\n<div style=\"padding-bottom:20px; padding-top:10px;\" class=\"hupso-share-buttons\"><!-- Hupso Share Buttons - https:\/\/www.hupso.com\/share\/ --><a class=\"hupso_counters\" href=\"https:\/\/www.hupso.com\/share\/\"><img decoding=\"async\" src=\"http:\/\/static.hupso.com\/share\/buttons\/lang\/es\/share-small.png\" style=\"border:0px; padding-top:2px; float:left;\" alt=\"Share Button\"\/><\/a><script type=\"text\/javascript\">var hupso_services_c=new Array(\"twitter\",\"facebook_like\",\"google\");var hupso_counters_lang = \"es_LA\";var hupso_image_folder_url = \"\";var hupso_twitter_via=\"crsyvrs\";var hupso_url_c=\"\";<\/script><script type=\"text\/javascript\" src=\"http:\/\/static.hupso.com\/share\/js\/counters.js\"><\/script><!-- Hupso Share Buttons --><\/div> ","protected":false},"excerpt":{"rendered":"<div style=\"padding-bottom:20px; padding-top:10px;\" class=\"hupso-share-buttons\"><!-- Hupso Share Buttons - https:\/\/www.hupso.com\/share\/ --><a class=\"hupso_counters\" href=\"https:\/\/www.hupso.com\/share\/\"><img src=\"http:\/\/static.hupso.com\/share\/buttons\/lang\/es\/share-small.png\" style=\"border:0px; padding-top:2px; float:left;\" alt=\"Share Button\"\/><\/a><script type=\"text\/javascript\">var hupso_services_c=new Array(\"twitter\",\"facebook_like\",\"google\");var hupso_counters_lang = \"es_LA\";var hupso_image_folder_url = \"\";var hupso_twitter_via=\"crsyvrs\";var hupso_url_c=\"\";<\/script><script type=\"text\/javascript\" src=\"http:\/\/static.hupso.com\/share\/js\/counters.js\"><\/script><!-- Hupso Share Buttons --><\/div><p>Arrancan los nuevos episodios de esta serie mexicana, en la que el protagonista intentar\u00e1 superar la muerte de su hijo Emiliano, en un estado paranoico y atormentado bajo amenazas de muerte. Con el firme postulado de ganarle la carrera&#46;&#46;&#46;<\/p>\n<div style=\"padding-bottom:20px; padding-top:10px;\" class=\"hupso-share-buttons\"><!-- Hupso Share Buttons - https:\/\/www.hupso.com\/share\/ --><a class=\"hupso_counters\" href=\"https:\/\/www.hupso.com\/share\/\"><img src=\"http:\/\/static.hupso.com\/share\/buttons\/lang\/es\/share-small.png\" style=\"border:0px; padding-top:2px; float:left;\" alt=\"Share Button\"\/><\/a><script type=\"text\/javascript\">var hupso_services_c=new Array(\"twitter\",\"facebook_like\",\"google\");var hupso_counters_lang = \"es_LA\";var hupso_image_folder_url = \"\";var hupso_twitter_via=\"crsyvrs\";var hupso_url_c=\"\";<\/script><script type=\"text\/javascript\" src=\"http:\/\/static.hupso.com\/share\/js\/counters.js\"><\/script><!-- Hupso Share Buttons --><\/div>","protected":false},"author":5,"featured_media":0,"comment_status":"open","ping_status":"open","sticky":false,"template":"","format":"standard","meta":{"footnotes":""},"categories":[6],"tags":[1003,2959,2960],"class_list":["post-3787","post","type-post","status-publish","format-standard","hentry","category-radio-y-tv","tag-hbo","tag-sr-avila","tag-tony-dalton"],"_links":{"self":[{"href":"http:\/\/cronicasyversiones.com\/index.php?rest_route=\/wp\/v2\/posts\/3787","targetHints":{"allow":["GET"]}}],"collection":[{"href":"http:\/\/cronicasyversiones.com\/index.php?rest_route=\/wp\/v2\/posts"}],"about":[{"href":"http:\/\/cronicasyversiones.com\/index.php?rest_route=\/wp\/v2\/types\/post"}],"author":[{"embeddable":true,"href":"http:\/\/cronicasyversiones.com\/index.php?rest_route=\/wp\/v2\/users\/5"}],"replies":[{"embeddable":true,"href":"http:\/\/cronicasyversiones.com\/index.php?rest_route=%2Fwp%2Fv2%2Fcomments&post=3787"}],"version-history":[{"count":0,"href":"http:\/\/cronicasyversiones.com\/index.php?rest_route=\/wp\/v2\/posts\/3787\/revisions"}],"wp:attachment":[{"href":"http:\/\/cronicasyversiones.com\/index.php?rest_route=%2Fwp%2Fv2%2Fmedia&parent=3787"}],"wp:term":[{"taxonomy":"category","embeddable":true,"href":"http:\/\/cronicasyversiones.com\/index.php?rest_route=%2Fwp%2Fv2%2Fcategories&post=3787"},{"taxonomy":"post_tag","embeddable":true,"href":"http:\/\/cronicasyversiones.com\/index.php?rest_route=%2Fwp%2Fv2%2Ftags&post=3787"}],"curies":[{"name":"wp","href":"https:\/\/api.w.org\/{rel}","templated":true}]}}