{"id":37964,"date":"2024-01-07T10:17:46","date_gmt":"2024-01-07T13:17:46","guid":{"rendered":"http:\/\/cronicasyversiones.com\/?p=37964"},"modified":"2024-01-07T10:17:46","modified_gmt":"2024-01-07T13:17:46","slug":"la-tercera-temporada-de-family-law-llega-a-universal-tv","status":"publish","type":"post","link":"http:\/\/cronicasyversiones.com\/?p=37964","title":{"rendered":"La tercera temporada de \u201cFamily Law\u201d llega a Universal TV"},"content":{"rendered":"<div style=\"padding-bottom:20px; padding-top:10px;\" class=\"hupso-share-buttons\"><!-- Hupso Share Buttons - https:\/\/www.hupso.com\/share\/ --><a class=\"hupso_counters\" href=\"https:\/\/www.hupso.com\/share\/\"><img decoding=\"async\" src=\"http:\/\/static.hupso.com\/share\/buttons\/lang\/es\/share-small.png\" style=\"border:0px; padding-top:2px; float:left;\" alt=\"Share Button\"\/><\/a><script type=\"text\/javascript\">var hupso_services_c=new Array(\"twitter\",\"facebook_like\",\"google\");var hupso_counters_lang = \"es_LA\";var hupso_image_folder_url = \"\";var hupso_twitter_via=\"crsyvrs\";var hupso_url_c=\"\";<\/script><script type=\"text\/javascript\" src=\"http:\/\/static.hupso.com\/share\/js\/counters.js\"><\/script><!-- Hupso Share Buttons --><\/div><h2>La serie promete seguir abordando los conflictos que convergen en la desapacible relaci\u00f3n familiar y profesional que une a los miembros del estudio de abogados.<\/h2>\n<p><img loading=\"lazy\" decoding=\"async\" class=\"size-medium wp-image-37965 aligncenter\" src=\"http:\/\/cronicasyversiones.com\/wp-content\/uploads\/2024\/01\/thumbnail_FL1-300x200.jpg\" alt=\"\" width=\"300\" height=\"200\" srcset=\"http:\/\/cronicasyversiones.com\/wp-content\/uploads\/2024\/01\/thumbnail_FL1-300x200.jpg 300w, http:\/\/cronicasyversiones.com\/wp-content\/uploads\/2024\/01\/thumbnail_FL1-768x513.jpg 768w, http:\/\/cronicasyversiones.com\/wp-content\/uploads\/2024\/01\/thumbnail_FL1.jpg 800w\" sizes=\"auto, (max-width: 300px) 100vw, 300px\" \/><\/p>\n<p><strong>Universal TV<\/strong> anuncia el estreno de la tercera temporada de <strong>Family Law,<\/strong> la serie \u00e9xito que regresa a la pantalla este 9 de enero a las 22.40, promete seguir abordando los conflictos que convergen en la desapacible relaci\u00f3n familiar y profesional que une a los miembros del estudio de abogados <strong>Svensson &amp; Svensson.<\/strong><\/p>\n<p>La serie protagonizada por <strong>Jewel Staite, en el rol de Abigail \u201cAbby\u201d Bianchi,<\/strong> vuelve para desmara\u00f1ar lo que qued\u00f3 inconcluso en la temporada anterior. La abogada que afronta un cimbronazo en su carrera profesional luego de un incidente en un tribunal p\u00fablico seguir\u00e1 sumergida en la compleja din\u00e1mica familiar que supone trabajar en el bufete de abogados de su padre, mientras contiene todos los problemas de car\u00e1cter personal que la aquejan.<\/p>\n<p>En esta tercera entrega, Abby conseguir\u00e1 la libertad condicional que tanto la oprim\u00eda, firmar\u00e1 su divorcio y lograr\u00e1 posicionarse en lo m\u00e1s alto del estudio que maneja en sociedad con su padre <strong>Harry Svensson (Victor Garber);<\/strong> pero el arduo trabajo que supone dejar atr\u00e1s su pasado no ser\u00e1 tarea f\u00e1cil.<\/p>\n<p>Mientras Abby recoge los pedazos de lo que dej\u00f3 su relaci\u00f3n con <strong>Frank (Luke Camilleri)<\/strong>, tomar\u00e1 la decisi\u00f3n de ir a vivir con su madre Joanne, lo cual la llevar\u00e1 a revolver todos los traumas infantiles que tuvo que afrontar a causa de su progenitor y actual socio. Mientras sortea esos obst\u00e1culos, su hermano <strong>Daniel (Zach Smadu)<\/strong> no le dar\u00e1 tregua y agudizar\u00e1 la competencia para ver qui\u00e9n resulta el m\u00e1s exitoso de la empresa.<\/p>\n<p>Family Law continuar\u00e1 navegando por los dramas familiares del clan Svensson, mientras intentan cumplir con su labor y objetivo de ayudar a otras familias a superar los problemas que los agobia.<\/p>\n<div style=\"padding-bottom:20px; padding-top:10px;\" class=\"hupso-share-buttons\"><!-- Hupso Share Buttons - https:\/\/www.hupso.com\/share\/ --><a class=\"hupso_counters\" href=\"https:\/\/www.hupso.com\/share\/\"><img decoding=\"async\" src=\"http:\/\/static.hupso.com\/share\/buttons\/lang\/es\/share-small.png\" style=\"border:0px; padding-top:2px; float:left;\" alt=\"Share Button\"\/><\/a><script type=\"text\/javascript\">var hupso_services_c=new Array(\"twitter\",\"facebook_like\",\"google\");var hupso_counters_lang = \"es_LA\";var hupso_image_folder_url = \"\";var hupso_twitter_via=\"crsyvrs\";var hupso_url_c=\"\";<\/script><script type=\"text\/javascript\" src=\"http:\/\/static.hupso.com\/share\/js\/counters.js\"><\/script><!-- Hupso Share Buttons --><\/div> ","protected":false},"excerpt":{"rendered":"<div style=\"padding-bottom:20px; padding-top:10px;\" class=\"hupso-share-buttons\"><!-- Hupso Share Buttons - https:\/\/www.hupso.com\/share\/ --><a class=\"hupso_counters\" href=\"https:\/\/www.hupso.com\/share\/\"><img src=\"http:\/\/static.hupso.com\/share\/buttons\/lang\/es\/share-small.png\" style=\"border:0px; padding-top:2px; float:left;\" alt=\"Share Button\"\/><\/a><script type=\"text\/javascript\">var hupso_services_c=new Array(\"twitter\",\"facebook_like\",\"google\");var hupso_counters_lang = \"es_LA\";var hupso_image_folder_url = \"\";var hupso_twitter_via=\"crsyvrs\";var hupso_url_c=\"\";<\/script><script type=\"text\/javascript\" src=\"http:\/\/static.hupso.com\/share\/js\/counters.js\"><\/script><!-- Hupso Share Buttons --><\/div><p>La serie promete seguir abordando los conflictos que convergen en la desapacible relaci\u00f3n familiar y profesional que une a los miembros del estudio de abogados. Universal TV anuncia el estreno de la tercera temporada de Family Law, la serie&#46;&#46;&#46;<\/p>\n<div style=\"padding-bottom:20px; padding-top:10px;\" class=\"hupso-share-buttons\"><!-- Hupso Share Buttons - https:\/\/www.hupso.com\/share\/ --><a class=\"hupso_counters\" href=\"https:\/\/www.hupso.com\/share\/\"><img src=\"http:\/\/static.hupso.com\/share\/buttons\/lang\/es\/share-small.png\" style=\"border:0px; padding-top:2px; float:left;\" alt=\"Share Button\"\/><\/a><script type=\"text\/javascript\">var hupso_services_c=new Array(\"twitter\",\"facebook_like\",\"google\");var hupso_counters_lang = \"es_LA\";var hupso_image_folder_url = \"\";var hupso_twitter_via=\"crsyvrs\";var hupso_url_c=\"\";<\/script><script type=\"text\/javascript\" src=\"http:\/\/static.hupso.com\/share\/js\/counters.js\"><\/script><!-- Hupso Share Buttons --><\/div>","protected":false},"author":5,"featured_media":37965,"comment_status":"closed","ping_status":"closed","sticky":false,"template":"","format":"standard","meta":{"footnotes":""},"categories":[6],"tags":[],"class_list":["post-37964","post","type-post","status-publish","format-standard","has-post-thumbnail","hentry","category-radio-y-tv"],"_links":{"self":[{"href":"http:\/\/cronicasyversiones.com\/index.php?rest_route=\/wp\/v2\/posts\/37964","targetHints":{"allow":["GET"]}}],"collection":[{"href":"http:\/\/cronicasyversiones.com\/index.php?rest_route=\/wp\/v2\/posts"}],"about":[{"href":"http:\/\/cronicasyversiones.com\/index.php?rest_route=\/wp\/v2\/types\/post"}],"author":[{"embeddable":true,"href":"http:\/\/cronicasyversiones.com\/index.php?rest_route=\/wp\/v2\/users\/5"}],"replies":[{"embeddable":true,"href":"http:\/\/cronicasyversiones.com\/index.php?rest_route=%2Fwp%2Fv2%2Fcomments&post=37964"}],"version-history":[{"count":1,"href":"http:\/\/cronicasyversiones.com\/index.php?rest_route=\/wp\/v2\/posts\/37964\/revisions"}],"predecessor-version":[{"id":37966,"href":"http:\/\/cronicasyversiones.com\/index.php?rest_route=\/wp\/v2\/posts\/37964\/revisions\/37966"}],"wp:featuredmedia":[{"embeddable":true,"href":"http:\/\/cronicasyversiones.com\/index.php?rest_route=\/wp\/v2\/media\/37965"}],"wp:attachment":[{"href":"http:\/\/cronicasyversiones.com\/index.php?rest_route=%2Fwp%2Fv2%2Fmedia&parent=37964"}],"wp:term":[{"taxonomy":"category","embeddable":true,"href":"http:\/\/cronicasyversiones.com\/index.php?rest_route=%2Fwp%2Fv2%2Fcategories&post=37964"},{"taxonomy":"post_tag","embeddable":true,"href":"http:\/\/cronicasyversiones.com\/index.php?rest_route=%2Fwp%2Fv2%2Ftags&post=37964"}],"curies":[{"name":"wp","href":"https:\/\/api.w.org\/{rel}","templated":true}]}}