{"id":3797,"date":"2014-10-03T10:54:57","date_gmt":"2014-10-03T13:54:57","guid":{"rendered":"http:\/\/cronicasyversiones.com\/?p=3797"},"modified":"2014-10-03T10:56:22","modified_gmt":"2014-10-03T13:56:22","slug":"y-un-dia-volvio-manal","status":"publish","type":"post","link":"http:\/\/cronicasyversiones.com\/?p=3797","title":{"rendered":"Y un d\u00eda volvi\u00f3 Manal"},"content":{"rendered":"<div style=\"padding-bottom:20px; padding-top:10px;\" class=\"hupso-share-buttons\"><!-- Hupso Share Buttons - https:\/\/www.hupso.com\/share\/ --><a class=\"hupso_counters\" href=\"https:\/\/www.hupso.com\/share\/\"><img decoding=\"async\" src=\"http:\/\/static.hupso.com\/share\/buttons\/lang\/es\/share-small.png\" style=\"border:0px; padding-top:2px; float:left;\" alt=\"Share Button\"\/><\/a><script type=\"text\/javascript\">var hupso_services_c=new Array(\"twitter\",\"facebook_like\",\"google\");var hupso_counters_lang = \"es_LA\";var hupso_image_folder_url = \"\";var hupso_twitter_via=\"crsyvrs\";var hupso_url_c=\"\";<\/script><script type=\"text\/javascript\" src=\"http:\/\/static.hupso.com\/share\/js\/counters.js\"><\/script><!-- Hupso Share Buttons --><\/div><h4 style=\"text-align: justify;\">Por Edgardo Solano<\/h4>\n<h2 style=\"text-align: justify;\">Javier Mart\u00ednez, Claudio Gabis y Alejandro Medida, los integrantes de este grupo pionero de rock argentino, se reunieron por \u00fanica vez y se abre el interrogante sobre s\u00ed dar\u00e1n una nueva oportunidad.<\/h2>\n<p><a href=\"http:\/\/cronicasyversiones.com\/wp-content\/uploads\/2014\/10\/manal.jpg\"><img loading=\"lazy\" decoding=\"async\" class=\"wp-image-3798 aligncenter\" src=\"http:\/\/cronicasyversiones.com\/wp-content\/uploads\/2014\/10\/manal.jpg\" alt=\"manal\" width=\"750\" height=\"421\" srcset=\"http:\/\/cronicasyversiones.com\/wp-content\/uploads\/2014\/10\/manal.jpg 970w, http:\/\/cronicasyversiones.com\/wp-content\/uploads\/2014\/10\/manal-300x168.jpg 300w, http:\/\/cronicasyversiones.com\/wp-content\/uploads\/2014\/10\/manal-624x350.jpg 624w\" sizes=\"auto, (max-width: 750px) 100vw, 750px\" \/><\/a><\/p>\n<p style=\"text-align: justify;\">A pesar de los distanciamientos personales y de las diferencias p\u00fablicas entre los integrantes, <strong>Manal<\/strong> volvi\u00f3 al menos por una \u00fanica y exclusiva vez, para desempolvar sus viejos cl\u00e1sicos de fines de la d\u00e9cada del \u201960 y principios de los \u201970, cuando el<strong> rock argentino<\/strong> comenzaba a dar sus primeros pasos firmes.<\/p>\n<p style=\"text-align: justify;\"><strong>Javier Mart\u00ednez, Claudio Gabis y Alejandro Medina<\/strong> se autoconvocaron el primero de octubre en La Roca, la sala que <strong>Corcho Rodr\u00edguez<\/strong> tiene en la localidad Florida Oeste, para pasarles el plumero a sus viejos cl\u00e1sicos, como <em><strong>\u00abDo\u00f1a Laura\u00bb, \u00abAvellaneda Blues\u00bb, \u00abJugo de Tomate\u00bb, \u00abUna casa con diez pinos\u00bb, \u00abSoy el sol\u00bb y \u00abNecesito un amor\u00bb<\/strong><\/em>, entre otros<\/p>\n<p style=\"text-align: justify;\">Este <strong>revival tuvo un riguroso perfil bajo<\/strong> y s\u00f3lo pudo ser presenciado por un slecto grupo de afortunados y luego la noticia empez\u00f3 a correr como un reguero de p\u00f3lvora al difundirse videos e im\u00e1genes de este ansiado retorno por las redes sociales.<\/p>\n<p style=\"text-align: justify;\">A\u00fan no trascendi\u00f3 s\u00ed el tr\u00edo se junto por esta \u00fanica vez o si se dar\u00e1n una nueva oportunidad, si logran<strong> limar viejas asperezas<\/strong>, principalmente en entre Mart\u00ednez y Gabis.<\/p>\n<p style=\"text-align: justify;\">La banda surgi\u00f3 a fines de los \u201960 bajo el curioso nombre de <strong>Ricota<\/strong>, en obvia referencia a <strong>Cream,<\/strong> el poderoso tr\u00edo de<strong> Eric Clapton<\/strong> &amp; C\u00eda., para luego tomar la denominaci\u00f3n definitiva que ven\u00eda de la pregunta de \u201c\u00bfC\u00f3mo viene la mano?\u201d.<\/p>\n<p style=\"text-align: justify;\">De la tr\u00edada de bandas fundacionales del rock argentino, la propuesta de Manal era m\u00e1s dura, que el lirismo de <strong>Los Gatos<\/strong>, con <a href=\"http:\/\/cronicasyversiones.com\/?p=3571\" target=\"_blank\"><strong>Litto Nebbia<\/strong> <\/a>al frente, y de <strong>Almendra<\/strong>, con la vuelo po\u00e9tico que tan precozmente mostraba<a href=\"http:\/\/cronicasyversiones.com\/?p=705\" target=\"_blank\"><strong> Luis Alberto Spinetta<\/strong><\/a>.<\/p>\n<p style=\"text-align: justify;\">Las letras, casi monopolizadas por Mart\u00ednez, ten\u00edan ciertas pinceladas tangueras con referencias a paisajes urbanos como en <em><strong>\u201cAvellaneda Blues\u201d<\/strong> <\/em>o <em><strong>\u201cEl blues de la amenaza nocturna\u201d<\/strong><\/em>, con la referencia a las l\u00ednea de colectivos 99 que, entre otros barrios, pasaba por Flores, la morada del baterista. Tambi\u00e9n citan a algunas locaciones m\u00e1s distantes, como la quinta de Monte Grande d\u00f3nde se situaba <strong>\u201cUna casa con diez pinos\u201d.<\/strong><\/p>\n<p><a href=\"http:\/\/cronicasyversiones.com\/wp-content\/uploads\/2014\/10\/Manal-2.jpg\"><img loading=\"lazy\" decoding=\"async\" class=\"wp-image-3799 aligncenter\" src=\"http:\/\/cronicasyversiones.com\/wp-content\/uploads\/2014\/10\/Manal-2.jpg\" alt=\"Manal 2\" width=\"750\" height=\"477\" srcset=\"http:\/\/cronicasyversiones.com\/wp-content\/uploads\/2014\/10\/Manal-2.jpg 768w, http:\/\/cronicasyversiones.com\/wp-content\/uploads\/2014\/10\/Manal-2-300x190.jpg 300w, http:\/\/cronicasyversiones.com\/wp-content\/uploads\/2014\/10\/Manal-2-624x396.jpg 624w\" sizes=\"auto, (max-width: 750px) 100vw, 750px\" \/><\/a><\/p>\n<p style=\"text-align: justify;\"><strong>M\u00e1rt\u00ednez<\/strong> contaba, y cuenta, con un vozarr\u00f3n propio de la raza negra y su condici\u00f3n de primera voz no le hac\u00eda perder su destreza como baterista. <strong>Gabis es el mejor guitarrista del rock argentino<\/strong> (al menos para la mirada subjetiva del arriba firmante) y el \u00fanico en saber combinar a la perfecci\u00f3n la potencia del rock, el sentimiento del blues y la exquisitez del jazz. <strong>Medina<\/strong> es un bajista s\u00f3lido y tambi\u00e9n prest\u00f3 su voz en varios temas.<\/p>\n<p style=\"text-align: justify;\">El grupo cometi\u00f3 la osad\u00eda de cantar blues en castellano, un g\u00e9nero raramente escuchado en otra lengua que la inglesa, y abri\u00f3 el camino que luego tomar\u00edan <strong>Memphis o la Mississippi.<\/strong><\/p>\n<p style=\"text-align: justify;\">Con dos disco editados, el tr\u00edo se separ\u00f3 precozmente cuando arrancaban los \u201970, en paralelo con las di\u00e1sporas de Los Gatos y Almendra, cuando Mart\u00ednez parti\u00f3 a Inglaterra. Regresaron en 1980, cuando <strong>Moris<\/strong> volv\u00eda al pa\u00eds y tambi\u00e9n meses despu\u00e9s del retorno de Almendra.<\/p>\n<p style=\"text-align: justify;\">Ese revival dej\u00f3 un disco de estudios y otro en vivo y r\u00e1pidamente volvieron a disgregarse. En los a\u00f1os siguientes tuvieron algunas fugases reuniones y luego de un <strong>\u201cpacto de caballeros\u201d<\/strong> cada uno pod\u00eda usar el nombre del grupo, aunque s\u00f3lo lo utiliz\u00f3 el baterista con el agregado de su nombre.<\/p>\n<p style=\"text-align: justify;\">El Corcho Rodr\u00edguez, el productor del \u00faltimo disco de <strong>Pappo<\/strong>, fue el anfitri\u00f3n de esta vuelta que a\u00fan no da incidios de que pueda plasmarse en una reuni\u00f3n formal para los j\u00f3venes camadas de rockeros y bluseros que no pudieron verlos en vivo.<\/p>\n<p><object width=\"560\" height=\"315\"><param name=\"movie\" value=\"\/\/www.youtube.com\/v\/qPXo0yxUYCM?version=3&amp;hl=es_MX\" \/><param name=\"allowFullScreen\" value=\"true\" \/><param name=\"allowscriptaccess\" value=\"always\" \/><embed src=\"\/\/www.youtube.com\/v\/qPXo0yxUYCM?version=3&amp;hl=es_MX\" type=\"application\/x-shockwave-flash\" width=\"560\" height=\"315\" allowscriptaccess=\"always\" allowfullscreen=\"allowfullscreen\" \/><\/object><\/p>\n<div style=\"padding-bottom:20px; padding-top:10px;\" class=\"hupso-share-buttons\"><!-- Hupso Share Buttons - https:\/\/www.hupso.com\/share\/ --><a class=\"hupso_counters\" href=\"https:\/\/www.hupso.com\/share\/\"><img decoding=\"async\" src=\"http:\/\/static.hupso.com\/share\/buttons\/lang\/es\/share-small.png\" style=\"border:0px; padding-top:2px; float:left;\" alt=\"Share Button\"\/><\/a><script type=\"text\/javascript\">var hupso_services_c=new Array(\"twitter\",\"facebook_like\",\"google\");var hupso_counters_lang = \"es_LA\";var hupso_image_folder_url = \"\";var hupso_twitter_via=\"crsyvrs\";var hupso_url_c=\"\";<\/script><script type=\"text\/javascript\" src=\"http:\/\/static.hupso.com\/share\/js\/counters.js\"><\/script><!-- Hupso Share Buttons --><\/div> ","protected":false},"excerpt":{"rendered":"<div style=\"padding-bottom:20px; padding-top:10px;\" class=\"hupso-share-buttons\"><!-- Hupso Share Buttons - https:\/\/www.hupso.com\/share\/ --><a class=\"hupso_counters\" href=\"https:\/\/www.hupso.com\/share\/\"><img src=\"http:\/\/static.hupso.com\/share\/buttons\/lang\/es\/share-small.png\" style=\"border:0px; padding-top:2px; float:left;\" alt=\"Share Button\"\/><\/a><script type=\"text\/javascript\">var hupso_services_c=new Array(\"twitter\",\"facebook_like\",\"google\");var hupso_counters_lang = \"es_LA\";var hupso_image_folder_url = \"\";var hupso_twitter_via=\"crsyvrs\";var hupso_url_c=\"\";<\/script><script type=\"text\/javascript\" src=\"http:\/\/static.hupso.com\/share\/js\/counters.js\"><\/script><!-- Hupso Share Buttons --><\/div><p>Por Edgardo Solano Javier Mart\u00ednez, Claudio Gabis y Alejandro Medida, los integrantes de este grupo pionero de rock argentino, se reunieron por \u00fanica vez y se abre el interrogante sobre s\u00ed dar\u00e1n una nueva oportunidad. A pesar de los&#46;&#46;&#46;<\/p>\n<div style=\"padding-bottom:20px; padding-top:10px;\" class=\"hupso-share-buttons\"><!-- Hupso Share Buttons - https:\/\/www.hupso.com\/share\/ --><a class=\"hupso_counters\" href=\"https:\/\/www.hupso.com\/share\/\"><img src=\"http:\/\/static.hupso.com\/share\/buttons\/lang\/es\/share-small.png\" style=\"border:0px; padding-top:2px; float:left;\" alt=\"Share Button\"\/><\/a><script type=\"text\/javascript\">var hupso_services_c=new Array(\"twitter\",\"facebook_like\",\"google\");var hupso_counters_lang = \"es_LA\";var hupso_image_folder_url = \"\";var hupso_twitter_via=\"crsyvrs\";var hupso_url_c=\"\";<\/script><script type=\"text\/javascript\" src=\"http:\/\/static.hupso.com\/share\/js\/counters.js\"><\/script><!-- Hupso Share Buttons --><\/div>","protected":false},"author":5,"featured_media":0,"comment_status":"open","ping_status":"open","sticky":false,"template":"","format":"standard","meta":{"footnotes":""},"categories":[3],"tags":[2067,2970,2969,2968,2971,47,2967,2972,2226,125],"class_list":["post-3797","post","type-post","status-publish","format-standard","hentry","category-musica","tag-nashville-skyline","tag-alejandro-medina","tag-claudio-gabis","tag-javier-martinez","tag-los-gatos","tag-luis-alberto-spinetta","tag-manal","tag-moris","tag-pappo","tag-rock-argentino"],"_links":{"self":[{"href":"http:\/\/cronicasyversiones.com\/index.php?rest_route=\/wp\/v2\/posts\/3797","targetHints":{"allow":["GET"]}}],"collection":[{"href":"http:\/\/cronicasyversiones.com\/index.php?rest_route=\/wp\/v2\/posts"}],"about":[{"href":"http:\/\/cronicasyversiones.com\/index.php?rest_route=\/wp\/v2\/types\/post"}],"author":[{"embeddable":true,"href":"http:\/\/cronicasyversiones.com\/index.php?rest_route=\/wp\/v2\/users\/5"}],"replies":[{"embeddable":true,"href":"http:\/\/cronicasyversiones.com\/index.php?rest_route=%2Fwp%2Fv2%2Fcomments&post=3797"}],"version-history":[{"count":0,"href":"http:\/\/cronicasyversiones.com\/index.php?rest_route=\/wp\/v2\/posts\/3797\/revisions"}],"wp:attachment":[{"href":"http:\/\/cronicasyversiones.com\/index.php?rest_route=%2Fwp%2Fv2%2Fmedia&parent=3797"}],"wp:term":[{"taxonomy":"category","embeddable":true,"href":"http:\/\/cronicasyversiones.com\/index.php?rest_route=%2Fwp%2Fv2%2Fcategories&post=3797"},{"taxonomy":"post_tag","embeddable":true,"href":"http:\/\/cronicasyversiones.com\/index.php?rest_route=%2Fwp%2Fv2%2Ftags&post=3797"}],"curies":[{"name":"wp","href":"https:\/\/api.w.org\/{rel}","templated":true}]}}