{"id":3818,"date":"2014-10-05T11:57:20","date_gmt":"2014-10-05T14:57:20","guid":{"rendered":"http:\/\/cronicasyversiones.com\/?p=3818"},"modified":"2014-10-05T11:57:20","modified_gmt":"2014-10-05T14:57:20","slug":"se-viene-la-octava-edicion-del-dia-del-estudiante-solidario","status":"publish","type":"post","link":"http:\/\/cronicasyversiones.com\/?p=3818","title":{"rendered":"Se viene la octava edici\u00f3n del D\u00eda del Estudiante Solidario"},"content":{"rendered":"<div style=\"padding-bottom:20px; padding-top:10px;\" class=\"hupso-share-buttons\"><!-- Hupso Share Buttons - https:\/\/www.hupso.com\/share\/ --><a class=\"hupso_counters\" href=\"https:\/\/www.hupso.com\/share\/\"><img decoding=\"async\" src=\"http:\/\/static.hupso.com\/share\/buttons\/lang\/es\/share-small.png\" style=\"border:0px; padding-top:2px; float:left;\" alt=\"Share Button\"\/><\/a><script type=\"text\/javascript\">var hupso_services_c=new Array(\"twitter\",\"facebook_like\",\"google\");var hupso_counters_lang = \"es_LA\";var hupso_image_folder_url = \"\";var hupso_twitter_via=\"crsyvrs\";var hupso_url_c=\"\";<\/script><script type=\"text\/javascript\" src=\"http:\/\/static.hupso.com\/share\/js\/counters.js\"><\/script><!-- Hupso Share Buttons --><\/div><h2 style=\"text-align: justify;\">En el Luna Park se realizar\u00e1 nuevamente este encuentro por los ocho a\u00f1os que se cumplen de la Tragedia de Santa Fe, que acab\u00f3 con la vida de nueve alumnos de la escuela Ecos y una maestra.<\/h2>\n<p><a href=\"http:\/\/cronicasyversiones.com\/wp-content\/uploads\/2014\/10\/Dia.jpg\"><img loading=\"lazy\" decoding=\"async\" class=\" wp-image-3819 aligncenter\" src=\"http:\/\/cronicasyversiones.com\/wp-content\/uploads\/2014\/10\/Dia.jpg\" alt=\"Dia\" width=\"637\" height=\"411\" srcset=\"http:\/\/cronicasyversiones.com\/wp-content\/uploads\/2014\/10\/Dia.jpg 550w, http:\/\/cronicasyversiones.com\/wp-content\/uploads\/2014\/10\/Dia-300x193.jpg 300w\" sizes=\"auto, (max-width: 637px) 100vw, 637px\" \/><\/a><br \/>\nEl mi\u00e9rcoles 8 de octubre se cumplen ocho a\u00f1os de la denominada <strong>Tragedia de Santa Fe<\/strong>, que acab\u00f3 con la vida de nueve alumnos de la <strong>escuela Ecos<\/strong> y una maestra, y para recordar aquella triste jornada y a modo de crear conciencia sobre la edici\u00f3n vial se realizar\u00e1 la octava edici\u00f3n del festival que celebra el <strong>D\u00eda del Estudiante Solidario<\/strong> en el <strong>Luna Park.<\/strong><br \/>\nEn el festival, entre otras bandas y solista, <strong>Los Aut\u00e9nticos Decadentes, Catupecu Machu, Los Gardelitos, Attaque 77, Los Tipitos e Infierno 18.<\/strong><\/p>\n<p>Conduciendo a conciencia, la organizaci\u00f3n no gubernamental que lleva adelante el festival, comunic\u00f3 que su \u00abf<strong>inalidad es llevar un mensaje esperanzador<\/strong>, de vida para que toda la sociedad se sume a la causa, por una mayor seguridad vial y se comprometa a cuidar la vida de s\u00ed mismos y la de los otros\u00bb. Por la memoria y la seguridad vial en nuestro pa\u00eds. En breve, se anunciar\u00e1 c\u00f3mo conseguir las entradas a trav\u00e9s de la p\u00e1gina de la ONG.<\/p>\n<p>Quienes no puedan concurrir al festival y quieran colaborar con alguna donaci\u00f3n, <strong>ropa, calzado, libros, juegos, alimentos no perecederos<\/strong>, etc, pueden comunicarse a trav\u00e9s de esta direcci\u00f3n: conduciendoasolidarios@gmail.com. Lo recaudado ser\u00e1 entregado a m\u00e1s de 30 escuelas del interior del pa\u00eds.<\/p>\n<p>La gente que asista al evento, podr\u00e1 donar diversos packs de productos que se detallan a continuaci\u00f3n y los packs de donaciones deber\u00e1n llevarse al Estadio Luna Park el d\u00eda del evento y presentarlos en la boleter\u00eda junto a la entrada para el ingreso.<\/p>\n<p><strong>Pack desayuno:<\/strong><\/p>\n<p>1kg de leche en polvo.<br \/>\n2kg de az\u00facar.<br \/>\n2kg de cacao en polvo.<\/p>\n<p><strong>Pack almuerzo:<br \/>\n<\/strong><\/p>\n<p>3 litros de aceite.<br \/>\n3 latas (at\u00fan\/caballa o pulpa de tomate).<br \/>\n3kg de arroz.<\/p>\n<p><strong>Pack merienda:<\/strong><\/p>\n<p>1kg de leche en polvo.<br \/>\n2 mermeladas o miel (envases PLASTICOS).<br \/>\n2kg de yerba.<\/p>\n<p>&nbsp;<\/p>\n<div style=\"padding-bottom:20px; padding-top:10px;\" class=\"hupso-share-buttons\"><!-- Hupso Share Buttons - https:\/\/www.hupso.com\/share\/ --><a class=\"hupso_counters\" href=\"https:\/\/www.hupso.com\/share\/\"><img decoding=\"async\" src=\"http:\/\/static.hupso.com\/share\/buttons\/lang\/es\/share-small.png\" style=\"border:0px; padding-top:2px; float:left;\" alt=\"Share Button\"\/><\/a><script type=\"text\/javascript\">var hupso_services_c=new Array(\"twitter\",\"facebook_like\",\"google\");var hupso_counters_lang = \"es_LA\";var hupso_image_folder_url = \"\";var hupso_twitter_via=\"crsyvrs\";var hupso_url_c=\"\";<\/script><script type=\"text\/javascript\" src=\"http:\/\/static.hupso.com\/share\/js\/counters.js\"><\/script><!-- Hupso Share Buttons --><\/div> ","protected":false},"excerpt":{"rendered":"<div style=\"padding-bottom:20px; padding-top:10px;\" class=\"hupso-share-buttons\"><!-- Hupso Share Buttons - https:\/\/www.hupso.com\/share\/ --><a class=\"hupso_counters\" href=\"https:\/\/www.hupso.com\/share\/\"><img src=\"http:\/\/static.hupso.com\/share\/buttons\/lang\/es\/share-small.png\" style=\"border:0px; padding-top:2px; float:left;\" alt=\"Share Button\"\/><\/a><script type=\"text\/javascript\">var hupso_services_c=new Array(\"twitter\",\"facebook_like\",\"google\");var hupso_counters_lang = \"es_LA\";var hupso_image_folder_url = \"\";var hupso_twitter_via=\"crsyvrs\";var hupso_url_c=\"\";<\/script><script type=\"text\/javascript\" src=\"http:\/\/static.hupso.com\/share\/js\/counters.js\"><\/script><!-- Hupso Share Buttons --><\/div><p>En el Luna Park se realizar\u00e1 nuevamente este encuentro por los ocho a\u00f1os que se cumplen de la Tragedia de Santa Fe, que acab\u00f3 con la vida de nueve alumnos de la escuela Ecos y una maestra. El mi\u00e9rcoles&#46;&#46;&#46;<\/p>\n<div style=\"padding-bottom:20px; padding-top:10px;\" class=\"hupso-share-buttons\"><!-- Hupso Share Buttons - https:\/\/www.hupso.com\/share\/ --><a class=\"hupso_counters\" href=\"https:\/\/www.hupso.com\/share\/\"><img src=\"http:\/\/static.hupso.com\/share\/buttons\/lang\/es\/share-small.png\" style=\"border:0px; padding-top:2px; float:left;\" alt=\"Share Button\"\/><\/a><script type=\"text\/javascript\">var hupso_services_c=new Array(\"twitter\",\"facebook_like\",\"google\");var hupso_counters_lang = \"es_LA\";var hupso_image_folder_url = \"\";var hupso_twitter_via=\"crsyvrs\";var hupso_url_c=\"\";<\/script><script type=\"text\/javascript\" src=\"http:\/\/static.hupso.com\/share\/js\/counters.js\"><\/script><!-- Hupso Share Buttons --><\/div>","protected":false},"author":5,"featured_media":0,"comment_status":"open","ping_status":"open","sticky":false,"template":"","format":"standard","meta":{"footnotes":""},"categories":[9],"tags":[2985,2983,2398,2988,2599,2984,2986,2987],"class_list":["post-3818","post","type-post","status-publish","format-standard","hentry","category-sociedad","tag-attaque-77","tag-catupecu-machu","tag-conduciendo-a-conciencia","tag-ecos","tag-los-autenticos-decadentes","tag-los-gardelitos","tag-los-tipitos","tag-tragedia-de-santa-fe"],"_links":{"self":[{"href":"http:\/\/cronicasyversiones.com\/index.php?rest_route=\/wp\/v2\/posts\/3818","targetHints":{"allow":["GET"]}}],"collection":[{"href":"http:\/\/cronicasyversiones.com\/index.php?rest_route=\/wp\/v2\/posts"}],"about":[{"href":"http:\/\/cronicasyversiones.com\/index.php?rest_route=\/wp\/v2\/types\/post"}],"author":[{"embeddable":true,"href":"http:\/\/cronicasyversiones.com\/index.php?rest_route=\/wp\/v2\/users\/5"}],"replies":[{"embeddable":true,"href":"http:\/\/cronicasyversiones.com\/index.php?rest_route=%2Fwp%2Fv2%2Fcomments&post=3818"}],"version-history":[{"count":0,"href":"http:\/\/cronicasyversiones.com\/index.php?rest_route=\/wp\/v2\/posts\/3818\/revisions"}],"wp:attachment":[{"href":"http:\/\/cronicasyversiones.com\/index.php?rest_route=%2Fwp%2Fv2%2Fmedia&parent=3818"}],"wp:term":[{"taxonomy":"category","embeddable":true,"href":"http:\/\/cronicasyversiones.com\/index.php?rest_route=%2Fwp%2Fv2%2Fcategories&post=3818"},{"taxonomy":"post_tag","embeddable":true,"href":"http:\/\/cronicasyversiones.com\/index.php?rest_route=%2Fwp%2Fv2%2Ftags&post=3818"}],"curies":[{"name":"wp","href":"https:\/\/api.w.org\/{rel}","templated":true}]}}