{"id":3825,"date":"2014-10-06T07:29:37","date_gmt":"2014-10-06T10:29:37","guid":{"rendered":"http:\/\/cronicasyversiones.com\/?p=3825"},"modified":"2014-10-06T07:29:37","modified_gmt":"2014-10-06T10:29:37","slug":"mafalda-historia-social-y-politica-un-ensayo-de-isabella-cosse","status":"publish","type":"post","link":"http:\/\/cronicasyversiones.com\/?p=3825","title":{"rendered":"\u00abMafalda: historia social y pol\u00edtica\u00bb, un ensayo de Isabella Cosse"},"content":{"rendered":"<div style=\"padding-bottom:20px; padding-top:10px;\" class=\"hupso-share-buttons\"><!-- Hupso Share Buttons - https:\/\/www.hupso.com\/share\/ --><a class=\"hupso_counters\" href=\"https:\/\/www.hupso.com\/share\/\"><img decoding=\"async\" src=\"http:\/\/static.hupso.com\/share\/buttons\/lang\/es\/share-small.png\" style=\"border:0px; padding-top:2px; float:left;\" alt=\"Share Button\"\/><\/a><script type=\"text\/javascript\">var hupso_services_c=new Array(\"twitter\",\"facebook_like\",\"google\");var hupso_counters_lang = \"es_LA\";var hupso_image_folder_url = \"\";var hupso_twitter_via=\"crsyvrs\";var hupso_url_c=\"\";<\/script><script type=\"text\/javascript\" src=\"http:\/\/static.hupso.com\/share\/js\/counters.js\"><\/script><!-- Hupso Share Buttons --><\/div><h2 style=\"text-align: justify;\">La historiadora e investigadora analiza el fen\u00f3meno de esta ni\u00f1a creada por Quino hace 50 a\u00f1os que todav\u00eda sigue vigente y cuestionando el orden establecido.<\/h2>\n<p><a href=\"http:\/\/cronicasyversiones.com\/wp-content\/uploads\/2014\/10\/mafalda_banco_550.jpg\"><img loading=\"lazy\" decoding=\"async\" class=\"wp-image-3826 aligncenter\" src=\"http:\/\/cronicasyversiones.com\/wp-content\/uploads\/2014\/10\/mafalda_banco_550.jpg\" alt=\"mafalda_banco_550\" width=\"758\" height=\"496\" srcset=\"http:\/\/cronicasyversiones.com\/wp-content\/uploads\/2014\/10\/mafalda_banco_550.jpg 950w, http:\/\/cronicasyversiones.com\/wp-content\/uploads\/2014\/10\/mafalda_banco_550-300x196.jpg 300w, http:\/\/cronicasyversiones.com\/wp-content\/uploads\/2014\/10\/mafalda_banco_550-624x408.jpg 624w\" sizes=\"auto, (max-width: 758px) 100vw, 758px\" \/><\/a><\/p>\n<p style=\"text-align: justify;\"><strong>Isabella Cosse<\/strong> presenta el pr\u00f3ximo viernes en el <strong>Tercer Congreso Internacional Vi\u00f1etas Serias en la Universidad de Buenos Aires<\/strong> su ensayo<em><strong> \u00abMafalda: historia social y pol\u00edtica\u00bb<\/strong><\/em>, donde analiza el fen\u00f3meno de esta ni\u00f1a creada por <strong>Quino<\/strong> hace 50 a\u00f1os que sigue cuestionando el orden establecido.<\/p>\n<p style=\"text-align: justify;\">En esta publicaci\u00f3n la historiadora e investigadora se pregunta<strong>: \u00bfC\u00f3mo se explica el \u00e9xito y la perdurabilidad de <a href=\"http:\/\/cronicasyversiones.com\/?p=3732\" target=\"_blank\">Mafalda<\/a>?<\/strong> \u00bfCu\u00e1les fueron sus sentidos sociales, pol\u00edticos y culturales a lo largo de medio siglo? \u00bfDe qu\u00e9 modo la historieta de Quino se volvi\u00f3 un fen\u00f3meno cultural a escala global con vigencia hasta hoy?<\/p>\n<p style=\"text-align: justify;\">Las respuestas a esos interrogantes son el recorrido de Cosse, quien en su libro le sigue la pista a la creaci\u00f3n de <strong>Quino<\/strong>, una original puerta de entrada a las conmociones sociales, pol\u00edticas y culturales del \u00faltimo medio siglo.<\/p>\n<p style=\"text-align: justify;\">La reconstrucci\u00f3n sigue el periplo del personaje que ofreci\u00f3 una reflexi\u00f3n sobre temas tan diversos como <strong>el autoritarismo, los enfrentamientos generacionales,<\/strong> el feminismo, la identidad de las clases medias y los cuestionamientos al orden familiar.<\/p>\n<p style=\"text-align: justify;\">En <em><strong>\u00abMafalda: historia social y pol\u00edtica\u00bb<\/strong> <\/em>(Fondo de Cultura Econ\u00f3mica) la autora reconstruye la historia detr\u00e1s del mito, \u00ablas relaciones sociales, los dilemas pol\u00edticos y las dimensiones culturales y econ\u00f3micas que explican por qu\u00e9 Mafalda cobr\u00f3 vida fuera de los cuadros y a\u00fan hoy est\u00e1 con nosotros\u00bb, dice la autora.<\/p>\n<p style=\"text-align: justify;\">La presentaci\u00f3n del libro ser\u00e1 el pr\u00f3ximo viernes a las 16.30 en el marco del Tercer Congreso Internacional Vi\u00f1etas Serias organizado por la carrera de <strong>Comunicaci\u00f3n de la Facultad de Ciencias Sociales (UBA) en Santiago del Estero 1029.<\/strong><\/p>\n<div style=\"padding-bottom:20px; padding-top:10px;\" class=\"hupso-share-buttons\"><!-- Hupso Share Buttons - https:\/\/www.hupso.com\/share\/ --><a class=\"hupso_counters\" href=\"https:\/\/www.hupso.com\/share\/\"><img decoding=\"async\" src=\"http:\/\/static.hupso.com\/share\/buttons\/lang\/es\/share-small.png\" style=\"border:0px; padding-top:2px; float:left;\" alt=\"Share Button\"\/><\/a><script type=\"text\/javascript\">var hupso_services_c=new Array(\"twitter\",\"facebook_like\",\"google\");var hupso_counters_lang = \"es_LA\";var hupso_image_folder_url = \"\";var hupso_twitter_via=\"crsyvrs\";var hupso_url_c=\"\";<\/script><script type=\"text\/javascript\" src=\"http:\/\/static.hupso.com\/share\/js\/counters.js\"><\/script><!-- Hupso Share Buttons --><\/div> ","protected":false},"excerpt":{"rendered":"<div style=\"padding-bottom:20px; padding-top:10px;\" class=\"hupso-share-buttons\"><!-- Hupso Share Buttons - https:\/\/www.hupso.com\/share\/ --><a class=\"hupso_counters\" href=\"https:\/\/www.hupso.com\/share\/\"><img src=\"http:\/\/static.hupso.com\/share\/buttons\/lang\/es\/share-small.png\" style=\"border:0px; padding-top:2px; float:left;\" alt=\"Share Button\"\/><\/a><script type=\"text\/javascript\">var hupso_services_c=new Array(\"twitter\",\"facebook_like\",\"google\");var hupso_counters_lang = \"es_LA\";var hupso_image_folder_url = \"\";var hupso_twitter_via=\"crsyvrs\";var hupso_url_c=\"\";<\/script><script type=\"text\/javascript\" src=\"http:\/\/static.hupso.com\/share\/js\/counters.js\"><\/script><!-- Hupso Share Buttons --><\/div><p>La historiadora e investigadora analiza el fen\u00f3meno de esta ni\u00f1a creada por Quino hace 50 a\u00f1os que todav\u00eda sigue vigente y cuestionando el orden establecido. Isabella Cosse presenta el pr\u00f3ximo viernes en el Tercer Congreso Internacional Vi\u00f1etas Serias en&#46;&#46;&#46;<\/p>\n<div style=\"padding-bottom:20px; padding-top:10px;\" class=\"hupso-share-buttons\"><!-- Hupso Share Buttons - https:\/\/www.hupso.com\/share\/ --><a class=\"hupso_counters\" href=\"https:\/\/www.hupso.com\/share\/\"><img src=\"http:\/\/static.hupso.com\/share\/buttons\/lang\/es\/share-small.png\" style=\"border:0px; padding-top:2px; float:left;\" alt=\"Share Button\"\/><\/a><script type=\"text\/javascript\">var hupso_services_c=new Array(\"twitter\",\"facebook_like\",\"google\");var hupso_counters_lang = \"es_LA\";var hupso_image_folder_url = \"\";var hupso_twitter_via=\"crsyvrs\";var hupso_url_c=\"\";<\/script><script type=\"text\/javascript\" src=\"http:\/\/static.hupso.com\/share\/js\/counters.js\"><\/script><!-- Hupso Share Buttons --><\/div>","protected":false},"author":5,"featured_media":0,"comment_status":"open","ping_status":"open","sticky":false,"template":"","format":"standard","meta":{"footnotes":""},"categories":[7,2570],"tags":[2992,62,2991,850],"class_list":["post-3825","post","type-post","status-publish","format-standard","hentry","category-literatura","category-los-50-anos-de-mafalda","tag-isabella-cosse","tag-mafalda","tag-mafalda-historia-social-y-politica","tag-quino"],"_links":{"self":[{"href":"http:\/\/cronicasyversiones.com\/index.php?rest_route=\/wp\/v2\/posts\/3825","targetHints":{"allow":["GET"]}}],"collection":[{"href":"http:\/\/cronicasyversiones.com\/index.php?rest_route=\/wp\/v2\/posts"}],"about":[{"href":"http:\/\/cronicasyversiones.com\/index.php?rest_route=\/wp\/v2\/types\/post"}],"author":[{"embeddable":true,"href":"http:\/\/cronicasyversiones.com\/index.php?rest_route=\/wp\/v2\/users\/5"}],"replies":[{"embeddable":true,"href":"http:\/\/cronicasyversiones.com\/index.php?rest_route=%2Fwp%2Fv2%2Fcomments&post=3825"}],"version-history":[{"count":0,"href":"http:\/\/cronicasyversiones.com\/index.php?rest_route=\/wp\/v2\/posts\/3825\/revisions"}],"wp:attachment":[{"href":"http:\/\/cronicasyversiones.com\/index.php?rest_route=%2Fwp%2Fv2%2Fmedia&parent=3825"}],"wp:term":[{"taxonomy":"category","embeddable":true,"href":"http:\/\/cronicasyversiones.com\/index.php?rest_route=%2Fwp%2Fv2%2Fcategories&post=3825"},{"taxonomy":"post_tag","embeddable":true,"href":"http:\/\/cronicasyversiones.com\/index.php?rest_route=%2Fwp%2Fv2%2Ftags&post=3825"}],"curies":[{"name":"wp","href":"https:\/\/api.w.org\/{rel}","templated":true}]}}