{"id":38298,"date":"2024-04-03T14:34:36","date_gmt":"2024-04-03T17:34:36","guid":{"rendered":"http:\/\/cronicasyversiones.com\/?p=38298"},"modified":"2024-04-03T14:34:36","modified_gmt":"2024-04-03T17:34:36","slug":"bellas-artes-cine-presenta-un-ciclo-dedicado-a-alfred-hitchcock","status":"publish","type":"post","link":"http:\/\/cronicasyversiones.com\/?p=38298","title":{"rendered":"Bellas Artes Cine presenta un ciclo dedicado a Alfred Hitchcock"},"content":{"rendered":"<div style=\"padding-bottom:20px; padding-top:10px;\" class=\"hupso-share-buttons\"><!-- Hupso Share Buttons - https:\/\/www.hupso.com\/share\/ --><a class=\"hupso_counters\" href=\"https:\/\/www.hupso.com\/share\/\"><img decoding=\"async\" src=\"http:\/\/static.hupso.com\/share\/buttons\/lang\/es\/share-small.png\" style=\"border:0px; padding-top:2px; float:left;\" alt=\"Share Button\"\/><\/a><script type=\"text\/javascript\">var hupso_services_c=new Array(\"twitter\",\"facebook_like\",\"google\");var hupso_counters_lang = \"es_LA\";var hupso_image_folder_url = \"\";var hupso_twitter_via=\"crsyvrs\";var hupso_url_c=\"\";<\/script><script type=\"text\/javascript\" src=\"http:\/\/static.hupso.com\/share\/js\/counters.js\"><\/script><!-- Hupso Share Buttons --><\/div><h2>Los viernes y s\u00e1bados de abril, se proyectan siete films de los inicios de la trayectoria del gran director brit\u00e1nico.<\/h2>\n<p><img loading=\"lazy\" decoding=\"async\" class=\"size-full wp-image-38299 aligncenter\" src=\"http:\/\/cronicasyversiones.com\/wp-content\/uploads\/2024\/04\/images.jpg\" alt=\"\" width=\"300\" height=\"168\" srcset=\"http:\/\/cronicasyversiones.com\/wp-content\/uploads\/2024\/04\/images.jpg 300w, http:\/\/cronicasyversiones.com\/wp-content\/uploads\/2024\/04\/images-520x292.jpg 520w, http:\/\/cronicasyversiones.com\/wp-content\/uploads\/2024\/04\/images-720x404.jpg 720w\" sizes=\"auto, (max-width: 300px) 100vw, 300px\" \/><\/p>\n<p>El <strong>Museo Nacional de Bellas Artes y Amigos del Bellas Artes<\/strong> presentan del 5 al 27 de abril <em><strong>\u201cAlfred Hitchcock, el nacimiento de un maestro\u201d,<\/strong> <\/em>el primer ciclo del a\u00f1o de <strong>Bellas Artes Cine,<\/strong> dedicado a proyectar siete pel\u00edculas de los inicios de la trayectoria del realizador brit\u00e1nico, con entrada gratuita.<\/p>\n<p>Las pel\u00edculas, en su idioma original con subt\u00edtulos en castellano, se proyectar\u00e1n los viernes y s\u00e1bados, a las 18, en el Auditorio de Amigos del Bellas Artes, ubicado en Av. Figueroa Alcorta 2270.<\/p>\n<p>La programaci\u00f3n incluye \u201cEl inquilino\u201d (1927), \u201cChantaje\u201d (1929), \u201cLos 39 escalones\u201d (1935), \u201cLa dama desaparece\u201d (1938), \u201cLa posada maldita\u201d (1939), \u201cCorresponsal extranjero\u201d (1941) y \u201cCu\u00e9ntame tu vida\u201d (1945).<\/p>\n<p>Las entradas son gratuitas, con reserva previa, y se adquieren \u00fanicamente en l\u00ednea, completando un formulario disponible en la p\u00e1gina web del Bellas Artes, que se habilita una semana antes de cada funci\u00f3n.<\/p>\n<blockquote><p>\u201cPocos realizadores en la historia del cine han sido ?son? tan influyentes como Alfred Hitchcock. Suele olvidarse que fue uno de los m\u00e1s logrados entertainers en el negocio, una figura pop, un hombre de enorme olfato y \u00e9xito comercial. Suele olvidarse, tambi\u00e9n, que pensaba sobre todo en su p\u00fablico y en el entretenimiento, porque cre\u00eda que a trav\u00e9s de \u00e9l era posible llegar a temas profundos\u201d, afirma Leonardo D\u2019Esp\u00f3sito, curador del ciclo.<\/p><\/blockquote>\n<p>\u201cEste ciclo presenta su \u00faltimo gran \u00e9xito del cine mudo, su exitoso paso al sonoro en Gran Breta\u00f1a, y una de las primeras pel\u00edculas realizadas en Hollywood, donde encontr\u00f3 finalmente su hogar. Los filmes se proyectan en orden cronol\u00f3gico, una manera de ver el progreso de un estilo que marc\u00f3 a fuego el cine\u201d, agrega el cr\u00edtico.<\/p>\n<div style=\"padding-bottom:20px; padding-top:10px;\" class=\"hupso-share-buttons\"><!-- Hupso Share Buttons - https:\/\/www.hupso.com\/share\/ --><a class=\"hupso_counters\" href=\"https:\/\/www.hupso.com\/share\/\"><img decoding=\"async\" src=\"http:\/\/static.hupso.com\/share\/buttons\/lang\/es\/share-small.png\" style=\"border:0px; padding-top:2px; float:left;\" alt=\"Share Button\"\/><\/a><script type=\"text\/javascript\">var hupso_services_c=new Array(\"twitter\",\"facebook_like\",\"google\");var hupso_counters_lang = \"es_LA\";var hupso_image_folder_url = \"\";var hupso_twitter_via=\"crsyvrs\";var hupso_url_c=\"\";<\/script><script type=\"text\/javascript\" src=\"http:\/\/static.hupso.com\/share\/js\/counters.js\"><\/script><!-- Hupso Share Buttons --><\/div> ","protected":false},"excerpt":{"rendered":"<div style=\"padding-bottom:20px; padding-top:10px;\" class=\"hupso-share-buttons\"><!-- Hupso Share Buttons - https:\/\/www.hupso.com\/share\/ --><a class=\"hupso_counters\" href=\"https:\/\/www.hupso.com\/share\/\"><img src=\"http:\/\/static.hupso.com\/share\/buttons\/lang\/es\/share-small.png\" style=\"border:0px; padding-top:2px; float:left;\" alt=\"Share Button\"\/><\/a><script type=\"text\/javascript\">var hupso_services_c=new Array(\"twitter\",\"facebook_like\",\"google\");var hupso_counters_lang = \"es_LA\";var hupso_image_folder_url = \"\";var hupso_twitter_via=\"crsyvrs\";var hupso_url_c=\"\";<\/script><script type=\"text\/javascript\" src=\"http:\/\/static.hupso.com\/share\/js\/counters.js\"><\/script><!-- Hupso Share Buttons --><\/div><p>Los viernes y s\u00e1bados de abril, se proyectan siete films de los inicios de la trayectoria del gran director brit\u00e1nico. El Museo Nacional de Bellas Artes y Amigos del Bellas Artes presentan del 5 al 27 de abril \u201cAlfred&#46;&#46;&#46;<\/p>\n<div style=\"padding-bottom:20px; padding-top:10px;\" class=\"hupso-share-buttons\"><!-- Hupso Share Buttons - https:\/\/www.hupso.com\/share\/ --><a class=\"hupso_counters\" href=\"https:\/\/www.hupso.com\/share\/\"><img src=\"http:\/\/static.hupso.com\/share\/buttons\/lang\/es\/share-small.png\" style=\"border:0px; padding-top:2px; float:left;\" alt=\"Share Button\"\/><\/a><script type=\"text\/javascript\">var hupso_services_c=new Array(\"twitter\",\"facebook_like\",\"google\");var hupso_counters_lang = \"es_LA\";var hupso_image_folder_url = \"\";var hupso_twitter_via=\"crsyvrs\";var hupso_url_c=\"\";<\/script><script type=\"text\/javascript\" src=\"http:\/\/static.hupso.com\/share\/js\/counters.js\"><\/script><!-- Hupso Share Buttons --><\/div>","protected":false},"author":5,"featured_media":38299,"comment_status":"closed","ping_status":"closed","sticky":false,"template":"","format":"standard","meta":{"footnotes":""},"categories":[4],"tags":[],"class_list":["post-38298","post","type-post","status-publish","format-standard","has-post-thumbnail","hentry","category-cine"],"_links":{"self":[{"href":"http:\/\/cronicasyversiones.com\/index.php?rest_route=\/wp\/v2\/posts\/38298","targetHints":{"allow":["GET"]}}],"collection":[{"href":"http:\/\/cronicasyversiones.com\/index.php?rest_route=\/wp\/v2\/posts"}],"about":[{"href":"http:\/\/cronicasyversiones.com\/index.php?rest_route=\/wp\/v2\/types\/post"}],"author":[{"embeddable":true,"href":"http:\/\/cronicasyversiones.com\/index.php?rest_route=\/wp\/v2\/users\/5"}],"replies":[{"embeddable":true,"href":"http:\/\/cronicasyversiones.com\/index.php?rest_route=%2Fwp%2Fv2%2Fcomments&post=38298"}],"version-history":[{"count":1,"href":"http:\/\/cronicasyversiones.com\/index.php?rest_route=\/wp\/v2\/posts\/38298\/revisions"}],"predecessor-version":[{"id":38300,"href":"http:\/\/cronicasyversiones.com\/index.php?rest_route=\/wp\/v2\/posts\/38298\/revisions\/38300"}],"wp:featuredmedia":[{"embeddable":true,"href":"http:\/\/cronicasyversiones.com\/index.php?rest_route=\/wp\/v2\/media\/38299"}],"wp:attachment":[{"href":"http:\/\/cronicasyversiones.com\/index.php?rest_route=%2Fwp%2Fv2%2Fmedia&parent=38298"}],"wp:term":[{"taxonomy":"category","embeddable":true,"href":"http:\/\/cronicasyversiones.com\/index.php?rest_route=%2Fwp%2Fv2%2Fcategories&post=38298"},{"taxonomy":"post_tag","embeddable":true,"href":"http:\/\/cronicasyversiones.com\/index.php?rest_route=%2Fwp%2Fv2%2Ftags&post=38298"}],"curies":[{"name":"wp","href":"https:\/\/api.w.org\/{rel}","templated":true}]}}