{"id":38402,"date":"2024-04-26T13:35:43","date_gmt":"2024-04-26T16:35:43","guid":{"rendered":"http:\/\/cronicasyversiones.com\/?p=38402"},"modified":"2024-04-26T13:54:07","modified_gmt":"2024-04-26T16:54:07","slug":"el-libertario-nueva-cancion-de-las-manos-de-filippi","status":"publish","type":"post","link":"http:\/\/cronicasyversiones.com\/?p=38402","title":{"rendered":"\u00abEl libertario\u00bb, la nueva canci\u00f3n de Las Manos de Filippi"},"content":{"rendered":"<div style=\"padding-bottom:20px; padding-top:10px;\" class=\"hupso-share-buttons\"><!-- Hupso Share Buttons - https:\/\/www.hupso.com\/share\/ --><a class=\"hupso_counters\" href=\"https:\/\/www.hupso.com\/share\/\"><img decoding=\"async\" src=\"http:\/\/static.hupso.com\/share\/buttons\/lang\/es\/share-small.png\" style=\"border:0px; padding-top:2px; float:left;\" alt=\"Share Button\"\/><\/a><script type=\"text\/javascript\">var hupso_services_c=new Array(\"twitter\",\"facebook_like\",\"google\");var hupso_counters_lang = \"es_LA\";var hupso_image_folder_url = \"\";var hupso_twitter_via=\"crsyvrs\";var hupso_url_c=\"\";<\/script><script type=\"text\/javascript\" src=\"http:\/\/static.hupso.com\/share\/js\/counters.js\"><\/script><!-- Hupso Share Buttons --><\/div><h2>El tema cuenta con la participaci\u00f3n de Javier Casalla y la producci\u00f3n art\u00edstica entre la banda, Gabriel Kerman y Kyodrill.<\/h2>\n<p><img loading=\"lazy\" decoding=\"async\" class=\"size-medium wp-image-38403 aligncenter\" src=\"http:\/\/cronicasyversiones.com\/wp-content\/uploads\/2024\/04\/LMF-01-300x200.jpg\" alt=\"\" width=\"300\" height=\"200\" srcset=\"http:\/\/cronicasyversiones.com\/wp-content\/uploads\/2024\/04\/LMF-01-300x200.jpg 300w, http:\/\/cronicasyversiones.com\/wp-content\/uploads\/2024\/04\/LMF-01-1024x683.jpg 1024w, http:\/\/cronicasyversiones.com\/wp-content\/uploads\/2024\/04\/LMF-01-768x512.jpg 768w, http:\/\/cronicasyversiones.com\/wp-content\/uploads\/2024\/04\/LMF-01-1536x1024.jpg 1536w, http:\/\/cronicasyversiones.com\/wp-content\/uploads\/2024\/04\/LMF-01-2048x1365.jpg 2048w\" sizes=\"auto, (max-width: 300px) 100vw, 300px\" \/><\/p>\n<p>Luego de presentar <em><strong>\u201cMilei se cae\u201d,<\/strong><\/em> la primera canci\u00f3n dedicada al Presidente, ahora <strong>Las Manos de Filippi<\/strong> trae <em><strong>\u201cEl libertario\u201d.<\/strong><\/em><\/p>\n<p>La canci\u00f3n, que naci\u00f3 en marzo y fue grabada durante abril, cuenta con la participaci\u00f3n de <strong>Javier Casalla<\/strong> (violinista de Bajofondo) y la producci\u00f3n art\u00edstica compartida entre <strong>Las Manos de Filippi, Gabriel Kerman y Kyodrill.<\/strong><\/p>\n<p><em><strong>\u201cEl libertario\u201d<\/strong><\/em> ya est\u00e1 disponible en todas las plataformas y ser\u00e1 estrenada en vivo el 11 de mayo en la sala <strong>Cultura del Sur de Temperley<\/strong>, fecha en la que estar\u00e1n tambi\u00e9n The Berthas como invitados. Las entradas se consiguen v\u00eda Passline.<\/p>\n<p><iframe loading=\"lazy\" title=\"YouTube video player\" src=\"https:\/\/www.youtube.com\/embed\/amw4-ptObOg?si=_xSdAEO_lGkeIzlb\" width=\"560\" height=\"315\" frameborder=\"0\" allowfullscreen=\"allowfullscreen\"><\/iframe><\/p>\n<p>Nacieron en la ciudad de Buenos Aires, mientras corr\u00eda el a\u00f1o 1992. Con hits internacionales como \u201cSr. Cobranza\u201d, la banda liderada por Hern\u00e1n \u201cCabra\u201d de Vega se convirti\u00f3 en referente del rock argentino y latinoamericano.<\/p>\n<p>En el sonido tienen una fusi\u00f3n de otros ritmos como el ska, hip hop, punk y cumbia. En sus letras hablan de las luchas encabezadas por la clase trabajadora y la juventud.<\/p>\n<p>\u201cLos m\u00e9todos piqueteros\u201d y \u201cMetete conmigo\u201d son solo algunas de las canciones en las que destacan la importancia de la organizaci\u00f3n.<\/p>\n<p>&nbsp;<\/p>\n<div style=\"padding-bottom:20px; padding-top:10px;\" class=\"hupso-share-buttons\"><!-- Hupso Share Buttons - https:\/\/www.hupso.com\/share\/ --><a class=\"hupso_counters\" href=\"https:\/\/www.hupso.com\/share\/\"><img decoding=\"async\" src=\"http:\/\/static.hupso.com\/share\/buttons\/lang\/es\/share-small.png\" style=\"border:0px; padding-top:2px; float:left;\" alt=\"Share Button\"\/><\/a><script type=\"text\/javascript\">var hupso_services_c=new Array(\"twitter\",\"facebook_like\",\"google\");var hupso_counters_lang = \"es_LA\";var hupso_image_folder_url = \"\";var hupso_twitter_via=\"crsyvrs\";var hupso_url_c=\"\";<\/script><script type=\"text\/javascript\" src=\"http:\/\/static.hupso.com\/share\/js\/counters.js\"><\/script><!-- Hupso Share Buttons --><\/div> ","protected":false},"excerpt":{"rendered":"<div style=\"padding-bottom:20px; padding-top:10px;\" class=\"hupso-share-buttons\"><!-- Hupso Share Buttons - https:\/\/www.hupso.com\/share\/ --><a class=\"hupso_counters\" href=\"https:\/\/www.hupso.com\/share\/\"><img src=\"http:\/\/static.hupso.com\/share\/buttons\/lang\/es\/share-small.png\" style=\"border:0px; padding-top:2px; float:left;\" alt=\"Share Button\"\/><\/a><script type=\"text\/javascript\">var hupso_services_c=new Array(\"twitter\",\"facebook_like\",\"google\");var hupso_counters_lang = \"es_LA\";var hupso_image_folder_url = \"\";var hupso_twitter_via=\"crsyvrs\";var hupso_url_c=\"\";<\/script><script type=\"text\/javascript\" src=\"http:\/\/static.hupso.com\/share\/js\/counters.js\"><\/script><!-- Hupso Share Buttons --><\/div><p>El tema cuenta con la participaci\u00f3n de Javier Casalla y la producci\u00f3n art\u00edstica entre la banda, Gabriel Kerman y Kyodrill. Luego de presentar \u201cMilei se cae\u201d, la primera canci\u00f3n dedicada al Presidente, ahora Las Manos de Filippi trae \u201cEl&#46;&#46;&#46;<\/p>\n<div style=\"padding-bottom:20px; padding-top:10px;\" class=\"hupso-share-buttons\"><!-- Hupso Share Buttons - https:\/\/www.hupso.com\/share\/ --><a class=\"hupso_counters\" href=\"https:\/\/www.hupso.com\/share\/\"><img src=\"http:\/\/static.hupso.com\/share\/buttons\/lang\/es\/share-small.png\" style=\"border:0px; padding-top:2px; float:left;\" alt=\"Share Button\"\/><\/a><script type=\"text\/javascript\">var hupso_services_c=new Array(\"twitter\",\"facebook_like\",\"google\");var hupso_counters_lang = \"es_LA\";var hupso_image_folder_url = \"\";var hupso_twitter_via=\"crsyvrs\";var hupso_url_c=\"\";<\/script><script type=\"text\/javascript\" src=\"http:\/\/static.hupso.com\/share\/js\/counters.js\"><\/script><!-- Hupso Share Buttons --><\/div>","protected":false},"author":5,"featured_media":38403,"comment_status":"closed","ping_status":"closed","sticky":false,"template":"","format":"standard","meta":{"footnotes":""},"categories":[3],"tags":[],"class_list":["post-38402","post","type-post","status-publish","format-standard","has-post-thumbnail","hentry","category-musica"],"_links":{"self":[{"href":"http:\/\/cronicasyversiones.com\/index.php?rest_route=\/wp\/v2\/posts\/38402","targetHints":{"allow":["GET"]}}],"collection":[{"href":"http:\/\/cronicasyversiones.com\/index.php?rest_route=\/wp\/v2\/posts"}],"about":[{"href":"http:\/\/cronicasyversiones.com\/index.php?rest_route=\/wp\/v2\/types\/post"}],"author":[{"embeddable":true,"href":"http:\/\/cronicasyversiones.com\/index.php?rest_route=\/wp\/v2\/users\/5"}],"replies":[{"embeddable":true,"href":"http:\/\/cronicasyversiones.com\/index.php?rest_route=%2Fwp%2Fv2%2Fcomments&post=38402"}],"version-history":[{"count":2,"href":"http:\/\/cronicasyversiones.com\/index.php?rest_route=\/wp\/v2\/posts\/38402\/revisions"}],"predecessor-version":[{"id":38408,"href":"http:\/\/cronicasyversiones.com\/index.php?rest_route=\/wp\/v2\/posts\/38402\/revisions\/38408"}],"wp:featuredmedia":[{"embeddable":true,"href":"http:\/\/cronicasyversiones.com\/index.php?rest_route=\/wp\/v2\/media\/38403"}],"wp:attachment":[{"href":"http:\/\/cronicasyversiones.com\/index.php?rest_route=%2Fwp%2Fv2%2Fmedia&parent=38402"}],"wp:term":[{"taxonomy":"category","embeddable":true,"href":"http:\/\/cronicasyversiones.com\/index.php?rest_route=%2Fwp%2Fv2%2Fcategories&post=38402"},{"taxonomy":"post_tag","embeddable":true,"href":"http:\/\/cronicasyversiones.com\/index.php?rest_route=%2Fwp%2Fv2%2Ftags&post=38402"}],"curies":[{"name":"wp","href":"https:\/\/api.w.org\/{rel}","templated":true}]}}