{"id":38431,"date":"2024-05-02T13:28:45","date_gmt":"2024-05-02T16:28:45","guid":{"rendered":"http:\/\/cronicasyversiones.com\/?p=38431"},"modified":"2024-05-02T13:28:45","modified_gmt":"2024-05-02T16:28:45","slug":"la-cancion-que-merecemos-el-nuevo-single-de-lou-alvarez","status":"publish","type":"post","link":"http:\/\/cronicasyversiones.com\/?p=38431","title":{"rendered":"\u00a0\u201cLa canci\u00f3n que merecemos\u201d, el nuevo single de Lou \u00c1lvarez"},"content":{"rendered":"<div style=\"padding-bottom:20px; padding-top:10px;\" class=\"hupso-share-buttons\"><!-- Hupso Share Buttons - https:\/\/www.hupso.com\/share\/ --><a class=\"hupso_counters\" href=\"https:\/\/www.hupso.com\/share\/\"><img decoding=\"async\" src=\"http:\/\/static.hupso.com\/share\/buttons\/lang\/es\/share-small.png\" style=\"border:0px; padding-top:2px; float:left;\" alt=\"Share Button\"\/><\/a><script type=\"text\/javascript\">var hupso_services_c=new Array(\"twitter\",\"facebook_like\",\"google\");var hupso_counters_lang = \"es_LA\";var hupso_image_folder_url = \"\";var hupso_twitter_via=\"crsyvrs\";var hupso_url_c=\"\";<\/script><script type=\"text\/javascript\" src=\"http:\/\/static.hupso.com\/share\/js\/counters.js\"><\/script><!-- Hupso Share Buttons --><\/div><h2>La artista emergente del oeste del Conurbano deja atr\u00e1s las relaciones que proyectan ideales en este flamante tema.<\/h2>\n<p><img loading=\"lazy\" decoding=\"async\" class=\"size-medium wp-image-38433 aligncenter\" src=\"http:\/\/cronicasyversiones.com\/wp-content\/uploads\/2024\/05\/lou-300x169.png\" alt=\"\" width=\"300\" height=\"169\" srcset=\"http:\/\/cronicasyversiones.com\/wp-content\/uploads\/2024\/05\/lou-300x169.png 300w, http:\/\/cronicasyversiones.com\/wp-content\/uploads\/2024\/05\/lou-1024x576.png 1024w, http:\/\/cronicasyversiones.com\/wp-content\/uploads\/2024\/05\/lou-768x432.png 768w, http:\/\/cronicasyversiones.com\/wp-content\/uploads\/2024\/05\/lou-1536x864.png 1536w, http:\/\/cronicasyversiones.com\/wp-content\/uploads\/2024\/05\/lou-520x292.png 520w, http:\/\/cronicasyversiones.com\/wp-content\/uploads\/2024\/05\/lou-720x404.png 720w, http:\/\/cronicasyversiones.com\/wp-content\/uploads\/2024\/05\/lou.png 1920w\" sizes=\"auto, (max-width: 300px) 100vw, 300px\" \/><\/p>\n<p>En \u00a0<strong>\u201cLa canci\u00f3n que merecemos\u201d,<\/strong> <strong>Lou \u00c1lvarez<\/strong> deja atr\u00e1s las relaciones que proyectan ideales y carencias, para transformarse en un amor maduro y compa\u00f1ero.<\/p>\n<blockquote><p>\u00abEst\u00e1 pensada como etapas que se van construyendo y adquieren fuerza en la medida que avanzan. As\u00ed es como deber\u00edan ser los v\u00ednculos, contemplando la necesidad del tiempo para saber cu\u00e1ndo hacer silencio y cu\u00e1ndo hablar; cu\u00e1ndo cambiar el ritmo, aceptar diferencias y retomar\u00bb, manifiesta Lou.<\/p><\/blockquote>\n<p>El sencillo creado por Lou \u00a0viaja hasta C\u00f3rdoba para ser producido, mezclado y masterizado por Franco Cano. La grabaci\u00f3n de voces se traslada al estudio El Mait\u00e9n en Bariloche; mientras que el videoclip se concreta en Haedo para luego editarse en San Mart\u00edn de los Andes.<\/p>\n<p>\u00abEl desaf\u00edo fue poder fusionar la dulzura compositiva a trav\u00e9s del rock. El contraste de las guitarras el\u00e9ctricas con el encanto del piano y la melod\u00eda vocal, generan un hermoso paisaje sonoro\u00bb. agrega.<\/p>\n<p><iframe loading=\"lazy\" title=\"YouTube video player\" src=\"https:\/\/www.youtube.com\/embed\/wjObRTwy444?si=D0-RUESUfv1E3ciQ\" width=\"560\" height=\"315\" frameborder=\"0\" allowfullscreen=\"allowfullscreen\"><\/iframe><\/p>\n<p>Lou \u00c1lvarez es una cantautora emergente de la zona oeste del Gran Buenos Aires que compone desde los 8 a\u00f1os y ejecuta sus habilidades en m\u00faltiples instrumentos.<\/p>\n<p>A lo largo de su trayectoria lanza tres materiales discogr\u00e1ficos: Bi, Parte del todo y Abrecaminos. Tambi\u00e9n varios sencillos como: \u00abG\u00e9minis\u00bb (a d\u00fao con Piru S\u00e1ez); \u00abMi Flow\u00bb feat. Cami Camila; \u00abQue se te cuelgue el Maps\u00bb (producci\u00f3n de Emanero); y \u00abTus fotos\u00bb feat Yeii Aviila.<\/p>\n<p>Luego de presentarse en La Trastienda, y girar por M\u00e9xico, trabaja en diferentes formatos que potencian la propuesta en vivo y rompe con sus propios esquemas a trav\u00e9s de \u00abTu Boca\u00bb.<\/p>\n<p>El 2023 la encuentra m\u00e1s que entusiasmada con la reversi\u00f3n del hit noventoso \u00abVete de mi Lado\u00bb, del que participan los Chakales. Le siguen los sencillos de autor\u00eda propia: \u00abDentro de M\u00ed\u00bb y \u00ab31 de diciembre\u00bb junto a Edu Schmidt<\/p>\n<p>Este a\u00f1o asume nuevos desaf\u00edos trasladando su m\u00fasica en vivo a Latinoam\u00e9rica, mientras publica en simult\u00e1neo \u00abLa canci\u00f3n que Merecemos\u00bb en plataformas digitales y el canal de YouTube.<\/p>\n<div style=\"padding-bottom:20px; padding-top:10px;\" class=\"hupso-share-buttons\"><!-- Hupso Share Buttons - https:\/\/www.hupso.com\/share\/ --><a class=\"hupso_counters\" href=\"https:\/\/www.hupso.com\/share\/\"><img decoding=\"async\" src=\"http:\/\/static.hupso.com\/share\/buttons\/lang\/es\/share-small.png\" style=\"border:0px; padding-top:2px; float:left;\" alt=\"Share Button\"\/><\/a><script type=\"text\/javascript\">var hupso_services_c=new Array(\"twitter\",\"facebook_like\",\"google\");var hupso_counters_lang = \"es_LA\";var hupso_image_folder_url = \"\";var hupso_twitter_via=\"crsyvrs\";var hupso_url_c=\"\";<\/script><script type=\"text\/javascript\" src=\"http:\/\/static.hupso.com\/share\/js\/counters.js\"><\/script><!-- Hupso Share Buttons --><\/div> ","protected":false},"excerpt":{"rendered":"<div style=\"padding-bottom:20px; padding-top:10px;\" class=\"hupso-share-buttons\"><!-- Hupso Share Buttons - https:\/\/www.hupso.com\/share\/ --><a class=\"hupso_counters\" href=\"https:\/\/www.hupso.com\/share\/\"><img src=\"http:\/\/static.hupso.com\/share\/buttons\/lang\/es\/share-small.png\" style=\"border:0px; padding-top:2px; float:left;\" alt=\"Share Button\"\/><\/a><script type=\"text\/javascript\">var hupso_services_c=new Array(\"twitter\",\"facebook_like\",\"google\");var hupso_counters_lang = \"es_LA\";var hupso_image_folder_url = \"\";var hupso_twitter_via=\"crsyvrs\";var hupso_url_c=\"\";<\/script><script type=\"text\/javascript\" src=\"http:\/\/static.hupso.com\/share\/js\/counters.js\"><\/script><!-- Hupso Share Buttons --><\/div><p>La artista emergente del oeste del Conurbano deja atr\u00e1s las relaciones que proyectan ideales en este flamante tema. En \u00a0\u201cLa canci\u00f3n que merecemos\u201d, Lou \u00c1lvarez deja atr\u00e1s las relaciones que proyectan ideales y carencias, para transformarse en un amor&#46;&#46;&#46;<\/p>\n<div style=\"padding-bottom:20px; padding-top:10px;\" class=\"hupso-share-buttons\"><!-- Hupso Share Buttons - https:\/\/www.hupso.com\/share\/ --><a class=\"hupso_counters\" href=\"https:\/\/www.hupso.com\/share\/\"><img src=\"http:\/\/static.hupso.com\/share\/buttons\/lang\/es\/share-small.png\" style=\"border:0px; padding-top:2px; float:left;\" alt=\"Share Button\"\/><\/a><script type=\"text\/javascript\">var hupso_services_c=new Array(\"twitter\",\"facebook_like\",\"google\");var hupso_counters_lang = \"es_LA\";var hupso_image_folder_url = \"\";var hupso_twitter_via=\"crsyvrs\";var hupso_url_c=\"\";<\/script><script type=\"text\/javascript\" src=\"http:\/\/static.hupso.com\/share\/js\/counters.js\"><\/script><!-- Hupso Share Buttons --><\/div>","protected":false},"author":5,"featured_media":38433,"comment_status":"closed","ping_status":"closed","sticky":false,"template":"","format":"standard","meta":{"footnotes":""},"categories":[3],"tags":[],"class_list":["post-38431","post","type-post","status-publish","format-standard","has-post-thumbnail","hentry","category-musica"],"_links":{"self":[{"href":"http:\/\/cronicasyversiones.com\/index.php?rest_route=\/wp\/v2\/posts\/38431","targetHints":{"allow":["GET"]}}],"collection":[{"href":"http:\/\/cronicasyversiones.com\/index.php?rest_route=\/wp\/v2\/posts"}],"about":[{"href":"http:\/\/cronicasyversiones.com\/index.php?rest_route=\/wp\/v2\/types\/post"}],"author":[{"embeddable":true,"href":"http:\/\/cronicasyversiones.com\/index.php?rest_route=\/wp\/v2\/users\/5"}],"replies":[{"embeddable":true,"href":"http:\/\/cronicasyversiones.com\/index.php?rest_route=%2Fwp%2Fv2%2Fcomments&post=38431"}],"version-history":[{"count":1,"href":"http:\/\/cronicasyversiones.com\/index.php?rest_route=\/wp\/v2\/posts\/38431\/revisions"}],"predecessor-version":[{"id":38434,"href":"http:\/\/cronicasyversiones.com\/index.php?rest_route=\/wp\/v2\/posts\/38431\/revisions\/38434"}],"wp:featuredmedia":[{"embeddable":true,"href":"http:\/\/cronicasyversiones.com\/index.php?rest_route=\/wp\/v2\/media\/38433"}],"wp:attachment":[{"href":"http:\/\/cronicasyversiones.com\/index.php?rest_route=%2Fwp%2Fv2%2Fmedia&parent=38431"}],"wp:term":[{"taxonomy":"category","embeddable":true,"href":"http:\/\/cronicasyversiones.com\/index.php?rest_route=%2Fwp%2Fv2%2Fcategories&post=38431"},{"taxonomy":"post_tag","embeddable":true,"href":"http:\/\/cronicasyversiones.com\/index.php?rest_route=%2Fwp%2Fv2%2Ftags&post=38431"}],"curies":[{"name":"wp","href":"https:\/\/api.w.org\/{rel}","templated":true}]}}