{"id":38442,"date":"2024-05-10T13:33:36","date_gmt":"2024-05-10T16:33:36","guid":{"rendered":"http:\/\/cronicasyversiones.com\/?p=38442"},"modified":"2024-05-10T13:33:37","modified_gmt":"2024-05-10T16:33:37","slug":"lucas-trosman-grupo-presenta-retratos-de-un-tiempo","status":"publish","type":"post","link":"http:\/\/cronicasyversiones.com\/?p=38442","title":{"rendered":"Lucas Trosman Grupo presenta \u201cRetratos de un tiempo\u201d"},"content":{"rendered":"<div style=\"padding-bottom:20px; padding-top:10px;\" class=\"hupso-share-buttons\"><!-- Hupso Share Buttons - https:\/\/www.hupso.com\/share\/ --><a class=\"hupso_counters\" href=\"https:\/\/www.hupso.com\/share\/\"><img decoding=\"async\" src=\"http:\/\/static.hupso.com\/share\/buttons\/lang\/es\/share-small.png\" style=\"border:0px; padding-top:2px; float:left;\" alt=\"Share Button\"\/><\/a><script type=\"text\/javascript\">var hupso_services_c=new Array(\"twitter\",\"facebook_like\",\"google\");var hupso_counters_lang = \"es_LA\";var hupso_image_folder_url = \"\";var hupso_twitter_via=\"crsyvrs\";var hupso_url_c=\"\";<\/script><script type=\"text\/javascript\" src=\"http:\/\/static.hupso.com\/share\/js\/counters.js\"><\/script><!-- Hupso Share Buttons --><\/div><h2>El primer disco de la formaci\u00f3n liderada por el baterista se presentar\u00e1 en vivo en La Biblioteca Caf\u00e9.<\/h2>\n<p><img loading=\"lazy\" decoding=\"async\" class=\"size-medium wp-image-38443 aligncenter\" src=\"http:\/\/cronicasyversiones.com\/wp-content\/uploads\/2024\/05\/descarga-1-300x200.png\" alt=\"\" width=\"300\" height=\"200\" srcset=\"http:\/\/cronicasyversiones.com\/wp-content\/uploads\/2024\/05\/descarga-1-300x200.png 300w, http:\/\/cronicasyversiones.com\/wp-content\/uploads\/2024\/05\/descarga-1-1024x683.png 1024w, http:\/\/cronicasyversiones.com\/wp-content\/uploads\/2024\/05\/descarga-1-768x512.png 768w, http:\/\/cronicasyversiones.com\/wp-content\/uploads\/2024\/05\/descarga-1-1536x1025.png 1536w, http:\/\/cronicasyversiones.com\/wp-content\/uploads\/2024\/05\/descarga-1.png 1920w\" sizes=\"auto, (max-width: 300px) 100vw, 300px\" \/><\/p>\n<p><strong>Lucas Trosman Grupo<\/strong> presenta <em><strong>\u201cRetratos de un tiempo\u201d,<\/strong><\/em> su primer disco, una obra musical-literaria que estar\u00e1 disponible desde el 17 de mayo en todas las plataformas digitales.<\/p>\n<p>La formaci\u00f3n alista a <strong>Lucas Trosman<\/strong> en bater\u00eda, composici\u00f3n, arreglos y direcci\u00f3n, <strong>Nacho Gazta\u00f1aga<\/strong> en bajo el\u00e9ctrico, <strong>Patricio Guinle<\/strong> en piano y teclados y <strong>Demian Pozzo<\/strong> en guitarra el\u00e9ctrica.<\/p>\n<p>La presentaci\u00f3n oficial ser\u00e1 los domingos 26 de mayo y 9 de junio a las 20.30 en<strong> La Biblioteca Caf\u00e9<\/strong>, en Marcelo T. de Alvear 1155.<\/p>\n<p>El baterista y compositor Lucas Trosman junto a su grupo presentar\u00e1 en estos shows su obra compuesta por un \u00e1lbum de ocho composiciones originales y un libro de nueve relatos. La propuesta puede enmarcarse dentro del jazz contempor\u00e1neo con influencias de la m\u00fasica latinoamericana.<\/p>\n<p>Publicado por el sello Club del Disco, \u00abRETRATOS DE UN TIEMPO\u00bb cont\u00f3 con la participaci\u00f3n del destacado saxofonista Ricardo Cavalli en uno de sus temas.<\/p>\n<p>La banda est\u00e1 integrada por Ignacio Gazta\u00f1aga en bajo el\u00e9ctrico, Patricio Guinle en piano y teclados, Demian Pozzo en guitarra el\u00e9ctrica y Lucas Trosman en bater\u00eda y direcci\u00f3n musical.<\/p>\n<p>De manera simult\u00e1nea se presentar\u00e1 el libro hom\u00f3nimo de relatos breves, publicado por la editorial Merodeo.<\/p>\n<p>Artista inquieto. M\u00fasico por sobre todas las cosas. Baterista, percusionista y flauta dulcista. Docente, compositor, productor y gestor cultural.<\/p>\n<p>Estudi\u00f3 m\u00fasica acad\u00e9mica y antigua en el Conservatorio Manuel de Falla, y hoy se dedica a la m\u00fasica popular latinoamericana y el jazz.<\/p>\n<p>Junto a De Rama en Rama edit\u00f3 \u201cAndando Nom\u00e1s\u201d (2017). Con Vuela Chiringa \u201cTonad\u00ed\u201d (2019) y \u201cCoplas para el Azar\u201d (2023). Particip\u00f3 de numerosos proyectos musicales y en m\u00e1s de 15 trabajos discogr\u00e1ficos.<\/p>\n<p>\u00abRetratos de un tiempo\u201d es una obra musical-literaria compuesta por ocho piezas instrumentales y nueve relatos. Publicado a trav\u00e9s del sello Club del Disco y de la editorial Merodeo, la m\u00fasica est\u00e1 enmarcada dentro del g\u00e9nero Jazz Contempor\u00e1neo con elementos de la m\u00fasica latinoamericana.<\/p>\n<p>El repertorio est\u00e1 compuesto por obras originales de gran despliegue r\u00edtmico con una formaci\u00f3n entre lo el\u00e9ctrico y lo ac\u00fastico. En el track 4 del \u00e1lbum, \u201cEl entusiasmo\u201d, se destaca la presencia de Ricardo Cavalli en saxo tenor como invitado.<\/p>\n<div style=\"padding-bottom:20px; padding-top:10px;\" class=\"hupso-share-buttons\"><!-- Hupso Share Buttons - https:\/\/www.hupso.com\/share\/ --><a class=\"hupso_counters\" href=\"https:\/\/www.hupso.com\/share\/\"><img decoding=\"async\" src=\"http:\/\/static.hupso.com\/share\/buttons\/lang\/es\/share-small.png\" style=\"border:0px; padding-top:2px; float:left;\" alt=\"Share Button\"\/><\/a><script type=\"text\/javascript\">var hupso_services_c=new Array(\"twitter\",\"facebook_like\",\"google\");var hupso_counters_lang = \"es_LA\";var hupso_image_folder_url = \"\";var hupso_twitter_via=\"crsyvrs\";var hupso_url_c=\"\";<\/script><script type=\"text\/javascript\" src=\"http:\/\/static.hupso.com\/share\/js\/counters.js\"><\/script><!-- Hupso Share Buttons --><\/div> ","protected":false},"excerpt":{"rendered":"<div style=\"padding-bottom:20px; padding-top:10px;\" class=\"hupso-share-buttons\"><!-- Hupso Share Buttons - https:\/\/www.hupso.com\/share\/ --><a class=\"hupso_counters\" href=\"https:\/\/www.hupso.com\/share\/\"><img src=\"http:\/\/static.hupso.com\/share\/buttons\/lang\/es\/share-small.png\" style=\"border:0px; padding-top:2px; float:left;\" alt=\"Share Button\"\/><\/a><script type=\"text\/javascript\">var hupso_services_c=new Array(\"twitter\",\"facebook_like\",\"google\");var hupso_counters_lang = \"es_LA\";var hupso_image_folder_url = \"\";var hupso_twitter_via=\"crsyvrs\";var hupso_url_c=\"\";<\/script><script type=\"text\/javascript\" src=\"http:\/\/static.hupso.com\/share\/js\/counters.js\"><\/script><!-- Hupso Share Buttons --><\/div><p>El primer disco de la formaci\u00f3n liderada por el baterista se presentar\u00e1 en vivo en La Biblioteca Caf\u00e9. Lucas Trosman Grupo presenta \u201cRetratos de un tiempo\u201d, su primer disco, una obra musical-literaria que estar\u00e1 disponible desde el 17 de&#46;&#46;&#46;<\/p>\n<div style=\"padding-bottom:20px; padding-top:10px;\" class=\"hupso-share-buttons\"><!-- Hupso Share Buttons - https:\/\/www.hupso.com\/share\/ --><a class=\"hupso_counters\" href=\"https:\/\/www.hupso.com\/share\/\"><img src=\"http:\/\/static.hupso.com\/share\/buttons\/lang\/es\/share-small.png\" style=\"border:0px; padding-top:2px; float:left;\" alt=\"Share Button\"\/><\/a><script type=\"text\/javascript\">var hupso_services_c=new Array(\"twitter\",\"facebook_like\",\"google\");var hupso_counters_lang = \"es_LA\";var hupso_image_folder_url = \"\";var hupso_twitter_via=\"crsyvrs\";var hupso_url_c=\"\";<\/script><script type=\"text\/javascript\" src=\"http:\/\/static.hupso.com\/share\/js\/counters.js\"><\/script><!-- Hupso Share Buttons --><\/div>","protected":false},"author":5,"featured_media":38443,"comment_status":"closed","ping_status":"closed","sticky":false,"template":"","format":"standard","meta":{"footnotes":""},"categories":[3],"tags":[],"class_list":["post-38442","post","type-post","status-publish","format-standard","has-post-thumbnail","hentry","category-musica"],"_links":{"self":[{"href":"http:\/\/cronicasyversiones.com\/index.php?rest_route=\/wp\/v2\/posts\/38442","targetHints":{"allow":["GET"]}}],"collection":[{"href":"http:\/\/cronicasyversiones.com\/index.php?rest_route=\/wp\/v2\/posts"}],"about":[{"href":"http:\/\/cronicasyversiones.com\/index.php?rest_route=\/wp\/v2\/types\/post"}],"author":[{"embeddable":true,"href":"http:\/\/cronicasyversiones.com\/index.php?rest_route=\/wp\/v2\/users\/5"}],"replies":[{"embeddable":true,"href":"http:\/\/cronicasyversiones.com\/index.php?rest_route=%2Fwp%2Fv2%2Fcomments&post=38442"}],"version-history":[{"count":1,"href":"http:\/\/cronicasyversiones.com\/index.php?rest_route=\/wp\/v2\/posts\/38442\/revisions"}],"predecessor-version":[{"id":38444,"href":"http:\/\/cronicasyversiones.com\/index.php?rest_route=\/wp\/v2\/posts\/38442\/revisions\/38444"}],"wp:featuredmedia":[{"embeddable":true,"href":"http:\/\/cronicasyversiones.com\/index.php?rest_route=\/wp\/v2\/media\/38443"}],"wp:attachment":[{"href":"http:\/\/cronicasyversiones.com\/index.php?rest_route=%2Fwp%2Fv2%2Fmedia&parent=38442"}],"wp:term":[{"taxonomy":"category","embeddable":true,"href":"http:\/\/cronicasyversiones.com\/index.php?rest_route=%2Fwp%2Fv2%2Fcategories&post=38442"},{"taxonomy":"post_tag","embeddable":true,"href":"http:\/\/cronicasyversiones.com\/index.php?rest_route=%2Fwp%2Fv2%2Ftags&post=38442"}],"curies":[{"name":"wp","href":"https:\/\/api.w.org\/{rel}","templated":true}]}}