{"id":38461,"date":"2024-05-13T14:22:35","date_gmt":"2024-05-13T17:22:35","guid":{"rendered":"http:\/\/cronicasyversiones.com\/?p=38461"},"modified":"2024-05-13T14:22:35","modified_gmt":"2024-05-13T17:22:35","slug":"los-bicis-presentan-verdad-o-consecuencia-su-nuevo-ep","status":"publish","type":"post","link":"http:\/\/cronicasyversiones.com\/?p=38461","title":{"rendered":"Los Bicis presentan \u00abVerdad o consecuencia\u00bb, su nuevo EP"},"content":{"rendered":"<div style=\"padding-bottom:20px; padding-top:10px;\" class=\"hupso-share-buttons\"><!-- Hupso Share Buttons - https:\/\/www.hupso.com\/share\/ --><a class=\"hupso_counters\" href=\"https:\/\/www.hupso.com\/share\/\"><img decoding=\"async\" src=\"http:\/\/static.hupso.com\/share\/buttons\/lang\/es\/share-small.png\" style=\"border:0px; padding-top:2px; float:left;\" alt=\"Share Button\"\/><\/a><script type=\"text\/javascript\">var hupso_services_c=new Array(\"twitter\",\"facebook_like\",\"google\");var hupso_counters_lang = \"es_LA\";var hupso_image_folder_url = \"\";var hupso_twitter_via=\"crsyvrs\";var hupso_url_c=\"\";<\/script><script type=\"text\/javascript\" src=\"http:\/\/static.hupso.com\/share\/js\/counters.js\"><\/script><!-- Hupso Share Buttons --><\/div><h2>La banda rockera de Moreno mostrar\u00e1 las canciones de su flamante trabajo en Lalala, el reducto ubicado en Villa Ortuzar.<\/h2>\n<p><img loading=\"lazy\" decoding=\"async\" class=\"size-medium wp-image-38462 aligncenter\" src=\"http:\/\/cronicasyversiones.com\/wp-content\/uploads\/2024\/05\/image-300x201.png\" alt=\"\" width=\"300\" height=\"201\" srcset=\"http:\/\/cronicasyversiones.com\/wp-content\/uploads\/2024\/05\/image-300x201.png 300w, http:\/\/cronicasyversiones.com\/wp-content\/uploads\/2024\/05\/image.png 512w\" sizes=\"auto, (max-width: 300px) 100vw, 300px\" \/><\/p>\n<p><strong>Los Bicis<\/strong>, la banda rockera de <strong>Moreno,<\/strong> celebra sus 12 a\u00f1os en la ruta con el lanzamiento de <em><strong>\u201cVerdad o consecuencia\u201d<\/strong><\/em>, su nuevo EP.<\/p>\n<p>Lo presentan en vivo el viernes 17 de mayo a las en <strong>Lalala<\/strong>, en reducto ubicado en Av. Alvarez Thomas 1541, en Villa Ortuzar. Entradas por <a href=\"https:\/\/www.passline.com\/eventos\/1705-bicis-presenta-verdad-o-consecuencia-invitados-mil-viernes\">Passline<\/a>.<\/p>\n<p>&nbsp;<\/p>\n<p><iframe loading=\"lazy\" title=\"YouTube video player\" src=\"https:\/\/www.youtube.com\/embed\/eVDbwpFvmGQ?si=AZBXxVanoEZwLCS-\" width=\"560\" height=\"315\" frameborder=\"0\" allowfullscreen=\"allowfullscreen\"><\/iframe><\/p>\n<p>En su nuevo EP, Los Bicis le proponen al escucha una disyuntiva: elegir qu\u00e9 camino tomar y asumir lo que conlleva esa decisi\u00f3n. <em><strong>\u00abVerdad o Consecuencia\u00bb<\/strong><\/em> se trata de eso, de elegir.<\/p>\n<p>Cuatro canciones nuevas, cuatro caminos muy diversos entre s\u00ed que nos muestran \u00a0todo lo que el grupo tiene para ofrecer en esta nueva etapa.<\/p>\n<p>El camino m\u00e1s Pop de la banda se ve representado en <em><strong>\u00abDisfraz\u00bb,<\/strong><\/em> canci\u00f3n con letra misteriosa, \u00a0perspicaz y cubista, que decide fragmentar y situar al oyente simult\u00e1neamente \u00a0en distintas realidades y tiempos verbales.<\/p>\n<p><em><strong>\u00abLa luna con su rouge\u00bb<\/strong><\/em> explora nuevos territorios en la historia de Los Bicis, plasmando, a trav\u00e9s de riffs de guitarras rockeros, contundentes y en\u00e9rgicos, una poes\u00eda que evoca a los misterios de una civilizaci\u00f3n enrarecida y revela secretos ocultos.<\/p>\n<p><iframe loading=\"lazy\" title=\"YouTube video player\" src=\"https:\/\/www.youtube.com\/embed\/R8QoZfVfwac?si=wEGw53weE0vG3c7T\" width=\"560\" height=\"315\" frameborder=\"0\" allowfullscreen=\"allowfullscreen\"><\/iframe><\/p>\n<p><em><strong>\u00abDrag\u00f3n\u00bb<\/strong><\/em> es sin dudas la balada que la banda nos propone en este nuevo material, con aires de bolero y una met\u00e1fora sobre las tragedias del amor y sus fuegos. Ideas que mantienen lazos contundentes con el cancionero popular argentino.<\/p>\n<p>Por \u00faltimo <em><strong>\u00abEspejo\u00bb<\/strong><\/em> pareciera ser la canci\u00f3n que contiene rasgos de cada uno de los temas que componen<em><strong> \u00abVerdad o Consecuencia\u00bb<\/strong><\/em>; por un lado, la energ\u00eda rock pop caracter\u00edstica de la banda y por otro, algo del v\u00ednculo con la balada a trav\u00e9s de una poes\u00eda que interpreta momentos de la vida cotidiana tal como la intimidad de un llamado telef\u00f3nico, el cantar de las chicharras y la soledad u ocultamiento que existe detr\u00e1s de las ventanas de una habitaci\u00f3n.<\/p>\n<p><em><strong>\u00abVerdad o consecuencia\u00bb<\/strong><\/em> es el nuevo camino que proponen Los Bicis. Un viaje de cuatro canciones que tambi\u00e9n se puede experimentar audiovisualmente, ya que cada uno de estos lugares fue reinterpretado a trav\u00e9s de los videos realizados por Victoria Basterra y Maru Cian. Con planos de c\u00e1mara fija e inspiradas por cada una de estas canciones, nos cuentan cuatro historias distintas \u00a0que reflejan maravillosamente la propuesta de la banda en este nuevo lanzamiento.<\/p>\n<div style=\"padding-bottom:20px; padding-top:10px;\" class=\"hupso-share-buttons\"><!-- Hupso Share Buttons - https:\/\/www.hupso.com\/share\/ --><a class=\"hupso_counters\" href=\"https:\/\/www.hupso.com\/share\/\"><img decoding=\"async\" src=\"http:\/\/static.hupso.com\/share\/buttons\/lang\/es\/share-small.png\" style=\"border:0px; padding-top:2px; float:left;\" alt=\"Share Button\"\/><\/a><script type=\"text\/javascript\">var hupso_services_c=new Array(\"twitter\",\"facebook_like\",\"google\");var hupso_counters_lang = \"es_LA\";var hupso_image_folder_url = \"\";var hupso_twitter_via=\"crsyvrs\";var hupso_url_c=\"\";<\/script><script type=\"text\/javascript\" src=\"http:\/\/static.hupso.com\/share\/js\/counters.js\"><\/script><!-- Hupso Share Buttons --><\/div> ","protected":false},"excerpt":{"rendered":"<div style=\"padding-bottom:20px; padding-top:10px;\" class=\"hupso-share-buttons\"><!-- Hupso Share Buttons - https:\/\/www.hupso.com\/share\/ --><a class=\"hupso_counters\" href=\"https:\/\/www.hupso.com\/share\/\"><img src=\"http:\/\/static.hupso.com\/share\/buttons\/lang\/es\/share-small.png\" style=\"border:0px; padding-top:2px; float:left;\" alt=\"Share Button\"\/><\/a><script type=\"text\/javascript\">var hupso_services_c=new Array(\"twitter\",\"facebook_like\",\"google\");var hupso_counters_lang = \"es_LA\";var hupso_image_folder_url = \"\";var hupso_twitter_via=\"crsyvrs\";var hupso_url_c=\"\";<\/script><script type=\"text\/javascript\" src=\"http:\/\/static.hupso.com\/share\/js\/counters.js\"><\/script><!-- Hupso Share Buttons --><\/div><p>La banda rockera de Moreno mostrar\u00e1 las canciones de su flamante trabajo en Lalala, el reducto ubicado en Villa Ortuzar. Los Bicis, la banda rockera de Moreno, celebra sus 12 a\u00f1os en la ruta con el lanzamiento de \u201cVerdad&#46;&#46;&#46;<\/p>\n<div style=\"padding-bottom:20px; padding-top:10px;\" class=\"hupso-share-buttons\"><!-- Hupso Share Buttons - https:\/\/www.hupso.com\/share\/ --><a class=\"hupso_counters\" href=\"https:\/\/www.hupso.com\/share\/\"><img src=\"http:\/\/static.hupso.com\/share\/buttons\/lang\/es\/share-small.png\" style=\"border:0px; padding-top:2px; float:left;\" alt=\"Share Button\"\/><\/a><script type=\"text\/javascript\">var hupso_services_c=new Array(\"twitter\",\"facebook_like\",\"google\");var hupso_counters_lang = \"es_LA\";var hupso_image_folder_url = \"\";var hupso_twitter_via=\"crsyvrs\";var hupso_url_c=\"\";<\/script><script type=\"text\/javascript\" src=\"http:\/\/static.hupso.com\/share\/js\/counters.js\"><\/script><!-- Hupso Share Buttons --><\/div>","protected":false},"author":5,"featured_media":38462,"comment_status":"closed","ping_status":"closed","sticky":false,"template":"","format":"standard","meta":{"footnotes":""},"categories":[3],"tags":[],"class_list":["post-38461","post","type-post","status-publish","format-standard","has-post-thumbnail","hentry","category-musica"],"_links":{"self":[{"href":"http:\/\/cronicasyversiones.com\/index.php?rest_route=\/wp\/v2\/posts\/38461","targetHints":{"allow":["GET"]}}],"collection":[{"href":"http:\/\/cronicasyversiones.com\/index.php?rest_route=\/wp\/v2\/posts"}],"about":[{"href":"http:\/\/cronicasyversiones.com\/index.php?rest_route=\/wp\/v2\/types\/post"}],"author":[{"embeddable":true,"href":"http:\/\/cronicasyversiones.com\/index.php?rest_route=\/wp\/v2\/users\/5"}],"replies":[{"embeddable":true,"href":"http:\/\/cronicasyversiones.com\/index.php?rest_route=%2Fwp%2Fv2%2Fcomments&post=38461"}],"version-history":[{"count":1,"href":"http:\/\/cronicasyversiones.com\/index.php?rest_route=\/wp\/v2\/posts\/38461\/revisions"}],"predecessor-version":[{"id":38463,"href":"http:\/\/cronicasyversiones.com\/index.php?rest_route=\/wp\/v2\/posts\/38461\/revisions\/38463"}],"wp:featuredmedia":[{"embeddable":true,"href":"http:\/\/cronicasyversiones.com\/index.php?rest_route=\/wp\/v2\/media\/38462"}],"wp:attachment":[{"href":"http:\/\/cronicasyversiones.com\/index.php?rest_route=%2Fwp%2Fv2%2Fmedia&parent=38461"}],"wp:term":[{"taxonomy":"category","embeddable":true,"href":"http:\/\/cronicasyversiones.com\/index.php?rest_route=%2Fwp%2Fv2%2Fcategories&post=38461"},{"taxonomy":"post_tag","embeddable":true,"href":"http:\/\/cronicasyversiones.com\/index.php?rest_route=%2Fwp%2Fv2%2Ftags&post=38461"}],"curies":[{"name":"wp","href":"https:\/\/api.w.org\/{rel}","templated":true}]}}