{"id":38473,"date":"2024-05-15T14:18:25","date_gmt":"2024-05-15T17:18:25","guid":{"rendered":"http:\/\/cronicasyversiones.com\/?p=38473"},"modified":"2024-05-15T14:18:25","modified_gmt":"2024-05-15T17:18:25","slug":"filmarts-estrena-un-documental-sobre-umberto-eco","status":"publish","type":"post","link":"http:\/\/cronicasyversiones.com\/?p=38473","title":{"rendered":"Film&#038;Arts estrena un documental sobre Umberto Eco"},"content":{"rendered":"<div style=\"padding-bottom:20px; padding-top:10px;\" class=\"hupso-share-buttons\"><!-- Hupso Share Buttons - https:\/\/www.hupso.com\/share\/ --><a class=\"hupso_counters\" href=\"https:\/\/www.hupso.com\/share\/\"><img decoding=\"async\" src=\"http:\/\/static.hupso.com\/share\/buttons\/lang\/es\/share-small.png\" style=\"border:0px; padding-top:2px; float:left;\" alt=\"Share Button\"\/><\/a><script type=\"text\/javascript\">var hupso_services_c=new Array(\"twitter\",\"facebook_like\",\"google\");var hupso_counters_lang = \"es_LA\";var hupso_image_folder_url = \"\";var hupso_twitter_via=\"crsyvrs\";var hupso_url_c=\"\";<\/script><script type=\"text\/javascript\" src=\"http:\/\/static.hupso.com\/share\/js\/counters.js\"><\/script><!-- Hupso Share Buttons --><\/div><h2>El film invita a inmiscuirse en la intimidad de uno de los autores y semi\u00f3logos m\u00e1s importantes del siglo XX.<\/h2>\n<p><img loading=\"lazy\" decoding=\"async\" class=\"size-medium wp-image-38474 aligncenter\" src=\"http:\/\/cronicasyversiones.com\/wp-content\/uploads\/2024\/05\/Umberto-Eco-a-library-of-the-world-300x240.jpg\" alt=\"\" width=\"300\" height=\"240\" srcset=\"http:\/\/cronicasyversiones.com\/wp-content\/uploads\/2024\/05\/Umberto-Eco-a-library-of-the-world-300x240.jpg 300w, http:\/\/cronicasyversiones.com\/wp-content\/uploads\/2024\/05\/Umberto-Eco-a-library-of-the-world.jpg 600w\" sizes=\"auto, (max-width: 300px) 100vw, 300px\" \/><\/p>\n<p><strong>Film&amp;Arts<\/strong> presenta un \u00a0documental que invita a inmiscuirse en la intimidad de uno de los autores y semi\u00f3logos m\u00e1s importantes del siglo XX, <strong>Umberto Eco: a library of the world<\/strong>, que podr\u00e1 verse el s\u00e1bado a las 18.30.<\/p>\n<p>Umberto Eco (1932-2016), ensayista, fil\u00f3sofo, soci\u00f3logo y autor de t\u00edtulos como <em><strong>\u00abEl nombre de la rosa\u00bb <\/strong><\/em>y<em><strong> \u00abEl P\u00e9ndulo de Foucault\u00bb<\/strong><\/em>, abre las puertas de su inmensa biblioteca en un documental \u00fanico que busca homenajear su obra con el placer de compartir la lectura y el conocimiento. Para dar una idea de la magnitud, su biblioteca privada cuenta con m\u00e1s de 30.000 libros contempor\u00e1neos y 1.500 libros antiguos.<\/p>\n<p>Tras su fallecimiento, la familia otorg\u00f3 acceso al director Davide Ferrario (Ya entrada la noche, Blood on the Crown), quien hab\u00eda colaborado con Eco en una videoinstalaci\u00f3n en la Bienal de Arte de Venecia en 2015.<\/p>\n<p>Esta idea de filmar la biblioteca antes de ser cedida al Estado italiano dio origen a un ambicioso proyecto: un documental que no solo retrate un lugar extraordinario, sino que tambi\u00e9n explique la vida de Eco y su visi\u00f3n de la biblioteca como una \u00abmemoria del mundo\u00bb.<\/p>\n<div style=\"padding-bottom:20px; padding-top:10px;\" class=\"hupso-share-buttons\"><!-- Hupso Share Buttons - https:\/\/www.hupso.com\/share\/ --><a class=\"hupso_counters\" href=\"https:\/\/www.hupso.com\/share\/\"><img decoding=\"async\" src=\"http:\/\/static.hupso.com\/share\/buttons\/lang\/es\/share-small.png\" style=\"border:0px; padding-top:2px; float:left;\" alt=\"Share Button\"\/><\/a><script type=\"text\/javascript\">var hupso_services_c=new Array(\"twitter\",\"facebook_like\",\"google\");var hupso_counters_lang = \"es_LA\";var hupso_image_folder_url = \"\";var hupso_twitter_via=\"crsyvrs\";var hupso_url_c=\"\";<\/script><script type=\"text\/javascript\" src=\"http:\/\/static.hupso.com\/share\/js\/counters.js\"><\/script><!-- Hupso Share Buttons --><\/div> ","protected":false},"excerpt":{"rendered":"<div style=\"padding-bottom:20px; padding-top:10px;\" class=\"hupso-share-buttons\"><!-- Hupso Share Buttons - https:\/\/www.hupso.com\/share\/ --><a class=\"hupso_counters\" href=\"https:\/\/www.hupso.com\/share\/\"><img src=\"http:\/\/static.hupso.com\/share\/buttons\/lang\/es\/share-small.png\" style=\"border:0px; padding-top:2px; float:left;\" alt=\"Share Button\"\/><\/a><script type=\"text\/javascript\">var hupso_services_c=new Array(\"twitter\",\"facebook_like\",\"google\");var hupso_counters_lang = \"es_LA\";var hupso_image_folder_url = \"\";var hupso_twitter_via=\"crsyvrs\";var hupso_url_c=\"\";<\/script><script type=\"text\/javascript\" src=\"http:\/\/static.hupso.com\/share\/js\/counters.js\"><\/script><!-- Hupso Share Buttons --><\/div><p>El film invita a inmiscuirse en la intimidad de uno de los autores y semi\u00f3logos m\u00e1s importantes del siglo XX. Film&amp;Arts presenta un \u00a0documental que invita a inmiscuirse en la intimidad de uno de los autores y semi\u00f3logos m\u00e1s&#46;&#46;&#46;<\/p>\n<div style=\"padding-bottom:20px; padding-top:10px;\" class=\"hupso-share-buttons\"><!-- Hupso Share Buttons - https:\/\/www.hupso.com\/share\/ --><a class=\"hupso_counters\" href=\"https:\/\/www.hupso.com\/share\/\"><img src=\"http:\/\/static.hupso.com\/share\/buttons\/lang\/es\/share-small.png\" style=\"border:0px; padding-top:2px; float:left;\" alt=\"Share Button\"\/><\/a><script type=\"text\/javascript\">var hupso_services_c=new Array(\"twitter\",\"facebook_like\",\"google\");var hupso_counters_lang = \"es_LA\";var hupso_image_folder_url = \"\";var hupso_twitter_via=\"crsyvrs\";var hupso_url_c=\"\";<\/script><script type=\"text\/javascript\" src=\"http:\/\/static.hupso.com\/share\/js\/counters.js\"><\/script><!-- Hupso Share Buttons --><\/div>","protected":false},"author":5,"featured_media":38474,"comment_status":"closed","ping_status":"closed","sticky":false,"template":"","format":"standard","meta":{"footnotes":""},"categories":[7,6],"tags":[],"class_list":["post-38473","post","type-post","status-publish","format-standard","has-post-thumbnail","hentry","category-literatura","category-radio-y-tv"],"_links":{"self":[{"href":"http:\/\/cronicasyversiones.com\/index.php?rest_route=\/wp\/v2\/posts\/38473","targetHints":{"allow":["GET"]}}],"collection":[{"href":"http:\/\/cronicasyversiones.com\/index.php?rest_route=\/wp\/v2\/posts"}],"about":[{"href":"http:\/\/cronicasyversiones.com\/index.php?rest_route=\/wp\/v2\/types\/post"}],"author":[{"embeddable":true,"href":"http:\/\/cronicasyversiones.com\/index.php?rest_route=\/wp\/v2\/users\/5"}],"replies":[{"embeddable":true,"href":"http:\/\/cronicasyversiones.com\/index.php?rest_route=%2Fwp%2Fv2%2Fcomments&post=38473"}],"version-history":[{"count":1,"href":"http:\/\/cronicasyversiones.com\/index.php?rest_route=\/wp\/v2\/posts\/38473\/revisions"}],"predecessor-version":[{"id":38475,"href":"http:\/\/cronicasyversiones.com\/index.php?rest_route=\/wp\/v2\/posts\/38473\/revisions\/38475"}],"wp:featuredmedia":[{"embeddable":true,"href":"http:\/\/cronicasyversiones.com\/index.php?rest_route=\/wp\/v2\/media\/38474"}],"wp:attachment":[{"href":"http:\/\/cronicasyversiones.com\/index.php?rest_route=%2Fwp%2Fv2%2Fmedia&parent=38473"}],"wp:term":[{"taxonomy":"category","embeddable":true,"href":"http:\/\/cronicasyversiones.com\/index.php?rest_route=%2Fwp%2Fv2%2Fcategories&post=38473"},{"taxonomy":"post_tag","embeddable":true,"href":"http:\/\/cronicasyversiones.com\/index.php?rest_route=%2Fwp%2Fv2%2Ftags&post=38473"}],"curies":[{"name":"wp","href":"https:\/\/api.w.org\/{rel}","templated":true}]}}