{"id":38482,"date":"2024-05-21T13:38:45","date_gmt":"2024-05-21T16:38:45","guid":{"rendered":"http:\/\/cronicasyversiones.com\/?p=38482"},"modified":"2024-05-21T13:41:20","modified_gmt":"2024-05-21T16:41:20","slug":"la-pilarcita-de-maria-marull-en-su-decima-temporada","status":"publish","type":"post","link":"http:\/\/cronicasyversiones.com\/?p=38482","title":{"rendered":"\u201cLa Pilarcita\u201d, de Mar\u00eda Marull, regresa en su d\u00e9cima temporada"},"content":{"rendered":"<div style=\"padding-bottom:20px; padding-top:10px;\" class=\"hupso-share-buttons\"><!-- Hupso Share Buttons - https:\/\/www.hupso.com\/share\/ --><a class=\"hupso_counters\" href=\"https:\/\/www.hupso.com\/share\/\"><img decoding=\"async\" src=\"http:\/\/static.hupso.com\/share\/buttons\/lang\/es\/share-small.png\" style=\"border:0px; padding-top:2px; float:left;\" alt=\"Share Button\"\/><\/a><script type=\"text\/javascript\">var hupso_services_c=new Array(\"twitter\",\"facebook_like\",\"google\");var hupso_counters_lang = \"es_LA\";var hupso_image_folder_url = \"\";var hupso_twitter_via=\"crsyvrs\";var hupso_url_c=\"\";<\/script><script type=\"text\/javascript\" src=\"http:\/\/static.hupso.com\/share\/js\/counters.js\"><\/script><!-- Hupso Share Buttons --><\/div><h2>La obra se estren\u00f3 en 2015 y recorri\u00f3 diversos escenarios y festivales, y ahora sigue en cartel en El Camar\u00edn de las Musas.<\/h2>\n<p><img loading=\"lazy\" decoding=\"async\" class=\"size-medium wp-image-38483 aligncenter\" src=\"http:\/\/cronicasyversiones.com\/wp-content\/uploads\/2024\/05\/pilarcita-300x200.jpg\" alt=\"\" width=\"300\" height=\"200\" srcset=\"http:\/\/cronicasyversiones.com\/wp-content\/uploads\/2024\/05\/pilarcita-300x200.jpg 300w, http:\/\/cronicasyversiones.com\/wp-content\/uploads\/2024\/05\/pilarcita-1024x682.jpg 1024w, http:\/\/cronicasyversiones.com\/wp-content\/uploads\/2024\/05\/pilarcita-768x512.jpg 768w, http:\/\/cronicasyversiones.com\/wp-content\/uploads\/2024\/05\/pilarcita.jpg 1100w\" sizes=\"auto, (max-width: 300px) 100vw, 300px\" \/><\/p>\n<p><em><strong>\u201cLa Pilarcita\u201d<\/strong><\/em>, una obra escrita y dirigida por <strong>Mar\u00eda Marull,<\/strong> sale a escena en su d\u00e9cima temporada los viernes a las 20 en <strong>El Camar\u00edn de las Musas,<\/strong> la sala ubicada en Mario Bravo 960. Entradas por Alternativa.<\/p>\n<p>Algunos creen que un milagro llega de forma inesperada. Otros lo construyen d\u00eda a d\u00eda, casi de manera artesanal.<\/p>\n<p>La Pilarcita, celebrada obra de Mar\u00eda Marull que fue agotando localidades en todas sus funciones desde 2015 en El Camar\u00edn de las Musas, festivales y giras nacionales y en la reapertura del Cine Teatro El Plata perteneciente al Complejo Teatral de Buenos Aires.<\/p>\n<p>Nueve a\u00f1os a sala llena, 600 funciones y m\u00e1s de 50.000 espectadores; ovacionada en todo el pa\u00eds y en Madrid<\/p>\n<p>Act\u00faan: <strong>Agustina Cabo (Celina), Julia Catala (Selva), Mercedes Moltedo (Celeste) y\u00a0 Juli\u00e1n Rodr\u00edguez Rona (Hern\u00e1n).<\/strong><\/p>\n<p>El rol de Celeste en mayo y junio lo realizar\u00e1<strong> Luc\u00eda Maciel,<\/strong> actriz que estren\u00f3 la obra hace diez a\u00f1os.<\/p>\n<div style=\"padding-bottom:20px; padding-top:10px;\" class=\"hupso-share-buttons\"><!-- Hupso Share Buttons - https:\/\/www.hupso.com\/share\/ --><a class=\"hupso_counters\" href=\"https:\/\/www.hupso.com\/share\/\"><img decoding=\"async\" src=\"http:\/\/static.hupso.com\/share\/buttons\/lang\/es\/share-small.png\" style=\"border:0px; padding-top:2px; float:left;\" alt=\"Share Button\"\/><\/a><script type=\"text\/javascript\">var hupso_services_c=new Array(\"twitter\",\"facebook_like\",\"google\");var hupso_counters_lang = \"es_LA\";var hupso_image_folder_url = \"\";var hupso_twitter_via=\"crsyvrs\";var hupso_url_c=\"\";<\/script><script type=\"text\/javascript\" src=\"http:\/\/static.hupso.com\/share\/js\/counters.js\"><\/script><!-- Hupso Share Buttons --><\/div> ","protected":false},"excerpt":{"rendered":"<div style=\"padding-bottom:20px; padding-top:10px;\" class=\"hupso-share-buttons\"><!-- Hupso Share Buttons - https:\/\/www.hupso.com\/share\/ --><a class=\"hupso_counters\" href=\"https:\/\/www.hupso.com\/share\/\"><img src=\"http:\/\/static.hupso.com\/share\/buttons\/lang\/es\/share-small.png\" style=\"border:0px; padding-top:2px; float:left;\" alt=\"Share Button\"\/><\/a><script type=\"text\/javascript\">var hupso_services_c=new Array(\"twitter\",\"facebook_like\",\"google\");var hupso_counters_lang = \"es_LA\";var hupso_image_folder_url = \"\";var hupso_twitter_via=\"crsyvrs\";var hupso_url_c=\"\";<\/script><script type=\"text\/javascript\" src=\"http:\/\/static.hupso.com\/share\/js\/counters.js\"><\/script><!-- Hupso Share Buttons --><\/div><p>La obra se estren\u00f3 en 2015 y recorri\u00f3 diversos escenarios y festivales, y ahora sigue en cartel en El Camar\u00edn de las Musas. \u201cLa Pilarcita\u201d, una obra escrita y dirigida por Mar\u00eda Marull, sale a escena en su d\u00e9cima&#46;&#46;&#46;<\/p>\n<div style=\"padding-bottom:20px; padding-top:10px;\" class=\"hupso-share-buttons\"><!-- Hupso Share Buttons - https:\/\/www.hupso.com\/share\/ --><a class=\"hupso_counters\" href=\"https:\/\/www.hupso.com\/share\/\"><img src=\"http:\/\/static.hupso.com\/share\/buttons\/lang\/es\/share-small.png\" style=\"border:0px; padding-top:2px; float:left;\" alt=\"Share Button\"\/><\/a><script type=\"text\/javascript\">var hupso_services_c=new Array(\"twitter\",\"facebook_like\",\"google\");var hupso_counters_lang = \"es_LA\";var hupso_image_folder_url = \"\";var hupso_twitter_via=\"crsyvrs\";var hupso_url_c=\"\";<\/script><script type=\"text\/javascript\" src=\"http:\/\/static.hupso.com\/share\/js\/counters.js\"><\/script><!-- Hupso Share Buttons --><\/div>","protected":false},"author":5,"featured_media":38483,"comment_status":"closed","ping_status":"closed","sticky":false,"template":"","format":"standard","meta":{"footnotes":""},"categories":[5],"tags":[],"class_list":["post-38482","post","type-post","status-publish","format-standard","has-post-thumbnail","hentry","category-teatro"],"_links":{"self":[{"href":"http:\/\/cronicasyversiones.com\/index.php?rest_route=\/wp\/v2\/posts\/38482","targetHints":{"allow":["GET"]}}],"collection":[{"href":"http:\/\/cronicasyversiones.com\/index.php?rest_route=\/wp\/v2\/posts"}],"about":[{"href":"http:\/\/cronicasyversiones.com\/index.php?rest_route=\/wp\/v2\/types\/post"}],"author":[{"embeddable":true,"href":"http:\/\/cronicasyversiones.com\/index.php?rest_route=\/wp\/v2\/users\/5"}],"replies":[{"embeddable":true,"href":"http:\/\/cronicasyversiones.com\/index.php?rest_route=%2Fwp%2Fv2%2Fcomments&post=38482"}],"version-history":[{"count":3,"href":"http:\/\/cronicasyversiones.com\/index.php?rest_route=\/wp\/v2\/posts\/38482\/revisions"}],"predecessor-version":[{"id":38512,"href":"http:\/\/cronicasyversiones.com\/index.php?rest_route=\/wp\/v2\/posts\/38482\/revisions\/38512"}],"wp:featuredmedia":[{"embeddable":true,"href":"http:\/\/cronicasyversiones.com\/index.php?rest_route=\/wp\/v2\/media\/38483"}],"wp:attachment":[{"href":"http:\/\/cronicasyversiones.com\/index.php?rest_route=%2Fwp%2Fv2%2Fmedia&parent=38482"}],"wp:term":[{"taxonomy":"category","embeddable":true,"href":"http:\/\/cronicasyversiones.com\/index.php?rest_route=%2Fwp%2Fv2%2Fcategories&post=38482"},{"taxonomy":"post_tag","embeddable":true,"href":"http:\/\/cronicasyversiones.com\/index.php?rest_route=%2Fwp%2Fv2%2Ftags&post=38482"}],"curies":[{"name":"wp","href":"https:\/\/api.w.org\/{rel}","templated":true}]}}