{"id":385,"date":"2013-12-20T14:43:16","date_gmt":"2013-12-20T14:43:16","guid":{"rendered":"http:\/\/cronicasyversiones.com\/?p=385"},"modified":"2013-12-20T20:40:30","modified_gmt":"2013-12-20T20:40:30","slug":"murio-nelly-omar-la-gardel-con-polleras","status":"publish","type":"post","link":"http:\/\/cronicasyversiones.com\/?p=385","title":{"rendered":"Muri\u00f3 Nelly Omar, la Gardel con polleras"},"content":{"rendered":"<div style=\"padding-bottom:20px; padding-top:10px;\" class=\"hupso-share-buttons\"><!-- Hupso Share Buttons - https:\/\/www.hupso.com\/share\/ --><a class=\"hupso_counters\" href=\"https:\/\/www.hupso.com\/share\/\"><img decoding=\"async\" src=\"http:\/\/static.hupso.com\/share\/buttons\/lang\/es\/share-small.png\" style=\"border:0px; padding-top:2px; float:left;\" alt=\"Share Button\"\/><\/a><script type=\"text\/javascript\">var hupso_services_c=new Array(\"twitter\",\"facebook_like\",\"google\");var hupso_counters_lang = \"es_LA\";var hupso_image_folder_url = \"\";var hupso_twitter_via=\"crsyvrs\";var hupso_url_c=\"\";<\/script><script type=\"text\/javascript\" src=\"http:\/\/static.hupso.com\/share\/js\/counters.js\"><\/script><!-- Hupso Share Buttons --><\/div><h2>Esta compositora, actriz e int\u00e9rprete argentina de tango y folklore falleci\u00f3 a los 102 a\u00f1os. Fue la musa inspiradora de Homero Manzi para el tango \u00abMalena\u00bb y tuvo el privilegio de ser la cantante en actividad m\u00e1s longeva del mundo.<\/h2>\n<p><a href=\"http:\/\/cronicasyversiones.com\/wp-content\/uploads\/2013\/12\/Nelly2.jpg\"><img loading=\"lazy\" decoding=\"async\" class=\"size-full wp-image-386 aligncenter\" alt=\"Nelly\" src=\"http:\/\/cronicasyversiones.com\/wp-content\/uploads\/2013\/12\/Nelly2.jpg\" width=\"498\" height=\"313\" srcset=\"http:\/\/cronicasyversiones.com\/wp-content\/uploads\/2013\/12\/Nelly2.jpg 1018w, http:\/\/cronicasyversiones.com\/wp-content\/uploads\/2013\/12\/Nelly2-300x188.jpg 300w, http:\/\/cronicasyversiones.com\/wp-content\/uploads\/2013\/12\/Nelly2-624x392.jpg 624w\" sizes=\"auto, (max-width: 498px) 100vw, 498px\" \/><\/a><\/p>\n<p>La inmensa cantora nacional<strong> Nelly Omar<\/strong>, l\u00facida integrante de la generaci\u00f3n que conform\u00f3 el lenguaje del tango y lo lig\u00f3 con la canci\u00f3n, falleci\u00f3 esta ma\u00f1ana en su domicilio a los 102 a\u00f1os.<\/p>\n<p>Omar integr\u00f3 una estirpe dorada de cantantes de la m\u00fasica popular habitada por nombres como los de Tita Merello, Azucena Maizani, Libertad Lamarque y Ada Falc\u00f3n.<\/p>\n<p>Pese a los problemas de salud que la aquejaban y eran propios de la edad, la artista de raigambre peronista a la que se conoci\u00f3 como <strong>\u201cla Gardel con polleras\u201d<\/strong>, festej\u00f3 sus 100 a\u00f1os en noviembre de 2011 con un recital en el Luna Park.<\/p>\n<p>Pero la<strong> \u201ccantora nacional\u201d<\/strong>, como le gustaba ser denominada, no es s\u00f3lo un nombre fundamental de la m\u00fasica popular argentina sino que materializa en la actualidad la pervivencia de una memoria afectiva ligada al primer peronismo.<\/p>\n<p>Protagonista indiscutida de la historia musical de la Argentina y figura legendaria de un pa\u00eds que creci\u00f3 de pronto, cuando supo abrazarse al afecto de los humildes, la artista parece uno de esos personajes llamados a habitar para siempre la memoria inextinguible de su pueblo.<\/p>\n<p>Naci\u00f3 el 10 de septiembre de 1908 como Nilda Elvira Vattuone en la localidad bonaerense de Bonifacio, pero<strong> inscripta y criada en Guamin\u00ed<\/strong>, donde vivi\u00f3 hasta los 11 a\u00f1os, cuando fallece su padre y se traslada a Buenos Aires con su madre y 10 hermanos.<\/p>\n<p>Voz protag\u00f3nica y central del tango y la canci\u00f3n criolla en las d\u00e9cadas del \u00b040 y el \u00b050, su adhesi\u00f3n al peronismo le vali\u00f3 proscripci\u00f3n y listas negras, estando prohibida en radios y teatros luego del golpe de Estado de la autodenominada <strong>Revoluci\u00f3n Libertadora.<\/strong><\/p>\n<p>\u201cEstuve 17 a\u00f1os sin trabajar porque me metieron en una lista negra impuesta por la revoluci\u00f3n fusiladora, por ser peronista de Per\u00f3n y amiga de Evita, una mujer con gran personalidad que se fue demasiado pronto cuando ten\u00eda mucho por hacer\u201d, record\u00f3 a\u00f1os atr\u00e1s en un reportaje con T\u00e9lam a prop\u00f3sito de esa \u00e9poca.<\/p>\n<p>&nbsp;<\/p>\n<div align=\"center\"><object width=\"560\" height=\"315\" classid=\"clsid:d27cdb6e-ae6d-11cf-96b8-444553540000\" codebase=\"http:\/\/download.macromedia.com\/pub\/shockwave\/cabs\/flash\/swflash.cab#version=6,0,40,0\"><param name=\"allowFullScreen\" value=\"true\" \/><param name=\"allowscriptaccess\" value=\"always\" \/><param name=\"src\" value=\"\/\/www.youtube.com\/v\/mQJmZ96rLWs?version=3&amp;hl=es_MX\" \/><param name=\"allowfullscreen\" value=\"true\" \/><embed width=\"560\" height=\"315\" type=\"application\/x-shockwave-flash\" src=\"\/\/www.youtube.com\/v\/mQJmZ96rLWs?version=3&amp;hl=es_MX\" allowFullScreen=\"true\" allowscriptaccess=\"always\" allowfullscreen=\"true\" \/><\/object><\/div>\n<p>&nbsp;<\/p>\n<p>Y agreg\u00f3: \u201cComo feliz o desgraciadamente no ten\u00eda a nadie a quien darle de comer, porque no tengo hijos, me las fui arreglando sola. Pero claro, tuve que vender el piano\u201d.<\/p>\n<p>En 1957 viaj\u00f3 a Montevideo para trabajar en radio y televisi\u00f3n y luego a Venezuela para participar del programa de televisi\u00f3n \u201cEl show de Renny Otolina\u201d, donde actuaba vestida de gaucho, pagando en su cuerpo su cercan\u00eda al gobierno popular y sus recordadas interpretaciones de \u201cLa descamisada\u201d y \u201cEs el pueblo\u201d.<\/p>\n<p>Aunque conoci\u00f3 el trabajo desde los 12 a\u00f1os, cuando se emple\u00f3 en una f\u00e1brica de medias, Omar arranc\u00f3 con la canci\u00f3n a los 17 con la interpretaci\u00f3n de \u201cA mi madre\u201d en<strong> radio Splendid,<\/strong> pero se hizo profesional tiempo m\u00e1s tarde.<\/p>\n<p>En 1934 conforma un d\u00fao con su hermana N\u00e9lida (a quien le \u2018rob\u00f3\u00b0 el sobrenombre) y en 1937 conoce a<strong> Homero Manzi<\/strong> al trabajar juntos en la audici\u00f3n de Radio Belgrano <em><strong>\u201cP\u00e1jaros ausentes\u201d<\/strong><\/em>, que contaba con libretos del poeta, a quien la une un apasionado romance.<\/p>\n<p>Esta relaci\u00f3n se interrumpe cuando, ante la posibilidad del divorcio, la esposa de Manzi intenta suicidarse con un t\u00f3xico, pero queda de ella el registro o la huella que el poeta materializ\u00f3 en la imperecedera<em><strong> \u201cMalena\u201d.<\/strong> <\/em><\/p>\n<p>Bautizada en 1938 en Valent\u00edn Alsina <strong>\u201cla Gardel con polleras\u201d<\/strong>, gracias a una voz pr\u00edstina, un fraseo claro, aguerrido, firme y sin afectaciones ni subrayados.<br \/>\nY la definici\u00f3n viene a cuento de una artista que recorri\u00f3 el tango pero cultiv\u00f3 con igual inter\u00e9s y profundidad la milonga, el vals y el repertorio criollo en un programa musical que no admite oposici\u00f3n entre lo urbano y lo rural y que recoge el gesto de cantores anteriores como <strong>Gardel, Magaldi o Corsini.<\/strong><\/p>\n<p>A Nelly no se le debe s\u00f3lo la convicci\u00f3n inquebrantable de un afecto y una carrera sin dobleces que posterg\u00f3 en tributo a la lealtad sino tambi\u00e9n imperecederas interpretaciones de canciones como \u201cSur\u201d, \u201cAmar y callar\u201d, \u201cEl adi\u00f3s de Gabino Ezeiza\u201d, \u201cDel tiempo de la morocha\u201d y \u201cManoblanca\u201d, entre muchos otros registros.<\/p>\n<p>Pese a los problemas de salud aparejados a su edad y que la llevaron a padecer varias internaciones en el \u00faltimo tiempo, la int\u00e9rprete concret\u00f3 en los a\u00f1os 2005, 2009 y 2011 (cuando celebr\u00f3 su centenario) inolvidables presentaciones en el estadio<strong> Luna Park.<\/strong><\/p>\n<div style=\"padding-bottom:20px; padding-top:10px;\" class=\"hupso-share-buttons\"><!-- Hupso Share Buttons - https:\/\/www.hupso.com\/share\/ --><a class=\"hupso_counters\" href=\"https:\/\/www.hupso.com\/share\/\"><img decoding=\"async\" src=\"http:\/\/static.hupso.com\/share\/buttons\/lang\/es\/share-small.png\" style=\"border:0px; padding-top:2px; float:left;\" alt=\"Share Button\"\/><\/a><script type=\"text\/javascript\">var hupso_services_c=new Array(\"twitter\",\"facebook_like\",\"google\");var hupso_counters_lang = \"es_LA\";var hupso_image_folder_url = \"\";var hupso_twitter_via=\"crsyvrs\";var hupso_url_c=\"\";<\/script><script type=\"text\/javascript\" src=\"http:\/\/static.hupso.com\/share\/js\/counters.js\"><\/script><!-- Hupso Share Buttons --><\/div> ","protected":false},"excerpt":{"rendered":"<div style=\"padding-bottom:20px; padding-top:10px;\" class=\"hupso-share-buttons\"><!-- Hupso Share Buttons - https:\/\/www.hupso.com\/share\/ --><a class=\"hupso_counters\" href=\"https:\/\/www.hupso.com\/share\/\"><img src=\"http:\/\/static.hupso.com\/share\/buttons\/lang\/es\/share-small.png\" style=\"border:0px; padding-top:2px; float:left;\" alt=\"Share Button\"\/><\/a><script type=\"text\/javascript\">var hupso_services_c=new Array(\"twitter\",\"facebook_like\",\"google\");var hupso_counters_lang = \"es_LA\";var hupso_image_folder_url = \"\";var hupso_twitter_via=\"crsyvrs\";var hupso_url_c=\"\";<\/script><script type=\"text\/javascript\" src=\"http:\/\/static.hupso.com\/share\/js\/counters.js\"><\/script><!-- Hupso Share Buttons --><\/div><p>Esta compositora, actriz e int\u00e9rprete argentina de tango y folklore falleci\u00f3 a los 102 a\u00f1os. Fue la musa inspiradora de Homero Manzi para el tango \u00abMalena\u00bb y tuvo el privilegio de ser la cantante en actividad m\u00e1s longeva del&#46;&#46;&#46;<\/p>\n<div style=\"padding-bottom:20px; padding-top:10px;\" class=\"hupso-share-buttons\"><!-- Hupso Share Buttons - https:\/\/www.hupso.com\/share\/ --><a class=\"hupso_counters\" href=\"https:\/\/www.hupso.com\/share\/\"><img src=\"http:\/\/static.hupso.com\/share\/buttons\/lang\/es\/share-small.png\" style=\"border:0px; padding-top:2px; float:left;\" alt=\"Share Button\"\/><\/a><script type=\"text\/javascript\">var hupso_services_c=new Array(\"twitter\",\"facebook_like\",\"google\");var hupso_counters_lang = \"es_LA\";var hupso_image_folder_url = \"\";var hupso_twitter_via=\"crsyvrs\";var hupso_url_c=\"\";<\/script><script type=\"text\/javascript\" src=\"http:\/\/static.hupso.com\/share\/js\/counters.js\"><\/script><!-- Hupso Share Buttons --><\/div>","protected":false},"author":2,"featured_media":386,"comment_status":"open","ping_status":"open","sticky":false,"template":"","format":"standard","meta":{"footnotes":""},"categories":[3],"tags":[16,226,224,222,223,225],"class_list":["post-385","post","type-post","status-publish","format-standard","has-post-thumbnail","hentry","category-musica","tag-cronicas-y-versiones","tag-homero-manzi","tag-la-gardel-en-polleras","tag-murio-nelly-omar","tag-nelly-omar","tag-tango-malena"],"_links":{"self":[{"href":"http:\/\/cronicasyversiones.com\/index.php?rest_route=\/wp\/v2\/posts\/385","targetHints":{"allow":["GET"]}}],"collection":[{"href":"http:\/\/cronicasyversiones.com\/index.php?rest_route=\/wp\/v2\/posts"}],"about":[{"href":"http:\/\/cronicasyversiones.com\/index.php?rest_route=\/wp\/v2\/types\/post"}],"author":[{"embeddable":true,"href":"http:\/\/cronicasyversiones.com\/index.php?rest_route=\/wp\/v2\/users\/2"}],"replies":[{"embeddable":true,"href":"http:\/\/cronicasyversiones.com\/index.php?rest_route=%2Fwp%2Fv2%2Fcomments&post=385"}],"version-history":[{"count":0,"href":"http:\/\/cronicasyversiones.com\/index.php?rest_route=\/wp\/v2\/posts\/385\/revisions"}],"wp:featuredmedia":[{"embeddable":true,"href":"http:\/\/cronicasyversiones.com\/index.php?rest_route=\/wp\/v2\/media\/386"}],"wp:attachment":[{"href":"http:\/\/cronicasyversiones.com\/index.php?rest_route=%2Fwp%2Fv2%2Fmedia&parent=385"}],"wp:term":[{"taxonomy":"category","embeddable":true,"href":"http:\/\/cronicasyversiones.com\/index.php?rest_route=%2Fwp%2Fv2%2Fcategories&post=385"},{"taxonomy":"post_tag","embeddable":true,"href":"http:\/\/cronicasyversiones.com\/index.php?rest_route=%2Fwp%2Fv2%2Ftags&post=385"}],"curies":[{"name":"wp","href":"https:\/\/api.w.org\/{rel}","templated":true}]}}