{"id":38500,"date":"2024-05-20T12:59:35","date_gmt":"2024-05-20T15:59:35","guid":{"rendered":"http:\/\/cronicasyversiones.com\/?p=38500"},"modified":"2024-05-20T12:59:35","modified_gmt":"2024-05-20T15:59:35","slug":"llega-a-la-argentina-el-estreno-top-chef-vip-3","status":"publish","type":"post","link":"http:\/\/cronicasyversiones.com\/?p=38500","title":{"rendered":"Llega a la Argentina el estreno \u201cTop Chef Vip 3\u201d"},"content":{"rendered":"<div style=\"padding-bottom:20px; padding-top:10px;\" class=\"hupso-share-buttons\"><!-- Hupso Share Buttons - https:\/\/www.hupso.com\/share\/ --><a class=\"hupso_counters\" href=\"https:\/\/www.hupso.com\/share\/\"><img decoding=\"async\" src=\"http:\/\/static.hupso.com\/share\/buttons\/lang\/es\/share-small.png\" style=\"border:0px; padding-top:2px; float:left;\" alt=\"Share Button\"\/><\/a><script type=\"text\/javascript\">var hupso_services_c=new Array(\"twitter\",\"facebook_like\",\"google\");var hupso_counters_lang = \"es_LA\";var hupso_image_folder_url = \"\";var hupso_twitter_via=\"crsyvrs\";var hupso_url_c=\"\";<\/script><script type=\"text\/javascript\" src=\"http:\/\/static.hupso.com\/share\/js\/counters.js\"><\/script><!-- Hupso Share Buttons --><\/div><h2>Se trata del el reality de competencia gastron\u00f3mico m\u00e1s importante de Latinoam\u00e9rica, con la conducci\u00f3n de la colombiana Carmen Villalobos.<\/h2>\n<p><img loading=\"lazy\" decoding=\"async\" class=\"size-medium wp-image-38501 aligncenter\" src=\"http:\/\/cronicasyversiones.com\/wp-content\/uploads\/2024\/05\/top-chef-300x240.jpg\" alt=\"\" width=\"300\" height=\"240\" srcset=\"http:\/\/cronicasyversiones.com\/wp-content\/uploads\/2024\/05\/top-chef-300x240.jpg 300w, http:\/\/cronicasyversiones.com\/wp-content\/uploads\/2024\/05\/top-chef.jpg 600w\" sizes=\"auto, (max-width: 300px) 100vw, 300px\" \/><\/p>\n<p><strong>Telemundo Internacional<\/strong> estrena la tercera temporada de <strong>\u201cTop Chef Vip\u201d,<\/strong> \u00a0el reality de competencia gastron\u00f3mico m\u00e1s importante de Latinoam\u00e9rica, este martes a las 20 con la conducci\u00f3n de la colombiana <strong>Carmen Villalobos.<\/strong><\/p>\n<p>En esta tercera temporada, 20 famosos pondr\u00e1n a prueba sus habilidades culinarias y se enfrentar\u00e1n a los retos gastron\u00f3micos m\u00e1s exigentes para demostrar su talento y que tienen lo necesario para ganar el t\u00edtulo de Top Chef y el premio que aumenta para esta nueva entrega 200.000 d\u00f3lares, el doble del otorgado en temporadas anteriores.<\/p>\n<p>Entre los 20 famosos participantes brillan actores y actrices como <strong>Alejandro L\u00f3pez, Alicia Machado, Carolina Tejera, Danka Castro, Gary Centeno, Jason Romo, Jos\u00e9 Mar\u00eda Galeano, Mariana Botas, Mark Tacher, Natalia Ju\u00e1rez y Polo Mor\u00edn.<\/strong><\/p>\n<p>Tambi\u00e9n, actores y cantantes, incluyendo las estrellas<strong> Jos\u00e9 Luis \u00abEl Puma\u00bb Rodr\u00edguez, Daniela Castro, Patricia Navidad<\/strong>, y cantantes como <strong>Diana Reyes, Pancho Uresti, Rosie Rivera, e Ivanna Jim\u00e9nez.<\/strong> Esta temporada tambi\u00e9n cuenta con un astr\u00f3logo, <strong>El Ni\u00f1o Prodigio,<\/strong> y un dise\u00f1ador de moda, <strong>David Salom\u00f3n.<\/strong><\/p>\n<p>Con dos nuevas aclamadas chefs Bel\u00e9n Alonso y Tita (In\u00e9s P\u00e1ez) que se unir\u00e1n al reconocido chef Antonio De Livier, para ser el tr\u00edo de jueces que pondr\u00e1n a prueba las habilidades culinarias de las estrellas participantes en una edici\u00f3n que promete ser la m\u00e1s exigente de todas.<\/p>\n<p>El esperado regreso del reality gastron\u00f3mico ser\u00e1 este martes 21 de mayo a las 20HS ARG en exclusiva para Argentina s\u00f3lo a trav\u00e9s de Telemundo Internacional, y por primera vez en simult\u00e1neo con su transmisi\u00f3n en Estados Unidos.<\/p>\n<div style=\"padding-bottom:20px; padding-top:10px;\" class=\"hupso-share-buttons\"><!-- Hupso Share Buttons - https:\/\/www.hupso.com\/share\/ --><a class=\"hupso_counters\" href=\"https:\/\/www.hupso.com\/share\/\"><img decoding=\"async\" src=\"http:\/\/static.hupso.com\/share\/buttons\/lang\/es\/share-small.png\" style=\"border:0px; padding-top:2px; float:left;\" alt=\"Share Button\"\/><\/a><script type=\"text\/javascript\">var hupso_services_c=new Array(\"twitter\",\"facebook_like\",\"google\");var hupso_counters_lang = \"es_LA\";var hupso_image_folder_url = \"\";var hupso_twitter_via=\"crsyvrs\";var hupso_url_c=\"\";<\/script><script type=\"text\/javascript\" src=\"http:\/\/static.hupso.com\/share\/js\/counters.js\"><\/script><!-- Hupso Share Buttons --><\/div> ","protected":false},"excerpt":{"rendered":"<div style=\"padding-bottom:20px; padding-top:10px;\" class=\"hupso-share-buttons\"><!-- Hupso Share Buttons - https:\/\/www.hupso.com\/share\/ --><a class=\"hupso_counters\" href=\"https:\/\/www.hupso.com\/share\/\"><img src=\"http:\/\/static.hupso.com\/share\/buttons\/lang\/es\/share-small.png\" style=\"border:0px; padding-top:2px; float:left;\" alt=\"Share Button\"\/><\/a><script type=\"text\/javascript\">var hupso_services_c=new Array(\"twitter\",\"facebook_like\",\"google\");var hupso_counters_lang = \"es_LA\";var hupso_image_folder_url = \"\";var hupso_twitter_via=\"crsyvrs\";var hupso_url_c=\"\";<\/script><script type=\"text\/javascript\" src=\"http:\/\/static.hupso.com\/share\/js\/counters.js\"><\/script><!-- Hupso Share Buttons --><\/div><p>Se trata del el reality de competencia gastron\u00f3mico m\u00e1s importante de Latinoam\u00e9rica, con la conducci\u00f3n de la colombiana Carmen Villalobos. Telemundo Internacional estrena la tercera temporada de \u201cTop Chef Vip\u201d, \u00a0el reality de competencia gastron\u00f3mico m\u00e1s importante de Latinoam\u00e9rica,&#46;&#46;&#46;<\/p>\n<div style=\"padding-bottom:20px; padding-top:10px;\" class=\"hupso-share-buttons\"><!-- Hupso Share Buttons - https:\/\/www.hupso.com\/share\/ --><a class=\"hupso_counters\" href=\"https:\/\/www.hupso.com\/share\/\"><img src=\"http:\/\/static.hupso.com\/share\/buttons\/lang\/es\/share-small.png\" style=\"border:0px; padding-top:2px; float:left;\" alt=\"Share Button\"\/><\/a><script type=\"text\/javascript\">var hupso_services_c=new Array(\"twitter\",\"facebook_like\",\"google\");var hupso_counters_lang = \"es_LA\";var hupso_image_folder_url = \"\";var hupso_twitter_via=\"crsyvrs\";var hupso_url_c=\"\";<\/script><script type=\"text\/javascript\" src=\"http:\/\/static.hupso.com\/share\/js\/counters.js\"><\/script><!-- Hupso Share Buttons --><\/div>","protected":false},"author":5,"featured_media":38501,"comment_status":"closed","ping_status":"closed","sticky":false,"template":"","format":"standard","meta":{"footnotes":""},"categories":[6],"tags":[],"class_list":["post-38500","post","type-post","status-publish","format-standard","has-post-thumbnail","hentry","category-radio-y-tv"],"_links":{"self":[{"href":"http:\/\/cronicasyversiones.com\/index.php?rest_route=\/wp\/v2\/posts\/38500","targetHints":{"allow":["GET"]}}],"collection":[{"href":"http:\/\/cronicasyversiones.com\/index.php?rest_route=\/wp\/v2\/posts"}],"about":[{"href":"http:\/\/cronicasyversiones.com\/index.php?rest_route=\/wp\/v2\/types\/post"}],"author":[{"embeddable":true,"href":"http:\/\/cronicasyversiones.com\/index.php?rest_route=\/wp\/v2\/users\/5"}],"replies":[{"embeddable":true,"href":"http:\/\/cronicasyversiones.com\/index.php?rest_route=%2Fwp%2Fv2%2Fcomments&post=38500"}],"version-history":[{"count":1,"href":"http:\/\/cronicasyversiones.com\/index.php?rest_route=\/wp\/v2\/posts\/38500\/revisions"}],"predecessor-version":[{"id":38502,"href":"http:\/\/cronicasyversiones.com\/index.php?rest_route=\/wp\/v2\/posts\/38500\/revisions\/38502"}],"wp:featuredmedia":[{"embeddable":true,"href":"http:\/\/cronicasyversiones.com\/index.php?rest_route=\/wp\/v2\/media\/38501"}],"wp:attachment":[{"href":"http:\/\/cronicasyversiones.com\/index.php?rest_route=%2Fwp%2Fv2%2Fmedia&parent=38500"}],"wp:term":[{"taxonomy":"category","embeddable":true,"href":"http:\/\/cronicasyversiones.com\/index.php?rest_route=%2Fwp%2Fv2%2Fcategories&post=38500"},{"taxonomy":"post_tag","embeddable":true,"href":"http:\/\/cronicasyversiones.com\/index.php?rest_route=%2Fwp%2Fv2%2Ftags&post=38500"}],"curies":[{"name":"wp","href":"https:\/\/api.w.org\/{rel}","templated":true}]}}