{"id":38503,"date":"2024-05-20T13:34:10","date_gmt":"2024-05-20T16:34:10","guid":{"rendered":"http:\/\/cronicasyversiones.com\/?p=38503"},"modified":"2024-05-20T13:34:10","modified_gmt":"2024-05-20T16:34:10","slug":"ludmila-fernandez-y-el-trio-de-alejandro-kalinoski-en-el-cc-nueva-uriarte","status":"publish","type":"post","link":"http:\/\/cronicasyversiones.com\/?p=38503","title":{"rendered":"Ludmila Fernandez y el tr\u00edo de Alejandro Kalinoski, en el CC Nueva Uriarte"},"content":{"rendered":"<div style=\"padding-bottom:20px; padding-top:10px;\" class=\"hupso-share-buttons\"><!-- Hupso Share Buttons - https:\/\/www.hupso.com\/share\/ --><a class=\"hupso_counters\" href=\"https:\/\/www.hupso.com\/share\/\"><img decoding=\"async\" src=\"http:\/\/static.hupso.com\/share\/buttons\/lang\/es\/share-small.png\" style=\"border:0px; padding-top:2px; float:left;\" alt=\"Share Button\"\/><\/a><script type=\"text\/javascript\">var hupso_services_c=new Array(\"twitter\",\"facebook_like\",\"google\");var hupso_counters_lang = \"es_LA\";var hupso_image_folder_url = \"\";var hupso_twitter_via=\"crsyvrs\";var hupso_url_c=\"\";<\/script><script type=\"text\/javascript\" src=\"http:\/\/static.hupso.com\/share\/js\/counters.js\"><\/script><!-- Hupso Share Buttons --><\/div><h2>La cantante saldr\u00e1 a escena con el grupo del destacado pianista con repertorio de cl\u00e1sicos del jazz.<\/h2>\n<p><img loading=\"lazy\" decoding=\"async\" class=\"size-medium wp-image-38504 aligncenter\" src=\"http:\/\/cronicasyversiones.com\/wp-content\/uploads\/2024\/05\/thumbnail_Ludmila-Fernandez-y-Alejandro-Kalinoski-1-300x149.jpg\" alt=\"\" width=\"300\" height=\"149\" srcset=\"http:\/\/cronicasyversiones.com\/wp-content\/uploads\/2024\/05\/thumbnail_Ludmila-Fernandez-y-Alejandro-Kalinoski-1-300x149.jpg 300w, http:\/\/cronicasyversiones.com\/wp-content\/uploads\/2024\/05\/thumbnail_Ludmila-Fernandez-y-Alejandro-Kalinoski-1.jpg 720w\" sizes=\"auto, (max-width: 300px) 100vw, 300px\" \/><\/p>\n<p>La cantante <strong>Ludmila Fernandez<\/strong> junto al tr\u00edo del destacado pianista <strong>Alejandro Kalinoski<\/strong> recorren un amplio repertorio jazzero.<\/p>\n<p>La cita ser\u00e1 el viernes 24 de mayo a las 22.30 en el<strong> Centro Cultural Nueva Uriarte,<\/strong> el reducto ubicado en Uriarte 1289. Entradas $7.000<\/p>\n<p>Junto con Ludmila Fern\u00e1ndez, estar\u00e1n <strong>Alejandro Kalinoski en piano, Santiago Lamisovski en contrabajo y Eloy Michelini en bater\u00eda.<\/strong><\/p>\n<p>Reconocidos por sus s\u00f3lidos recorridos en la escena del jazz local, la cantante Ludmila Fern\u00e1ndez y el pianista Alejandro Kalinovski, siempre inquietos en sus b\u00fasquedas art\u00edsticas y cruces con otras m\u00fasicas, presentan un repertorio elegido especialmente para esta ocasi\u00f3n, que incluir\u00e1 composiciones de Gershwin, Tom Jobim, Cole Porter y Johnny Mercer, entre otros grandes. Diferentes lenguajes enlazados por la sensibilidad y creatividad de su interpretaci\u00f3n.\u00bb<\/p>\n<div style=\"padding-bottom:20px; padding-top:10px;\" class=\"hupso-share-buttons\"><!-- Hupso Share Buttons - https:\/\/www.hupso.com\/share\/ --><a class=\"hupso_counters\" href=\"https:\/\/www.hupso.com\/share\/\"><img decoding=\"async\" src=\"http:\/\/static.hupso.com\/share\/buttons\/lang\/es\/share-small.png\" style=\"border:0px; padding-top:2px; float:left;\" alt=\"Share Button\"\/><\/a><script type=\"text\/javascript\">var hupso_services_c=new Array(\"twitter\",\"facebook_like\",\"google\");var hupso_counters_lang = \"es_LA\";var hupso_image_folder_url = \"\";var hupso_twitter_via=\"crsyvrs\";var hupso_url_c=\"\";<\/script><script type=\"text\/javascript\" src=\"http:\/\/static.hupso.com\/share\/js\/counters.js\"><\/script><!-- Hupso Share Buttons --><\/div> ","protected":false},"excerpt":{"rendered":"<div style=\"padding-bottom:20px; padding-top:10px;\" class=\"hupso-share-buttons\"><!-- Hupso Share Buttons - https:\/\/www.hupso.com\/share\/ --><a class=\"hupso_counters\" href=\"https:\/\/www.hupso.com\/share\/\"><img src=\"http:\/\/static.hupso.com\/share\/buttons\/lang\/es\/share-small.png\" style=\"border:0px; padding-top:2px; float:left;\" alt=\"Share Button\"\/><\/a><script type=\"text\/javascript\">var hupso_services_c=new Array(\"twitter\",\"facebook_like\",\"google\");var hupso_counters_lang = \"es_LA\";var hupso_image_folder_url = \"\";var hupso_twitter_via=\"crsyvrs\";var hupso_url_c=\"\";<\/script><script type=\"text\/javascript\" src=\"http:\/\/static.hupso.com\/share\/js\/counters.js\"><\/script><!-- Hupso Share Buttons --><\/div><p>La cantante saldr\u00e1 a escena con el grupo del destacado pianista con repertorio de cl\u00e1sicos del jazz. La cantante Ludmila Fernandez junto al tr\u00edo del destacado pianista Alejandro Kalinoski recorren un amplio repertorio jazzero. La cita ser\u00e1 el viernes&#46;&#46;&#46;<\/p>\n<div style=\"padding-bottom:20px; padding-top:10px;\" class=\"hupso-share-buttons\"><!-- Hupso Share Buttons - https:\/\/www.hupso.com\/share\/ --><a class=\"hupso_counters\" href=\"https:\/\/www.hupso.com\/share\/\"><img src=\"http:\/\/static.hupso.com\/share\/buttons\/lang\/es\/share-small.png\" style=\"border:0px; padding-top:2px; float:left;\" alt=\"Share Button\"\/><\/a><script type=\"text\/javascript\">var hupso_services_c=new Array(\"twitter\",\"facebook_like\",\"google\");var hupso_counters_lang = \"es_LA\";var hupso_image_folder_url = \"\";var hupso_twitter_via=\"crsyvrs\";var hupso_url_c=\"\";<\/script><script type=\"text\/javascript\" src=\"http:\/\/static.hupso.com\/share\/js\/counters.js\"><\/script><!-- Hupso Share Buttons --><\/div>","protected":false},"author":5,"featured_media":38504,"comment_status":"closed","ping_status":"closed","sticky":false,"template":"","format":"standard","meta":{"footnotes":""},"categories":[3],"tags":[],"class_list":["post-38503","post","type-post","status-publish","format-standard","has-post-thumbnail","hentry","category-musica"],"_links":{"self":[{"href":"http:\/\/cronicasyversiones.com\/index.php?rest_route=\/wp\/v2\/posts\/38503","targetHints":{"allow":["GET"]}}],"collection":[{"href":"http:\/\/cronicasyversiones.com\/index.php?rest_route=\/wp\/v2\/posts"}],"about":[{"href":"http:\/\/cronicasyversiones.com\/index.php?rest_route=\/wp\/v2\/types\/post"}],"author":[{"embeddable":true,"href":"http:\/\/cronicasyversiones.com\/index.php?rest_route=\/wp\/v2\/users\/5"}],"replies":[{"embeddable":true,"href":"http:\/\/cronicasyversiones.com\/index.php?rest_route=%2Fwp%2Fv2%2Fcomments&post=38503"}],"version-history":[{"count":1,"href":"http:\/\/cronicasyversiones.com\/index.php?rest_route=\/wp\/v2\/posts\/38503\/revisions"}],"predecessor-version":[{"id":38505,"href":"http:\/\/cronicasyversiones.com\/index.php?rest_route=\/wp\/v2\/posts\/38503\/revisions\/38505"}],"wp:featuredmedia":[{"embeddable":true,"href":"http:\/\/cronicasyversiones.com\/index.php?rest_route=\/wp\/v2\/media\/38504"}],"wp:attachment":[{"href":"http:\/\/cronicasyversiones.com\/index.php?rest_route=%2Fwp%2Fv2%2Fmedia&parent=38503"}],"wp:term":[{"taxonomy":"category","embeddable":true,"href":"http:\/\/cronicasyversiones.com\/index.php?rest_route=%2Fwp%2Fv2%2Fcategories&post=38503"},{"taxonomy":"post_tag","embeddable":true,"href":"http:\/\/cronicasyversiones.com\/index.php?rest_route=%2Fwp%2Fv2%2Ftags&post=38503"}],"curies":[{"name":"wp","href":"https:\/\/api.w.org\/{rel}","templated":true}]}}