{"id":38611,"date":"2024-06-10T13:45:24","date_gmt":"2024-06-10T16:45:24","guid":{"rendered":"http:\/\/cronicasyversiones.com\/?p=38611"},"modified":"2024-06-10T16:01:34","modified_gmt":"2024-06-10T19:01:34","slug":"luciana-morelli-presenta-words-of-the-wind","status":"publish","type":"post","link":"http:\/\/cronicasyversiones.com\/?p=38611","title":{"rendered":"Luciana Morelli presenta \u00abWords of the wind\u00bb"},"content":{"rendered":"<div style=\"padding-bottom:20px; padding-top:10px;\" class=\"hupso-share-buttons\"><!-- Hupso Share Buttons - https:\/\/www.hupso.com\/share\/ --><a class=\"hupso_counters\" href=\"https:\/\/www.hupso.com\/share\/\"><img decoding=\"async\" src=\"http:\/\/static.hupso.com\/share\/buttons\/lang\/es\/share-small.png\" style=\"border:0px; padding-top:2px; float:left;\" alt=\"Share Button\"\/><\/a><script type=\"text\/javascript\">var hupso_services_c=new Array(\"twitter\",\"facebook_like\",\"google\");var hupso_counters_lang = \"es_LA\";var hupso_image_folder_url = \"\";var hupso_twitter_via=\"crsyvrs\";var hupso_url_c=\"\";<\/script><script type=\"text\/javascript\" src=\"http:\/\/static.hupso.com\/share\/js\/counters.js\"><\/script><!-- Hupso Share Buttons --><\/div><h2>La cantante y compositora argentina radicada en Suiza presenta su tercer \u00e1lbum solista.<\/h2>\n<p><img loading=\"lazy\" decoding=\"async\" class=\"size-medium wp-image-38615 aligncenter\" src=\"http:\/\/cronicasyversiones.com\/wp-content\/uploads\/2024\/06\/1e090ed5-7d45-4ed8-a086-84e1a6c6500c-300x262.jpg\" alt=\"\" width=\"300\" height=\"262\" srcset=\"http:\/\/cronicasyversiones.com\/wp-content\/uploads\/2024\/06\/1e090ed5-7d45-4ed8-a086-84e1a6c6500c-300x262.jpg 300w, http:\/\/cronicasyversiones.com\/wp-content\/uploads\/2024\/06\/1e090ed5-7d45-4ed8-a086-84e1a6c6500c.jpg 720w\" sizes=\"auto, (max-width: 300px) 100vw, 300px\" \/><\/p>\n<p><strong>Luciana Morelli<\/strong>, la cantante y compositora argentina radicada en Suiza, presenta<em><strong> \u00abWords of the wind\u00bb<\/strong><\/em>, su tercer \u00e1lbum solista, editado por Habitable Records y distribuido en Argentina por Club del Disco.<\/p>\n<p>La artista integr\u00f3 con maestr\u00eda y versatilidad sus facetas de int\u00e9rprete, \u00a0compositora y arreglista en su ecl\u00e9ctico nuevo \u00e1lbum<em><strong> \u00abWords of the wind\u00bb,<\/strong><\/em> en el que presenta \u00a0m\u00fasica para distintos ensambles, desde el quinteto de jazz tradicional hasta la combinaci\u00f3n poco habitual -en el \u00e1mbito del jazz- de voz y cuarteto de cuerda o viola y ensamble vocal.<\/p>\n<p><iframe loading=\"lazy\" title=\"YouTube video player\" src=\"https:\/\/www.youtube.com\/embed\/DZyFKiEQmUA?si=coen4vduUHvd6wtN\" width=\"560\" height=\"315\" frameborder=\"0\" allowfullscreen=\"allowfullscreen\"><\/iframe><\/p>\n<p>Las palabras de las poetas <strong>Emily Bront\u00eb, Alejandra Pizarnik, Anne Carson y Robin Myers a<\/strong>lzan vuelo y \u00a0encuentran su expresi\u00f3n musical en la voz y las composiciones de la cantante.<\/p>\n<p>Luciana une narraci\u00f3n, poes\u00eda y ricas armon\u00edas en una colorida paleta de jazz mezclada con sus \u00a0ra\u00edces argentinas, expresando una po\u00e9tica personal y distintiva.<\/p>\n<p>Luciana Morelli es una cantante y compositora argentina radicada en Basilea (Suiza). \u00a0Su m\u00fasica se nutre de una rica paleta de influencias de la m\u00fasica argentina, el jazz, la poes\u00eda sonora y la improvisaci\u00f3n libre.<\/p>\n<p><strong>Luciana Morelli<\/strong> quinteto (2012-2015), fue su primer proyecto como vocalista y compositora, con el que grab\u00f3 su primer disco,<strong> \u00abMandala\u00bb<\/strong> (2014) de standards de jazz y composiciones propias.<\/p>\n<p><iframe loading=\"lazy\" title=\"YouTube video player\" src=\"https:\/\/www.youtube.com\/embed\/DlZxd8IWGPU?si=dvvrtIfIlNqobJHG\" width=\"560\" height=\"315\" frameborder=\"0\" allowfullscreen=\"allowfullscreen\"><\/iframe><\/p>\n<p>Luciana se caracteriza por una gran versatilidad como int\u00e9rprete, productora, compositora y arreglista, as\u00ed como por su curiosidad por entablar di\u00e1logos con otras artes, a trav\u00e9s de la performance, instalaciones sonoras o la composici\u00f3n para teatro, siendo su \u00faltimo trabajo la m\u00fasica de <em><strong>\u00abSuyay\u00bb<\/strong><\/em>, de Pilar Ruiz (2020 &#8211; 2023).<\/p>\n<p>Actualmente, dirige su propio proyecto como cantante y compositora, \u201cLuciana Morelli grupo\u201d, con el cual ha publicado su segundo \u00e1lbum como l\u00edder de banda \u201cLo abismal, el agua\u201d (ears&amp;eyes records, 2021), en el que cuenta la historia de su viaje a Suiza, no s\u00f3lo con sus letras, sino tambi\u00e9n con su voz y sus arreglos, tendiendo un puente entre sus ra\u00edces musicales argentinas y el jazz.<\/p>\n<p>El \u00e1lbum recibi\u00f3 muy buenas cr\u00edticas en revistas y blogs como Jazz N More (Suiza), SKJazz (Slovakia), entre otros, y fue elegido \u00ab\u00c1lbum de la Semana\u00bb por NQ Jazz (Reino Unido) y por el programa de radio \u00abJazz am Sunntig\u00bb (Radio RaBe, Suiza).<\/p>\n<p>Tambi\u00e9n form\u00f3 parte de la selecci\u00f3n de octubre de Club del Disco (Argentina), y se ha emitido en programas de radio internacionales como Radio Swiss Jazz (Suiza), Jazzkultura (Polonia), WDR (Alemania), NDR (Alemania) y Radio Nacional (Argentina), entre otros.<\/p>\n<p>En 2022-23 Luciana y su banda salieron de gira y tocaron en varios lugares de Argentina, Suiza,<\/p>\n<p>Francia (Festival Jazz \u00e1 la Cit\u00e8, Par\u00eds) y Alemania con una muy buena acogida por parte del \u00a0p\u00fablico y la prensa.<\/p>\n<p>En junio de 2024 lanza<em><strong> \u00abWords of the wind\u00bb,<\/strong><\/em> su tercer \u00e1lbum solista, editado por el sello portugu\u00e9s Habitable Records.<\/p>\n<div style=\"padding-bottom:20px; padding-top:10px;\" class=\"hupso-share-buttons\"><!-- Hupso Share Buttons - https:\/\/www.hupso.com\/share\/ --><a class=\"hupso_counters\" href=\"https:\/\/www.hupso.com\/share\/\"><img decoding=\"async\" src=\"http:\/\/static.hupso.com\/share\/buttons\/lang\/es\/share-small.png\" style=\"border:0px; padding-top:2px; float:left;\" alt=\"Share Button\"\/><\/a><script type=\"text\/javascript\">var hupso_services_c=new Array(\"twitter\",\"facebook_like\",\"google\");var hupso_counters_lang = \"es_LA\";var hupso_image_folder_url = \"\";var hupso_twitter_via=\"crsyvrs\";var hupso_url_c=\"\";<\/script><script type=\"text\/javascript\" src=\"http:\/\/static.hupso.com\/share\/js\/counters.js\"><\/script><!-- Hupso Share Buttons --><\/div> ","protected":false},"excerpt":{"rendered":"<div style=\"padding-bottom:20px; padding-top:10px;\" class=\"hupso-share-buttons\"><!-- Hupso Share Buttons - https:\/\/www.hupso.com\/share\/ --><a class=\"hupso_counters\" href=\"https:\/\/www.hupso.com\/share\/\"><img src=\"http:\/\/static.hupso.com\/share\/buttons\/lang\/es\/share-small.png\" style=\"border:0px; padding-top:2px; float:left;\" alt=\"Share Button\"\/><\/a><script type=\"text\/javascript\">var hupso_services_c=new Array(\"twitter\",\"facebook_like\",\"google\");var hupso_counters_lang = \"es_LA\";var hupso_image_folder_url = \"\";var hupso_twitter_via=\"crsyvrs\";var hupso_url_c=\"\";<\/script><script type=\"text\/javascript\" src=\"http:\/\/static.hupso.com\/share\/js\/counters.js\"><\/script><!-- Hupso Share Buttons --><\/div><p>La cantante y compositora argentina radicada en Suiza presenta su tercer \u00e1lbum solista. Luciana Morelli, la cantante y compositora argentina radicada en Suiza, presenta \u00abWords of the wind\u00bb, su tercer \u00e1lbum solista, editado por Habitable Records y distribuido en&#46;&#46;&#46;<\/p>\n<div style=\"padding-bottom:20px; padding-top:10px;\" class=\"hupso-share-buttons\"><!-- Hupso Share Buttons - https:\/\/www.hupso.com\/share\/ --><a class=\"hupso_counters\" href=\"https:\/\/www.hupso.com\/share\/\"><img src=\"http:\/\/static.hupso.com\/share\/buttons\/lang\/es\/share-small.png\" style=\"border:0px; padding-top:2px; float:left;\" alt=\"Share Button\"\/><\/a><script type=\"text\/javascript\">var hupso_services_c=new Array(\"twitter\",\"facebook_like\",\"google\");var hupso_counters_lang = \"es_LA\";var hupso_image_folder_url = \"\";var hupso_twitter_via=\"crsyvrs\";var hupso_url_c=\"\";<\/script><script type=\"text\/javascript\" src=\"http:\/\/static.hupso.com\/share\/js\/counters.js\"><\/script><!-- Hupso Share Buttons --><\/div>","protected":false},"author":5,"featured_media":38615,"comment_status":"closed","ping_status":"closed","sticky":false,"template":"","format":"standard","meta":{"footnotes":""},"categories":[3],"tags":[],"class_list":["post-38611","post","type-post","status-publish","format-standard","has-post-thumbnail","hentry","category-musica"],"_links":{"self":[{"href":"http:\/\/cronicasyversiones.com\/index.php?rest_route=\/wp\/v2\/posts\/38611","targetHints":{"allow":["GET"]}}],"collection":[{"href":"http:\/\/cronicasyversiones.com\/index.php?rest_route=\/wp\/v2\/posts"}],"about":[{"href":"http:\/\/cronicasyversiones.com\/index.php?rest_route=\/wp\/v2\/types\/post"}],"author":[{"embeddable":true,"href":"http:\/\/cronicasyversiones.com\/index.php?rest_route=\/wp\/v2\/users\/5"}],"replies":[{"embeddable":true,"href":"http:\/\/cronicasyversiones.com\/index.php?rest_route=%2Fwp%2Fv2%2Fcomments&post=38611"}],"version-history":[{"count":2,"href":"http:\/\/cronicasyversiones.com\/index.php?rest_route=\/wp\/v2\/posts\/38611\/revisions"}],"predecessor-version":[{"id":38616,"href":"http:\/\/cronicasyversiones.com\/index.php?rest_route=\/wp\/v2\/posts\/38611\/revisions\/38616"}],"wp:featuredmedia":[{"embeddable":true,"href":"http:\/\/cronicasyversiones.com\/index.php?rest_route=\/wp\/v2\/media\/38615"}],"wp:attachment":[{"href":"http:\/\/cronicasyversiones.com\/index.php?rest_route=%2Fwp%2Fv2%2Fmedia&parent=38611"}],"wp:term":[{"taxonomy":"category","embeddable":true,"href":"http:\/\/cronicasyversiones.com\/index.php?rest_route=%2Fwp%2Fv2%2Fcategories&post=38611"},{"taxonomy":"post_tag","embeddable":true,"href":"http:\/\/cronicasyversiones.com\/index.php?rest_route=%2Fwp%2Fv2%2Ftags&post=38611"}],"curies":[{"name":"wp","href":"https:\/\/api.w.org\/{rel}","templated":true}]}}